{"id":97720,"date":"2025-04-14T01:01:13","date_gmt":"2025-04-14T07:01:13","guid":{"rendered":"https:\/\/losperiodistas.com.mx\/portal\/?p=97720"},"modified":"2025-04-14T01:04:28","modified_gmt":"2025-04-14T07:04:28","slug":"dieciseis-libros-para-comprender-el-universo-vargas-llosa-la-novela-mayor-y-el-ensayo-incisivo-el-cultural","status":"publish","type":"post","link":"https:\/\/losperiodistas.com.mx\/portal\/dieciseis-libros-para-comprender-el-universo-vargas-llosa-la-novela-mayor-y-el-ensayo-incisivo-el-cultural\/","title":{"rendered":"Diecis\u00e9is libros para comprender el universo Vargas Llosa: la novela mayor y el ensayo incisivo | El Cultural"},"content":{"rendered":"\n<h2 class=\"wp-block-heading\">Desde &#8216;La ciudad y los perros&#8217; hasta &#8216;Le dedico mi silencio&#8217;, su \u00faltima novela, recorremos una trayectoria repleta de t\u00edtulos inolvidables.<\/h2>\n\n\n\n<h2 class=\"wp-block-heading has-medium-font-size\"><strong>M\u00e1s informaci\u00f3n:<\/strong>&nbsp;<a href=\"https:\/\/www.elespanol.com\/el-cultural\/letras\/20250414\/muere-anos-mario-vargas-llosa-ultimo-premio-nobel-literatura-lengua-espana-kw\/776172643_0.html?utm_cmp_rs=subtitle\">Muere a los 89 a\u00f1os Mario Vargas Llosa, el \u00faltimo Premio Nobel de Literatura en lengua espa\u00f1ola<\/a><\/h2>\n\n\n\n<figure class=\"wp-block-image size-large\"><img fetchpriority=\"high\" decoding=\"async\" width=\"1024\" height=\"576\" src=\"https:\/\/losperiodistas.com.mx\/portal\/wp-content\/uploads\/2025\/04\/844426058_241170323_1706x960-1024x576.jpeg\" alt=\"\" class=\"wp-image-97721\" srcset=\"https:\/\/losperiodistas.com.mx\/portal\/wp-content\/uploads\/2025\/04\/844426058_241170323_1706x960-1024x576.jpeg 1024w, https:\/\/losperiodistas.com.mx\/portal\/wp-content\/uploads\/2025\/04\/844426058_241170323_1706x960-300x169.jpeg 300w, https:\/\/losperiodistas.com.mx\/portal\/wp-content\/uploads\/2025\/04\/844426058_241170323_1706x960-768x432.jpeg 768w, https:\/\/losperiodistas.com.mx\/portal\/wp-content\/uploads\/2025\/04\/844426058_241170323_1706x960-1536x864.jpeg 1536w, https:\/\/losperiodistas.com.mx\/portal\/wp-content\/uploads\/2025\/04\/844426058_241170323_1706x960.jpeg 1706w\" sizes=\"(max-width: 1024px) 100vw, 1024px\" \/><\/figure>\n\n\n\n<p class=\"has-vivid-red-color has-text-color has-link-color has-medium-font-size wp-elements-1abaa2a536e062009794cfd6c381e7a6\"><strong><a href=\"https:\/\/www.elespanol.com\/autor\/nuria-azancot\/?utm_cmp_rs=authorpage\">Nuria Azancot<\/a> \/ El Cultural<\/strong><\/p>\n\n\n\n<p id=\"paragraph_1\">Las grandes obras de&nbsp;<a href=\"https:\/\/www.elespanol.com\/el-cultural\/opinion\/primera_palabra_luis_maria_anson\/20240304\/mario-vargas-llosa-novelista-explica-paso-socialismo-liberalismo\/836796329_13.html?utm_cmp_rs=linksinline\"><strong>Mario Vargas Llosa<\/strong><\/a>&nbsp;se concentran en las d\u00e9cadas de los 60 y los 70 del siglo XX. No obstante, hay t\u00edtulos como&nbsp;<em>La fiesta del Chivo<\/em>, publicado en 2006, que engrandecieron la obra magna del novelista peruano, fallecido este domingo a los 89 a\u00f1os, y acaso contribuyeron al reconocimiento mayor de las letras: el&nbsp;<strong>Premio Nobel de Literatura<\/strong>, designaci\u00f3n que lleg\u00f3 en 2010. M\u00e1s all\u00e1 de novelas como&nbsp;<em>La ciudad y los perros<\/em>,&nbsp;<em>La Casa Verde<\/em>,&nbsp;<em>Conversaci\u00f3n en La Catedral<\/em>&nbsp;o&nbsp;<em>Pantale\u00f3n y las visitadoras<\/em>, el obstinado opinador que fue Vargas Llosa realiz\u00f3 ensayos de profunda agudeza y certeros an\u00e1lisis.<\/p>\n\n\n\n<h3 class=\"wp-block-heading\">Ficci\u00f3n<\/h3>\n\n\n\n<p id=\"paragraph_2\"><strong><em>Los jefes<\/em>, 1959<\/strong><\/p>\n\n\n\n<p id=\"paragraph_3\">De Bolsillo, 2015<\/p>\n\n\n\n<p id=\"paragraph_4\">Publicado en 1957 en forma de separata en la revista&nbsp;<em>Mercurio Peruano<\/em>, fue&nbsp;<strong>el primer relato del Nobel<\/strong>, y dio t\u00edtulo a un volumen de cuentos que se edit\u00f3 dos a\u00f1os despu\u00e9s. El relato principal est\u00e1 basado en un hecho real: cuando Vargas Llosa era un adolescente y estaba interno en el colegio San Miguel de Piura, los responsables del centro decidieron que los ex\u00e1menes se celebrasen de improviso, por lo que el joven Vargas encabez\u00f3&nbsp;<strong>una rebeli\u00f3n estudiantil<\/strong>.<\/p>\n\n\n\n<p id=\"paragraph_5\"><strong><em>La ciudad y los perros<\/em>, 1962<\/strong><\/p>\n\n\n\n<p id=\"paragraph_6\">Alfaguara, 2016<\/p>\n\n\n\n<p id=\"paragraph_7\">Considerada&nbsp;<strong>la primera novela del&nbsp;<em>boom<\/em><\/strong>,&nbsp;<em>La ciudad y los perros<\/em>&nbsp;fue tambi\u00e9n la \u00f3pera prima del narrador peruano. Inspirado en su experiencia en el colegio Leoncio Prado, Vargas Llosa narra las desventuras de un grupo de j\u00f3venes que estudian los tres \u00faltimos cursos de secundaria en una academia militar. Las novatadas y la crueldad de los veteranos lleva a algunos de los nuevos alumnos, liderados por el&nbsp;<strong>\u00abJaguar\u00bb<\/strong>, a vengarse. En un ambiente de impunidad, los muchachos del \u00abC\u00edrculo\u00bb maltratan y torturan a algunos de sus compa\u00f1eros. La muerte de uno de los cadetes, nada accidental, tendr\u00e1 dram\u00e1ticas consecuencias.<\/p>\n\n\n\n<p id=\"paragraph_8\"><strong><em>La casa verde<\/em>, 1966<\/strong><\/p>\n\n\n\n<p id=\"paragraph_9\">DeBolsillo, 2015<\/p>\n\n\n\n<p id=\"paragraph_10\">La segunda novela de Vargas Llosa, que muestra la consolidaci\u00f3n de las innovaciones narrativas apuntadas en la novela anterior, transcurre en el desierto de Piura y en Santa Mar\u00eda de Nieva, una misi\u00f3n religiosa perdida en la Amazon\u00eda. En ellas confluyen las historias de los tres protagonistas del libro: don Anselmo, fundador de&nbsp;<strong>un prost\u00edbulo llamado La Casa Verde<\/strong>; Lituma, un manganche, cliente habitual del lupanar; y Fushie, un contrabandista de origen brasile\u00f1o-japon\u00e9s: de sus pendencias, desencuentros y tragedias da cuenta este relato fascinante.<\/p>\n\n\n\n<p id=\"paragraph_11\"><strong><em>Los cachorros<\/em>, 1967<\/strong><\/p>\n\n\n\n<p id=\"paragraph_12\">C\u00e1tedra, 2010<\/p>\n\n\n\n<p id=\"paragraph_13\">A partir de un hecho real, la emasculaci\u00f3n de un muchacho atacado por el perro del colegio donde estudiaba, Vargas Llosa recrea en este relato la historia de Cuellar, un muchacho de la alta sociedad lime\u00f1a, que destaca en los estudios y los deportes, y es apreciado por sus compa\u00f1eros, hasta que<strong>&nbsp;Judas, el perro del colegio, lo ataca ferozmente causando su castraci\u00f3n<\/strong>. El mundo del joven se desmorona, al tiempo que se convierte en otro para familiares, amigos y compa\u00f1eros.<\/p>\n\n\n\n<p id=\"paragraph_14\"><strong><em>Conversaci\u00f3n en La Catedral<\/em>, 1969<\/strong><\/p>\n\n\n\n<p id=\"paragraph_15\">Debolsillo, 2015<\/p>\n\n\n\n<p id=\"paragraph_16\">Escrita entre Par\u00eds, Lima, Washington, Londres y Puerto Rico,&nbsp;<strong>la tercera novela de Vargas Llosa es la que \u00absalvar\u00eda del fuego\u00bb si fuese preciso elegir solo una<\/strong>. En ella encontramos un retrato de la sociedad peruana de los 50, sometida a la dictadura del general Manuel Odria y marcada por la falta de libertades, la violencia impune y la corrupci\u00f3n. Santiago Zavala, su joven protagonista, refleja la decepci\u00f3n del propio narrador ante la realidad de su pa\u00eds, al punto de preguntarse: \u00ab\u00bfEn qu\u00e9 momento se hab\u00eda jodido el Per\u00fa?\u00bb.<\/p>\n\n\n\n<p id=\"paragraph_17\"><strong><em>Pantale\u00f3n y las visitadoras<\/em>, 1973<\/strong><\/p>\n\n\n\n<p id=\"paragraph_18\">Alfaguara, 2015<\/p>\n\n\n\n<p id=\"paragraph_19\">Con una primera edici\u00f3n excepcional para la \u00e9poca de 100.000 ejemplares, narra los quebraderos de cabeza del capit\u00e1n Pantale\u00f3n Pantoja cuando el alto mando le encarga que se ocupe de la vida sexual de los soldados de las guarniciones de Iquitos, en la Amazon\u00eda. Como las tropas, a falta de esposas y novias, se dedican a&nbsp;<strong>violar a las nativas de los poblados<\/strong>. Pantale\u00f3n organizar\u00e1 un prost\u00edbulo tras reclutar a unas \u00abvisitadoras\u00bb al servicio de la soldadesca. Mientras cumple las \u00f3rdenes, \u00e9l mismo sufrir\u00e1 una evoluci\u00f3n irreversible.<\/p>\n\n\n\n<p id=\"paragraph_20\"><strong><em>La t\u00eda Julia y el escribidor<\/em>, 1977<\/strong><\/p>\n\n\n\n<p id=\"paragraph_21\">Alfaguara, 2023<\/p>\n\n\n\n<p id=\"paragraph_22\">De claro contenido autobiogr\u00e1fico, se trata de la historia de Mario,<strong>&nbsp;un adolescente aspirante a escritor que se enamora de su t\u00eda pol\u00edtica Julia Urquidi<\/strong>, divorciada y catorce a\u00f1os mayor que \u00e9l, lo que provoca un hondo conflicto familiar acentuado cuando los amantes deciden casarse. Esta novela de amores dif\u00edciles retrata tambi\u00e9n las desventuras de Pedro Camacho, amigo y compa\u00f1ero de trabajo de Marito. A\u00f1os despu\u00e9s, la tercera protagonista de la historia, Julia Urquidi, ofrecer\u00eda su versi\u00f3n de lo ocurrido en&nbsp;<em>Lo que Varguitas no dijo<\/em>&nbsp;(1983).<\/p>\n\n\n\n<p id=\"paragraph_23\"><strong><em>La guerra del fin del mundo<\/em>, 1981<\/strong><\/p>\n\n\n\n<p id=\"paragraph_24\">De Bolsillo, 2015<\/p>\n\n\n\n<p id=\"paragraph_25\">Considerada una de las obras maestras de Vargas Llosa, la novela recrea&nbsp;<strong>la guerra de los Canudos<\/strong>, que enfrent\u00f3 a finales del siglo XIX dos modos de vida, el de los campesinos o yagunzos, y el militar, que defend\u00eda los intereses de las oligarqu\u00edas de la reci\u00e9n nacida rep\u00fablica brasile\u00f1a. Primera de las novelas del Nobel que transcurre fuera de Per\u00fa, retrata de manera prodigiosa&nbsp;<strong>las pasiones irracionales del Brasil finisecular<\/strong>. Quiz\u00e1 por eso, el escritor afirm\u00f3 que \u201cesta novela me hizo vivir una de las aventuras literarias m\u00e1s ricas y exaltantes\u201d de su vida.<\/p>\n\n\n\n<p id=\"paragraph_26\"><em><strong>Elogio de la madrastra<\/strong><\/em><\/p>\n\n\n\n<p id=\"paragraph_27\">Tusquets, 1988<\/p>\n\n\n\n<p id=\"paragraph_28\">Descarnada, juguetona y sensual,&nbsp;<strong>la primera novela er\u00f3tica<\/strong>&nbsp;del peruano trata los amores de Lucrecia y Rigoberto, un matrimonio burgu\u00e9s convencional, que practica el sexo de forma repetida a lo largo de la novela, manteniendo unas relaciones fr\u00edvolas, l\u00fadicas y divertidas. Al mismo tiempo, Lucrecia y su hijastro Fonchito se comportan como si entre ellos el incesto fuese inevitable. La trama, rebosante de imaginaci\u00f3n, deseo y exaltaci\u00f3n del placer, relaciona el sexo con cuadros famosos, como&nbsp;<em>Diana despu\u00e9s de su ba\u00f1o<\/em>&nbsp;de&nbsp;<strong>Fran\u00e7ois Boucher<\/strong>&nbsp;o&nbsp;<em>Cabeza I<\/em>&nbsp;de&nbsp;<a href=\"https:\/\/www.elespanol.com\/el-cultural\/arte\/20160930\/magnifico-loco-llamado-francis-bacon\/159485167_0.html?utm_cmp_rs=linksinline\"><strong>Francis Bacon<\/strong><\/a>.<\/p>\n\n\n\n<p id=\"paragraph_29\"><em><strong>Lituma en los Andes<\/strong><\/em><\/p>\n\n\n\n<p id=\"paragraph_30\">Planeta, 1993<\/p>\n\n\n\n<p id=\"paragraph_31\">Galardonada con el&nbsp;<strong>Premio Planeta<\/strong>, la novela narra las peripecias del cabo Lituma y su adjunto Tom\u00e1s en un campamento minero de las monta\u00f1as del Per\u00fa. En territorio casi enemigo y bajo la constante amenaza de&nbsp;<strong>los guerrilleros de Sendero Luminoso<\/strong>, los protagonistas se enfrentan a misterios sorprendentes como las desapariciones inexplicables de algunos campesinos; est\u00e1 tambi\u00e9n la historia \u00edntima de estos personajes, sobre todo la de un antiguo amor de Tom\u00e1s, que se va contando en forma de episodios intercalados como un contrapunto de recuerdos al drama colectivo en este libro esencial.<\/p>\n\n\n\n<p id=\"paragraph_32\"><em><strong>La fiesta del Chivo<\/strong><\/em><\/p>\n\n\n\n<p id=\"paragraph_33\">Alfaguara, 2006<\/p>\n\n\n\n<p id=\"paragraph_34\">Considerada como&nbsp;<strong>la \u00faltima gran novela de Mario Vargas Llosa<\/strong>,&nbsp;<em>La fiesta del Chivo<\/em>&nbsp;es bastante m\u00e1s que&nbsp;<strong>la historia del magnicidio que acab\u00f3 con el sanguinario dictador dominicano Le\u00f3nidas Trujillo<\/strong>, apodado El Chivo. La acci\u00f3n comienza en 1961, cuando Irania visita a su padre en un Santo Domingo sometido a los crueles caprichos de Trujillo y muestra c\u00f3mo se va fraguando la conspiraci\u00f3n que acabar\u00e1 llevando a la isla a la democracia, a pesar del miedo, la cobard\u00eda y el silencio c\u00f3mplice de casi todos.<\/p>\n\n\n\n<p id=\"paragraph_35\"><strong><em>Le dedico mi silencio<\/em><\/strong><\/p>\n\n\n\n<p id=\"paragraph_36\">Alfaguara, 2023<\/p>\n\n\n\n<p id=\"paragraph_37\">Mario Vargas Llosa se despidi\u00f3 de la novela con este libro, un divertimento delicioso, rebosante de personajes muy humanos y dotado de una prosa con un gran sentido del ritmo, en lo que es una verdadera&nbsp;<strong>declaraci\u00f3n de amor a Per\u00fa<\/strong>. Reivindicaci\u00f3n de la m\u00fasica criolla de su pa\u00eds, el Nobel narra las aventuras de To\u00f1o Azpilcueta mientras escribe la biograf\u00eda de Lalo Molfino tras escucharle tocar la guitarra una noche. A pesar de todo, los admiradores de Vargas Llosa confiaban en que no fuese la \u00faltima de verdad, pues, como el propio escritor hab\u00eda declarado, \u00abla pasi\u00f3n por la literatura, como todos los buenos vicios, se acrecienta con los a\u00f1os, y con el tiempo se descubre que lo importante no son los libros que se escriben, sino el hecho de escribirlos\u00bb.<\/p>\n\n\n\n<p id=\"paragraph_38\"><a href=\"https:\/\/www.elespanol.com\/el-cultural\/letras\/20231030\/dedico-silencio-nueva-novela-vargas-llosa-divertimento-delicioso-musical-humano\/805669490_0.html?utm_cmp_rs=linksinline\"><em>[&#8216;Le dedico mi silencio&#8217;, la nueva novela de Vargas Llosa: un divertimento delicioso, musical y humano]<\/em><\/a><\/p>\n\n\n\n<h3 class=\"wp-block-heading\">No ficci\u00f3n<\/h3>\n\n\n\n<p id=\"paragraph_39\"><strong><em>El pez en el agua<\/em>, 1993<\/strong><\/p>\n\n\n\n<p id=\"paragraph_40\">Alfaguara, 2023<\/p>\n\n\n\n<p id=\"paragraph_41\">Libro de car\u00e1cter autobiogr\u00e1fico, en \u00e9l nos encontramos varios aspectos in\u00e9ditos del escritor: por un lado descubrimos&nbsp;<strong>las conflictivas relaciones con su padre<\/strong>, un hombre convencional y violento al que las veleidades creativas de su hijo le resultaban intolerables; por otro, detalla el nacimiento de su vocaci\u00f3n literaria, los dif\u00edciles a\u00f1os del colegio militar Leoncio Prado, la precoz vida bohemia en Barcelona y Par\u00eds, su precipitada boda con \u00abla t\u00eda Julia\u00bb o la existencia real de \u00abLa casa verde\u00bb. Y, finalmente, da cuenta de su<strong>&nbsp;intensa y brev\u00edsima carrera pol\u00edtica<\/strong>, que termin\u00f3 tras su derrota en las urnas ante Fujimori.<\/p>\n\n\n\n<p id=\"paragraph_42\"><strong><em>Garc\u00eda M\u00e1rquez. Historia de un deicidio<\/em>, 1971<\/strong><\/p>\n\n\n\n<p id=\"paragraph_43\">Alfaguara, 2021<\/p>\n\n\n\n<p id=\"paragraph_44\">Fruto de la admiraci\u00f3n que el joven Vargas Llosa sent\u00eda por la obra de Garc\u00eda M\u00e1rquez, es&nbsp;<strong>la tesis que le vali\u00f3 en 1971 el doctorado<em>&nbsp;cum laude<\/em>&nbsp;por la Universidad Complutense de Madrid<\/strong>. En ella analiz\u00f3 en profundidad la obra del colombiano, entonces a\u00fan amigo y compa\u00f1ero del&nbsp;<em>boom<\/em>&nbsp;de la literatura latinoamericana. \u00abObsesiva; recurrente, una intenci\u00f3n central abraza la obra de Garc\u00eda M\u00e1rquez, una ambici\u00f3n \u00fanica que sus ficciones van desarrollando a saltos y retrocesos, desde perspectivas diferentes y con m\u00e9todos distintos\u00bb, escribi\u00f3, al tiempo que subrayaba c\u00f3mo su \u00abvoluntad unificadora\u00bb pretend\u00eda edificar \u00abuna realidad cerrada, un mundo aut\u00f3nomo\u00bb.<\/p>\n\n\n\n<p id=\"paragraph_45\"><strong>La org\u00eda perpetua<em>, 1975<\/em><\/strong><\/p>\n\n\n\n<p id=\"paragraph_46\">DeBolsillo, 2015<\/p>\n\n\n\n<p id=\"paragraph_47\">Fascinado como autor pero tambi\u00e9n como lector por \u00abla primera novela moderna\u00bb,&nbsp;<strong><em>Madame Bovary<\/em><\/strong>, Vargas Llosa le consagr\u00f3 este ensayo esencial dividido en tres partes que \u00e9l mismo explic\u00f3 as\u00ed: \u00abLa primera es un mano a mano entre Emma Bovary y yo en el que, por supuesto, hablo m\u00e1s de m\u00ed que de ella. En la segunda pretendo concentrarme exclusivamente en Madame Bovary y resumir con una apariencia de objetividad su gestaci\u00f3n y alumbramiento, lo que es y c\u00f3mo es la novela. Finalmente, en la tercera intento situarla, por lo que hablo sobre todo de otras novelas, en la medida en que su existencia fue posibilitada, enriquecida, gracias a la suya\u00bb.<\/p>\n\n\n\n<p id=\"paragraph_48\"><strong><em>La verdad de las mentiras<\/em>, 1990<\/strong><\/p>\n\n\n\n<p id=\"paragraph_49\">DeBolsillo, 2015<\/p>\n\n\n\n<p id=\"paragraph_50\">El Nobel peruano reuni\u00f3 en esta obra ensayos sobre&nbsp;<strong>veinticinco de las m\u00e1s destacadas novelas de nuestro siglo<\/strong>. En su pr\u00f3logo, leemos: \u00abDesde Joyce y Thomas Mann hasta Faulkner, Scott Fitzgerald, Nabokov o Lampedusa, el volumen constituye, a la vez que una s\u00edntesis de los problemas y evoluci\u00f3n de la narrativa contempor\u00e1nea,&nbsp;<strong>un deslumbrante ejercicio de rigor y lucidez intelectual<\/strong>&nbsp;que encierra una firme invocaci\u00f3n a las virtudes liberadoras de la ficci\u00f3n literaria, que, en palabras de Vargas Llosa, es por s\u00ed sola &#8216;una acusaci\u00f3n terrible contra la existencia bajo cualquier r\u00e9gimen o ideolog\u00eda'\u00bb.<\/p>\n\n\n\n<p>Fuente: <a href=\"https:\/\/www.elespanol.com\/el-cultural\/letras\/20250414\/dieciseis-libros-comprender-universo-vargas-llosa-novela-mayor-ensayo-incisivo\/842666165_0.html\">https:\/\/www.elespanol.com\/el-cultural\/letras\/20250414\/dieciseis-libros-comprender-universo-vargas-llosa-novela-mayor-ensayo-incisivo\/842666165_0.html<\/a><\/p>\n","protected":false},"excerpt":{"rendered":"<p>Desde &#8216;La ciudad y los perros&#8217; hasta &#8216;Le dedico mi silencio&#8217;, su \u00faltima novela, recorremos una trayectoria repleta de t\u00edtulos [&hellip;]<\/p>\n","protected":false},"author":1,"featured_media":97721,"comment_status":"open","ping_status":"open","sticky":false,"template":"","format":"standard","meta":{"site-sidebar-layout":"default","site-content-layout":"","ast-site-content-layout":"default","site-content-style":"default","site-sidebar-style":"default","ast-global-header-display":"","ast-banner-title-visibility":"","ast-main-header-display":"","ast-hfb-above-header-display":"","ast-hfb-below-header-display":"","ast-hfb-mobile-header-display":"","site-post-title":"","ast-breadcrumbs-content":"","ast-featured-img":"","footer-sml-layout":"","theme-transparent-header-meta":"","adv-header-id-meta":"","stick-header-meta":"","header-above-stick-meta":"","header-main-stick-meta":"","header-below-stick-meta":"","astra-migrate-meta-layouts":"default","ast-page-background-enabled":"default","ast-page-background-meta":{"desktop":{"background-color":"var(--ast-global-color-4)","background-image":"","background-repeat":"repeat","background-position":"center center","background-size":"auto","background-attachment":"scroll","background-type":"","background-media":"","overlay-type":"","overlay-color":"","overlay-opacity":"","overlay-gradient":""},"tablet":{"background-color":"","background-image":"","background-repeat":"repeat","background-position":"center center","background-size":"auto","background-attachment":"scroll","background-type":"","background-media":"","overlay-type":"","overlay-color":"","overlay-opacity":"","overlay-gradient":""},"mobile":{"background-color":"","background-image":"","background-repeat":"repeat","background-position":"center center","background-size":"auto","background-attachment":"scroll","background-type":"","background-media":"","overlay-type":"","overlay-color":"","overlay-opacity":"","overlay-gradient":""}},"ast-content-background-meta":{"desktop":{"background-color":"var(--ast-global-color-5)","background-image":"","background-repeat":"repeat","background-position":"center center","background-size":"auto","background-attachment":"scroll","background-type":"","background-media":"","overlay-type":"","overlay-color":"","overlay-opacity":"","overlay-gradient":""},"tablet":{"background-color":"var(--ast-global-color-5)","background-image":"","background-repeat":"repeat","background-position":"center center","background-size":"auto","background-attachment":"scroll","background-type":"","background-media":"","overlay-type":"","overlay-color":"","overlay-opacity":"","overlay-gradient":""},"mobile":{"background-color":"var(--ast-global-color-5)","background-image":"","background-repeat":"repeat","background-position":"center center","background-size":"auto","background-attachment":"scroll","background-type":"","background-media":"","overlay-type":"","overlay-color":"","overlay-opacity":"","overlay-gradient":""}},"footnotes":""},"categories":[8],"tags":[37425],"class_list":["post-97720","post","type-post","status-publish","format-standard","has-post-thumbnail","hentry","category-noticias","tag-libros-vargas-llosa"],"_links":{"self":[{"href":"https:\/\/losperiodistas.com.mx\/portal\/wp-json\/wp\/v2\/posts\/97720","targetHints":{"allow":["GET"]}}],"collection":[{"href":"https:\/\/losperiodistas.com.mx\/portal\/wp-json\/wp\/v2\/posts"}],"about":[{"href":"https:\/\/losperiodistas.com.mx\/portal\/wp-json\/wp\/v2\/types\/post"}],"author":[{"embeddable":true,"href":"https:\/\/losperiodistas.com.mx\/portal\/wp-json\/wp\/v2\/users\/1"}],"replies":[{"embeddable":true,"href":"https:\/\/losperiodistas.com.mx\/portal\/wp-json\/wp\/v2\/comments?post=97720"}],"version-history":[{"count":1,"href":"https:\/\/losperiodistas.com.mx\/portal\/wp-json\/wp\/v2\/posts\/97720\/revisions"}],"predecessor-version":[{"id":97722,"href":"https:\/\/losperiodistas.com.mx\/portal\/wp-json\/wp\/v2\/posts\/97720\/revisions\/97722"}],"wp:featuredmedia":[{"embeddable":true,"href":"https:\/\/losperiodistas.com.mx\/portal\/wp-json\/wp\/v2\/media\/97721"}],"wp:attachment":[{"href":"https:\/\/losperiodistas.com.mx\/portal\/wp-json\/wp\/v2\/media?parent=97720"}],"wp:term":[{"taxonomy":"category","embeddable":true,"href":"https:\/\/losperiodistas.com.mx\/portal\/wp-json\/wp\/v2\/categories?post=97720"},{"taxonomy":"post_tag","embeddable":true,"href":"https:\/\/losperiodistas.com.mx\/portal\/wp-json\/wp\/v2\/tags?post=97720"}],"curies":[{"name":"wp","href":"https:\/\/api.w.org\/{rel}","templated":true}]}}