{"id":97717,"date":"2025-04-14T00:23:49","date_gmt":"2025-04-14T06:23:49","guid":{"rendered":"https:\/\/losperiodistas.com.mx\/portal\/?p=97717"},"modified":"2025-04-14T00:23:50","modified_gmt":"2025-04-14T06:23:50","slug":"muere-mario-vargas-llosa-gigante-de-las-letras-universales-el-pais","status":"publish","type":"post","link":"https:\/\/losperiodistas.com.mx\/portal\/muere-mario-vargas-llosa-gigante-de-las-letras-universales-el-pais\/","title":{"rendered":"Muere Mario Vargas Llosa, gigante de las letras universales | El Pa\u00eds"},"content":{"rendered":"\n<h2 class=\"wp-block-heading\">El escritor hispano peruano, premio Nobel de Literatura en 2010, fue autor de obras maestras como \u2018Conversaci\u00f3n en la catedral\u2019<\/h2>\n\n\n\n<figure class=\"wp-block-image\"><img decoding=\"async\" src=\"https:\/\/imagenes.elpais.com\/resizer\/v2\/KAVHSX65ZJHO3NY4IWRCOOR3KA.jpg?auth=2bec4ebd34d14c07a3f30bc01e7ad599819b8d7d53e77f57f2ba75286430213b&amp;width=1200&amp;height=675&amp;smart=true\" alt=\"\"\/><figcaption class=\"wp-element-caption\">Mario Vargas Llosa, retratado en febrero de 2003 en Madrid.Foto:&nbsp;Miguel Gener&nbsp;|&nbsp;V\u00eddeo:&nbsp;Getty<\/figcaption><\/figure>\n\n\n\n<p class=\"has-vivid-red-color has-text-color has-link-color has-medium-font-size wp-elements-07a710e9439851df28f68765d0378b58\"><strong><a href=\"https:\/\/elpais.com\/autor\/javier-rodriguez-marcos\/#?rel=author_top\">Javier Rodr\u00edguez Marcos<\/a> \/ El Pa\u00eds<\/strong><\/p>\n\n\n\n<p>Madrid <\/p>\n\n\n\n<p>El novelista peruano&nbsp;<a href=\"https:\/\/elpais.com\/america\/2025-04-14\/la-muerte-de-mario-vargas-llosa-premio-nobel-de-literatura-en-vivo.html\">Mario Vargas Llosa ha fallecido este domingo en Lima<\/a>, seg\u00fan han informado sus hijos \u00c1lvaro, Gonzalo y Morgana en un comunicado. Nacido en Arequipa el 28 de marzo de 1936, el premio Nobel de literatura de 2010 acababa de cumplir los 89 a\u00f1os. Autor de obras fundamentales como&nbsp;<em>Conversaci\u00f3n en La Catedral,<\/em>&nbsp;<em>La ciudad y los perros<\/em>&nbsp;o&nbsp;<em>La fiesta del Chivo,<\/em>&nbsp;fue uno de los escritores m\u00e1s importantes de la literatura contempor\u00e1nea en cualquier lengua. Novelista, ensayista, polemista, articulista y acad\u00e9mico,&nbsp;<a href=\"https:\/\/elpais.com\/eps\/2023-02-02\/mario-vargas-llosa-no-me-arrepiento-de-nada.html\">Vargas Llosa pasar\u00e1 a la historia como un extraordinario narrador&nbsp;<\/a>y un influyente intelectual a la antigua usanza, es decir, anterior a las redes sociales.M\u00e1s informaci\u00f3n<\/p>\n\n\n\n<p><a href=\"https:\/\/elpais.com\/america\/2025-04-14\/la-muerte-de-mario-vargas-llosa-premio-nobel-de-literatura-en-vivo.html#?rel=mas_sumario\">La muerte de Mario Vargas Llosa, premio Nobel de Literatura, en vivo<\/a><\/p>\n\n\n\n<p>\u201cSu partida entristecer\u00e1 a sus parientes, a sus amigos y a sus lectores, pero esperamos que encuentren consuelo, como nosotros, en el hecho de que goz\u00f3 de una vida larga, m\u00faltiple y fruct\u00edfera, y deja detr\u00e1s suyo una obra que lo sobrevivir\u00e1. Procederemos en las pr\u00f3ximas horas y d\u00edas de acuerdo con sus instrucciones\u201d, se\u00f1ala el comunicado de sus hijos. \u201cNo tendr\u00e1 lugar ninguna ceremonia p\u00fablica. Nuestra madre, nuestros hijos y nosotros mismos confiamos en tener el espacio y la privacidad para despedirlo en familia y en compa\u00f1\u00eda de amigos cercanos. Sus restos, como era su voluntad, ser\u00e1n incinerados\u201d, a\u00f1aden.<\/p>\n\n\n\n<p>En octubre de 2023 public\u00f3 su \u00faltima novela,<a href=\"https:\/\/elpais.com\/babelia\/2023-10-31\/le-dedico-mi-silencio-vargas-llosa-regresa-a-su-peru-entranado-en-su-ultima-novela-antes-de-jubilarse.html\">&nbsp;<em>Le dedico mi silencio,<\/em>&nbsp;que se cerraba con un escueto colof\u00f3n<\/a>&nbsp;en el que anunciaba su adi\u00f3s a la ficci\u00f3n. Dos meses m\u00e1s tarde se desped\u00eda tambi\u00e9n del columnismo period\u00edstico, es decir, de su&nbsp;<em>Piedra de toque,<\/em>&nbsp;la tribuna que desde 1990 publicaba quincenalmente en EL PA\u00cdS. Esos art\u00edculos eran la demostraci\u00f3n de su inagotable curiosidad intelectual y de su af\u00e1n por intervenir en todos los debates sociales y pol\u00edticos de la actualidad. En ellos, como en algunos de sus ensayos, aparec\u00eda ese Vargas Llosa progresista en lo moral, pero neoliberal en lo econ\u00f3mico que desconcertaba (y hasta irritaba) a los miles<a href=\"https:\/\/elpais.com\/cultura\/2019\/11\/07\/actualidad\/1573142487_779456.html\">&nbsp;de admiradores de sus novelas.<\/a><\/p>\n\n\n\n<figure class=\"wp-block-image\"><img decoding=\"async\" src=\"https:\/\/imagenes.elpais.com\/resizer\/v2\/ONOTMMT4RBAZ3KVONXSC3JP5NA.jpg?auth=7d6feb5a07ceb9344f86c007dd33dc28b5d358d4e8190dc79284565d0a3d5b4c&amp;width=414\" alt=\"Mario Vargas Llosa, durante una entrevista con EL P\u00cdAS en septiembre de 1982. \"\/><figcaption class=\"wp-element-caption\">Mario Vargas Llosa, durante una entrevista con EL P\u00cdAS en septiembre de 1982.Chema Conesa<\/figcaption><\/figure>\n\n\n\n<p>Fue su compromiso pol\u00edtico conservador el invocado durante a\u00f1os para explicar la tardanza en recibir un galard\u00f3n para el que parec\u00eda predestinado:&nbsp;<a href=\"https:\/\/elpais.com\/cultura\/2010\/10\/07\/actualidad\/1286402403_850215.html\">el Premio Nobel de Literatura.<\/a>&nbsp;En 2010, justo cuando hab\u00eda desaparecido de las apuestas<a href=\"https:\/\/elpais.com\/cultura\/2010\/10\/07\/actualidad\/1286402403_850215.html\">, la Academia Sueca lo despert\u00f3 de madrugada en Nueva York<\/a>&nbsp;\u2014era profesor invitado en Princeton\u2014 para anunciarle que por fin se le hab\u00eda concedido la medalla m\u00e1s codiciada de las letras universales. \u00bfLa raz\u00f3n? \u201cPor su cartograf\u00eda de las estructuras del poder y sus afiladas im\u00e1genes de la resistencia, la rebeli\u00f3n y la derrota del individuo\u201d. Ten\u00eda 74 a\u00f1os y acababa de mandar a la imprenta una novela sobre el colonialismo salvaje asociado a la explotaci\u00f3n del caucho:&nbsp;<em>El sue\u00f1o del celta.<\/em><\/p>\n\n\n\n<p>Desde que debut\u00f3 con 23 a\u00f1os con un volumen de cuentos \u2014<em>Los jefes<\/em>&nbsp;(1959)\u2014, no hab\u00eda dejado de escribir y publicar. Sin embargo, para encontrar una de sus grandes obras de ficci\u00f3n en el momento del Nobel hab\u00eda que remontarse una d\u00e9cada atr\u00e1s,<a href=\"https:\/\/elpais.com\/diario\/2000\/01\/28\/cultura\/949014024_850215.html\">&nbsp;hasta&nbsp;<em>La fiesta del Chivo<\/em>&nbsp;(2000).<\/a>&nbsp;En cierto modo, aquella novela basada en hechos reales sobre la tiran\u00eda del dominicano Rafael Le\u00f3nidas Trujillo era su tard\u00eda contribuci\u00f3n a la oficiosa conjura de los autores latinoamericanos para retratar las dictaduras del subcontinente. Gabriel Garc\u00eda M\u00e1rquez (<em>El oto\u00f1o del patriarca<\/em>), Miguel \u00c1ngel Asturias (<em>El se\u00f1or presidente<\/em>) o Augusto Rosa Bastos (<em>Yo, el Supremo<\/em>) le precedieron en la tarea.<\/p>\n\n\n\n<p><a href=\"https:\/\/elpais.com\/cultura\/2019\/11\/07\/actualidad\/1573142487_779456.html\">Vargas Llosa fue parte fundamental del estallido global<\/a>&nbsp;\u2014el famoso boom\u2014 de la literatura latinoamericana desde que en 1963, siendo apenas un veintea\u00f1ero, gan\u00f3 con<em>&nbsp;La ciudad y los perros&nbsp;<\/em>otro premio, el Biblioteca Breve, convocado por la editorial barcelonesa Seix Barral. La inspiraci\u00f3n le lleg\u00f3 desde su propio pasado: la adolescencia en el Colegio Militar Leoncio Prado de Lima, un s\u00f3rdido lugar en el que lo intern\u00f3 su padre para sacarlo de la mansa \u00f3rbita de la familia materna.<\/p>\n\n\n\n<p>De hecho, la reaparici\u00f3n de su col\u00e9rico progenitor, al que durante a\u00f1os crey\u00f3 muerto, supuso el traum\u00e1tico fin de una pl\u00e1cida infancia transcurrida en Cochabamba (Bolivia) y en Piura, en el norte del Per\u00fa. No en vano, fue el momento de la resurrecci\u00f3n paterna el elegido por el escritor para&nbsp;<a href=\"https:\/\/elpais.com\/diario\/1993\/04\/28\/cultura\/735948003_850215.html\">abrir sus memorias,&nbsp;<em>El pez en el agua<\/em><\/a><em>.<\/em>&nbsp;Las public\u00f3 en 1993, tres a\u00f1os despu\u00e9s de que Alberto Fujimori lo derrotase en las elecciones presidenciales. Aquella frustraci\u00f3n pol\u00edtica ocupa los cap\u00edtulos pares de un largo relato que se completa en los impares con la educaci\u00f3n literaria y sentimental del autor: desde que en 1957 viaja a Par\u00eds por primera vez gracias a un concurso de cuentos hasta el d\u00eda en que acude a una perrera para rescatar al Batuque, un \u201cchucho\u201d que le hab\u00edan regalado. All\u00ed contempl\u00f3 una escena de brutalidad contra los animales de la que tuvo que recuperarse en el primer \u201ccafetucho\u201d que encontr\u00f3: La Catedral.&nbsp;<a href=\"https:\/\/elpais.com\/cultura\/2019\/11\/07\/actualidad\/1573142487_779456.html\">En 1969, ese episodio abrir\u00eda&nbsp;<em>Conversaci\u00f3n en La Catedral,<\/em><\/a>&nbsp;cuya primera frase entr\u00f3 instant\u00e1neamente a formar parte de la historia de la literatura: \u201c\u00bfEn qu\u00e9 momento se jodi\u00f3 el Per\u00fa?\u201d.<\/p>\n\n\n\n<figure class=\"wp-block-image\"><img decoding=\"async\" src=\"https:\/\/imagenes.elpais.com\/resizer\/v2\/POZYF32O2FCNTDCVFESZPRINVQ.jpg?auth=39277158d4489095e1f4cf0b5d077bfebf360a4c6d1dc64ae0ada8bf7af93605&amp;width=414\" alt=\"Vargas Llosa, en su domicilio de Madrid, en 2006. \"\/><figcaption class=\"wp-element-caption\">Vargas Llosa, en su domicilio de Madrid, en 2006.Crist\u00f3bal Manuel<\/figcaption><\/figure>\n\n\n\n<p>Esa novela fue la primera que redact\u00f3 como escritor profesional gracias a una figura decisiva&nbsp;<a href=\"https:\/\/elpais.com\/cultura\/2015\/09\/21\/actualidad\/1442848340_348026.html\">en su carrera literaria: Carmen Balcells<\/a>. Instalados en Londres desde 1966, el novelista y su familia viv\u00edan con lo justo gracias a las clases de literatura que \u00e9l impart\u00eda en el Queen Mary College cuando la agente literaria le ofreci\u00f3 un sueldo a cuenta de los derechos de aquella obra maestra en marcha. Con una condici\u00f3n: que se instalase en Barcelona y se dedicara exclusivamente a escribir. Fue lo que hizo entre 1970 y 1974, periodo en el que coincidi\u00f3&nbsp;<a href=\"https:\/\/elpais.com\/eps\/2024-03-02\/viaje-al-archivo-de-garcia-marquez-en-austin-en-busca-de-los-secretos-de-su-novela-inedita.html\">en la capital catalana con otro futuro Nobel, Garc\u00eda M\u00e1rquez,<\/a>&nbsp;sobre el que escribi\u00f3 un estudio de referencia \u2014<em>Historia de un deicidio<\/em>\u2014 y al que le uni\u00f3 una estrecha amistad que acab\u00f3 rota por un episodio sin aclarar que termin\u00f3 con Vargas Llosa poniendo un ojo morado a su colega.<\/p>\n\n\n\n<p>Lima, Madrid, Par\u00eds, Londres y Barcelona forman la cartograf\u00eda vital de un hombre al que le iba como un guante la etiqueta de escritor universal. Bebi\u00f3 de todas las fuentes y particip\u00f3 en todos los debates. Si su maestro literario fue Flaubert -del que aprendi\u00f3 que adonde no llega el talento llega el esfuerzo-,&nbsp;<a href=\"https:\/\/elpais.com\/elpais\/2012\/12\/27\/opinion\/1356603311_895050.html\">su primer referente ideol\u00f3gico fue Jean-Paul Sartre.<\/a>&nbsp;Con el tiempo bromear\u00eda con su apodo de juventud \u2014el sartrecillo valiente\u2014, pero durante a\u00f1os crey\u00f3 ciegamente en el compromiso del escritor&nbsp;<a href=\"https:\/\/elpais.com\/elpais\/2012\/12\/27\/opinion\/1356603311_895050.html\">a la manera teorizada por el fil\u00f3sofo franc\u00e9s<\/a>. La muerte ha truncado su \u00faltimo proyecto literario: un ensayo sobre su obra.<\/p>\n\n\n\n<p>En 1971, a ra\u00edz del caso Padilla, rompi\u00f3 con la revoluci\u00f3n cubana \u2014otro de sus fervores\u2014 y con el comunismo. A partir de entonces sus influencias soplaron desde la orilla opuesta: un liberalismo pol\u00edtico forjado por pensadores como Karl Popper, Isaiah Berlin o Raymond Aron que en lo econ\u00f3mico se tradujo en el neoliberalismo de Margaret Thatcher, cabeza visible de la revoluci\u00f3n conservadora que triunf\u00f3 en los a\u00f1os ochenta del siglo XX y tuvo su momento ic\u00f3nico en la ca\u00edda del Muro de Berl\u00edn.<\/p>\n\n\n\n<p><a href=\"https:\/\/elpais.com\/cultura\/2010\/10\/07\/actualidad\/1286402403_850215.html\">M\u00e1s de una vez record\u00f3 Vargas Llosa,<\/a>&nbsp;con la iron\u00eda soterrada que le caracterizaba, que en la casa de su infancia la definici\u00f3n de liberal la dio su abuela Carmen: \u201cAlguien que no va a misa y que se divorcia\u201d. En una de sus \u00faltimas entrevistas de televisi\u00f3n, grabada para el programa de su amiga Mercedes Mil\u00e1,<a href=\"https:\/\/elpais.com\/cultura\/2010\/10\/07\/actualidad\/1286402403_850215.html\">&nbsp;el Nobel peruano explic\u00f3<\/a>&nbsp;que la familia era para \u00e9l s\u00edmbolo del orden, y que lo suyo fue siempre \u201cla aventura\u201d. En efecto, su vida sentimental estuvo atravesada por grandes pasiones que se desarrollaron contra todas las convenciones burguesas: con su t\u00eda Julia, 10 a\u00f1os mayor que \u00e9l; con su prima Patricia, madre de sus tres hijos (\u00c1lvaro, Gonzalo y Morgana); o con Isabel Preysler, a la que se uni\u00f3 en 2015, cuando contaba 79 a\u00f1os. Rompieron con cierto esc\u00e1ndalo en diciembre de 2022.<\/p>\n\n\n\n<figure class=\"wp-block-image\"><img decoding=\"async\" src=\"https:\/\/imagenes.elpais.com\/resizer\/v2\/IBSX2GNNNFD7XGOQUP2AZCCHBY.jpg?auth=8bb81b6141c153133506c4044cbe2ecd4d9ad9a7e7807dd7a5ccf2db23474b50&amp;width=414\" alt=\"Vargas Llosa, en Madrid febrero de 2003. \"\/><figcaption class=\"wp-element-caption\">Vargas Llosa, en Madrid febrero de 2003.Miguel Gener<\/figcaption><\/figure>\n\n\n\n<p>En posesi\u00f3n de todos los galardones posibles (del Cervantes al Nobel pasando por el Princesa de Asturias, el R\u00f3mulo Gallegos y hasta el Planeta), Mario Vargas Llosa fue miembro de la Real Academia Espa\u00f1ola (sill\u00f3n L), corporaci\u00f3n en la que ingres\u00f3 en 1996 con un discurso sobre Azor\u00edn al que respondi\u00f3 Camilo Jos\u00e9 Cela. En noviembre de 2021 se convirti\u00f3 tambi\u00e9n en&nbsp;<a href=\"https:\/\/elpais.com\/cultura\/2021-11-25\/mario-vargas-llosa-entra-en-la-academia-francesa.html\">uno de los \u201cinmortales\u201d de la Acad\u00e9mie Fran\u00e7aise<\/a>&nbsp;pese a no haber escrito una sola l\u00ednea en la lengua de Moli\u00e8re. \u201cYo aspiraba secretamente a ser un escritor franc\u00e9s\u201d, dijo en febrero de 2023 al comienzo de su discurso de ingreso en una ceremonia a la que acudi\u00f3 el rey Juan Carlos.<\/p>\n\n\n\n<p>Acostumbrado desde joven a acumular distinciones, siempre dijo que su gran objetivo era no convertirse en estatua. En 2019, cuando parec\u00eda que ya no escribir\u00eda nada a la altura de sus grandes novelas, public\u00f3 la soberbia&nbsp;<a href=\"https:\/\/elpais.com\/cultura\/2019\/10\/08\/actualidad\/1570547331_899456.html\"><em>Tiempos recios,<\/em>&nbsp;basada en la intervenci\u00f3n de la CIA para derrocar<\/a>&nbsp;\u2014en 1954 y con falsas acusaciones de comunismo radical\u2014 el Gobierno tibiamente socialdem\u00f3crata de Jacobo \u00c1rbenz en Guatemala. La obra se cierra con un p\u00e1rrafo en el que Vargas Llosa, anticastrista ac\u00e9rrimo, demostraba que antes que enemigo de Fidel Castro era amigo de la verdad.&nbsp;<a href=\"https:\/\/elpais.com\/cultura\/2019\/10\/08\/actualidad\/1570547331_899456.html\">La lecci\u00f3n guatemalteca, reconoc\u00eda, llev\u00f3 a la Cuba revolucionaria<\/a>&nbsp;a aliarse con la Uni\u00f3n Sovi\u00e9tica para \u201cblindarse contra las presiones, boicots y posibles agresiones de los Estados Unidos\u201d. En su opini\u00f3n, \u201cotra hubiera podido ser la historia de Cuba\u201d si EE UU hubiera aceptado antes la \u201cmodernizaci\u00f3n y democratizaci\u00f3n\u201d de la Guatemala ensayada por \u00c1rbenz. Ese reconocimiento fue una de las \u00faltimas lecciones intelectuales de un escritor indiscutible al que le encantaba discutir. Y que siempre afront\u00f3 el debate ideol\u00f3gico sin rastro de cinismo.<\/p>\n\n\n\n<p>Para \u00e9l, escritura y pol\u00edtica siempre fueron dos caras de la misma moneda: la de la libertad individual. A costa incluso de la justicia social. Por eso&nbsp;<a href=\"https:\/\/elpais.com\/cultura\/2010\/10\/07\/actualidad\/1286402403_850215.html\">remat\u00f3 su discurso del Nobel<\/a>&nbsp;recordando que \u201clas mentiras de la literatura se vuelven verdades a trav\u00e9s de nosotros, los lectores transformados, contaminados de anhelos y, por culpa de la ficci\u00f3n, en permanente entredicho con la mediocre realidad\u201d. La lectura, a\u00f1adi\u00f3, inocula la rebeld\u00eda en el esp\u00edritu humano: \u201cPor eso tenemos que seguir so\u00f1ando, leyendo y escribiendo, la m\u00e1s eficaz manera que hayamos encontrado de aliviar nuestra condici\u00f3n perecedera, de derrotar a la carcoma del tiempo y de convertir en posible lo imposible\u201d. Y en su caso, algo m\u00e1s: ser inmortal para sus lectores.<\/p>\n\n\n\n<figure class=\"wp-block-image\"><img decoding=\"async\" src=\"https:\/\/imagenes.elpais.com\/resizer\/v2\/J2V6XXV2NJBD5BUT7ODVC2GCA4.jpg?auth=5e0a9b0cbdec4549d3975960e65c03f27df3ab8b86bbb532f873526c3f88d7e0&amp;width=414\" alt=\"El escritor Mario Vargas Llosa, en la terraza de su casa en el Madrid de los Austrias, en septiembre de 2013.\"\/><figcaption class=\"wp-element-caption\">El escritor Mario Vargas Llosa, en la terraza de su casa en el Madrid de los Austrias, en septiembre de 2013.Jordi Soc\u00edas<\/figcaption><\/figure>\n\n\n\n<p>Fuente: <a href=\"https:\/\/elpais.com\/cultura\/2025-04-14\/muere-mario-vargas-llosa-gigante-de-las-letras-universales.html\">https:\/\/elpais.com\/cultura\/2025-04-14\/muere-mario-vargas-llosa-gigante-de-las-letras-universales.html<\/a><\/p>\n\n\n\n<p><\/p>\n","protected":false},"excerpt":{"rendered":"<p>El escritor hispano peruano, premio Nobel de Literatura en 2010, fue autor de obras maestras como \u2018Conversaci\u00f3n en la catedral\u2019 [&hellip;]<\/p>\n","protected":false},"author":1,"featured_media":97718,"comment_status":"open","ping_status":"open","sticky":false,"template":"","format":"standard","meta":{"site-sidebar-layout":"default","site-content-layout":"","ast-site-content-layout":"default","site-content-style":"default","site-sidebar-style":"default","ast-global-header-display":"","ast-banner-title-visibility":"","ast-main-header-display":"","ast-hfb-above-header-display":"","ast-hfb-below-header-display":"","ast-hfb-mobile-header-display":"","site-post-title":"","ast-breadcrumbs-content":"","ast-featured-img":"","footer-sml-layout":"","theme-transparent-header-meta":"","adv-header-id-meta":"","stick-header-meta":"","header-above-stick-meta":"","header-main-stick-meta":"","header-below-stick-meta":"","astra-migrate-meta-layouts":"default","ast-page-background-enabled":"default","ast-page-background-meta":{"desktop":{"background-color":"var(--ast-global-color-4)","background-image":"","background-repeat":"repeat","background-position":"center center","background-size":"auto","background-attachment":"scroll","background-type":"","background-media":"","overlay-type":"","overlay-color":"","overlay-opacity":"","overlay-gradient":""},"tablet":{"background-color":"","background-image":"","background-repeat":"repeat","background-position":"center center","background-size":"auto","background-attachment":"scroll","background-type":"","background-media":"","overlay-type":"","overlay-color":"","overlay-opacity":"","overlay-gradient":""},"mobile":{"background-color":"","background-image":"","background-repeat":"repeat","background-position":"center center","background-size":"auto","background-attachment":"scroll","background-type":"","background-media":"","overlay-type":"","overlay-color":"","overlay-opacity":"","overlay-gradient":""}},"ast-content-background-meta":{"desktop":{"background-color":"var(--ast-global-color-5)","background-image":"","background-repeat":"repeat","background-position":"center center","background-size":"auto","background-attachment":"scroll","background-type":"","background-media":"","overlay-type":"","overlay-color":"","overlay-opacity":"","overlay-gradient":""},"tablet":{"background-color":"var(--ast-global-color-5)","background-image":"","background-repeat":"repeat","background-position":"center center","background-size":"auto","background-attachment":"scroll","background-type":"","background-media":"","overlay-type":"","overlay-color":"","overlay-opacity":"","overlay-gradient":""},"mobile":{"background-color":"var(--ast-global-color-5)","background-image":"","background-repeat":"repeat","background-position":"center center","background-size":"auto","background-attachment":"scroll","background-type":"","background-media":"","overlay-type":"","overlay-color":"","overlay-opacity":"","overlay-gradient":""}},"footnotes":""},"categories":[8],"tags":[3885,37423],"class_list":["post-97717","post","type-post","status-publish","format-standard","has-post-thumbnail","hentry","category-noticias","tag-mario-vargas-llosa","tag-muere-vargas-llosa"],"_links":{"self":[{"href":"https:\/\/losperiodistas.com.mx\/portal\/wp-json\/wp\/v2\/posts\/97717","targetHints":{"allow":["GET"]}}],"collection":[{"href":"https:\/\/losperiodistas.com.mx\/portal\/wp-json\/wp\/v2\/posts"}],"about":[{"href":"https:\/\/losperiodistas.com.mx\/portal\/wp-json\/wp\/v2\/types\/post"}],"author":[{"embeddable":true,"href":"https:\/\/losperiodistas.com.mx\/portal\/wp-json\/wp\/v2\/users\/1"}],"replies":[{"embeddable":true,"href":"https:\/\/losperiodistas.com.mx\/portal\/wp-json\/wp\/v2\/comments?post=97717"}],"version-history":[{"count":1,"href":"https:\/\/losperiodistas.com.mx\/portal\/wp-json\/wp\/v2\/posts\/97717\/revisions"}],"predecessor-version":[{"id":97719,"href":"https:\/\/losperiodistas.com.mx\/portal\/wp-json\/wp\/v2\/posts\/97717\/revisions\/97719"}],"wp:featuredmedia":[{"embeddable":true,"href":"https:\/\/losperiodistas.com.mx\/portal\/wp-json\/wp\/v2\/media\/97718"}],"wp:attachment":[{"href":"https:\/\/losperiodistas.com.mx\/portal\/wp-json\/wp\/v2\/media?parent=97717"}],"wp:term":[{"taxonomy":"category","embeddable":true,"href":"https:\/\/losperiodistas.com.mx\/portal\/wp-json\/wp\/v2\/categories?post=97717"},{"taxonomy":"post_tag","embeddable":true,"href":"https:\/\/losperiodistas.com.mx\/portal\/wp-json\/wp\/v2\/tags?post=97717"}],"curies":[{"name":"wp","href":"https:\/\/api.w.org\/{rel}","templated":true}]}}