{"id":97708,"date":"2025-04-14T07:00:31","date_gmt":"2025-04-14T13:00:31","guid":{"rendered":"https:\/\/losperiodistas.com.mx\/portal\/?p=97708"},"modified":"2025-04-14T06:11:09","modified_gmt":"2025-04-14T12:11:09","slug":"quien-teme-a-la-modelo-perfecta-la-ia-revoluciona-tambien-las-campanas-de-moda-la-vanguardia","status":"publish","type":"post","link":"https:\/\/losperiodistas.com.mx\/portal\/quien-teme-a-la-modelo-perfecta-la-ia-revoluciona-tambien-las-campanas-de-moda-la-vanguardia\/","title":{"rendered":"\u00bfQui\u00e9n teme a la modelo perfecta? La IA revoluciona tambi\u00e9n las campa\u00f1as de moda | La Vanguardia"},"content":{"rendered":"\n<h2 class=\"wp-block-heading\"><\/h2>\n\n\n\n<h2 class=\"wp-block-heading has-pale-pink-background-color has-background\">H&amp;M ha anunciado la creaci\u00f3n de clones digitales de sus modelos para acelerar la producci\u00f3n de contenido sin necesidad de sesiones fotogr\u00e1ficas&nbsp;<\/h2>\n\n\n\n<h2 class=\"wp-block-heading\">La medida pone en jaque a decenas de oficios que hasta ahora eran imprescindibles \u2014fot\u00f3grafos, maquilladores, estilistas, t\u00e9cnicos\u2014 y convierte la diversidad en una ilusi\u00f3n \u00f3ptica<\/h2>\n\n\n\n<figure class=\"wp-block-image size-full\"><img fetchpriority=\"high\" decoding=\"async\" width=\"990\" height=\"484\" src=\"https:\/\/losperiodistas.com.mx\/portal\/wp-content\/uploads\/2025\/04\/67f8c19b6a21c.r_d.1428-665.jpeg\" alt=\"\" class=\"wp-image-97709\" srcset=\"https:\/\/losperiodistas.com.mx\/portal\/wp-content\/uploads\/2025\/04\/67f8c19b6a21c.r_d.1428-665.jpeg 990w, https:\/\/losperiodistas.com.mx\/portal\/wp-content\/uploads\/2025\/04\/67f8c19b6a21c.r_d.1428-665-300x147.jpeg 300w, https:\/\/losperiodistas.com.mx\/portal\/wp-content\/uploads\/2025\/04\/67f8c19b6a21c.r_d.1428-665-768x375.jpeg 768w\" sizes=\"(max-width: 990px) 100vw, 990px\" \/><figcaption class=\"wp-element-caption\">H&amp;M acaba de anunciar que ha creado gemelas virtuales de 30 modelos reales&nbsp;H&amp;M<\/figcaption><\/figure>\n\n\n\n<p class=\"has-vivid-red-color has-text-color has-link-color has-medium-font-size wp-elements-449a21780d302b450c7eff26123eefeb\"><strong>Raquel Fern\u00e1ndez Sobr\u00edn \/ La Vanguardia<\/strong><\/p>\n\n\n\n<p>La industria de la moda no se libra de estos tiempos de incertidumbre. A las generales, como cu\u00e1les ser\u00e1n las consecuencias de la pol\u00edtica arancelaria de Trump; se suman las propias, como la crisis que trae de cabeza al mercado del lujo. Desde hace unos d\u00edas tiene otra con silueta perfecta, piel inmaculada y disponibilidad absoluta: la modelo digital.<\/p>\n\n\n\n<p>H&amp;M acaba de anunciar que ha creado gemelas virtuales de 30 modelos reales. S\u00ed, clones digitales que podr\u00e1n utilizarse en campa\u00f1as de marketing y redes sociales \u201csiempre que la modelo d\u00e9 su consentimiento\u201d. El objetivo, seg\u00fan J\u00f6rgen Andersson, Chief Creative Officer del grupo, es \u201cmejorar el proceso creativo sin cambiar en lo fundamental nuestro enfoque humano\u201d. Como si fuera posible modelar una r\u00e9plica tridimensional de un ser humano y seguir llamando a eso \u201cenfoque humano\u201d.<\/p>\n\n\n\n<h3 class=\"wp-block-heading\">H&amp;M utilizar\u00e1 clones digitales que podr\u00e1n utilizarse en campa\u00f1as de marketing y redes sociales<\/h3>\n\n\n\n<p>Algunas de las modelos implicadas \u2014como Vilma Sj\u00f6berg o Mathilda Gvarliani, habituales de Vogue y Chanel\u2014 ya han hablado del proyecto como un alivio log\u00edstico: una manera de estar en dos lugares a la vez, sin vuelos, sin ojeras, sin desfase horario. \u201cEs como yo, pero sin\u00a0<em>jet lag<\/em>\u201d, dijo Gvarliani a prop\u00f3sito de su gemela en clave \u201cStepford Wives\u201d. Pero bajo esa promesa de eficiencia se esconde una posible reorganizaci\u00f3n profunda del ecosistema laboral de la moda: si la modelo no necesita estar presente, \u00bfqui\u00e9n garantiza que el fot\u00f3grafo lo estar\u00e1? \u00bfO el maquillador, el peluquero, el t\u00e9cnico de iluminaci\u00f3n, la estilista, el retocador?<\/p>\n\n\n\n<figure class=\"wp-block-image size-large\"><img decoding=\"async\" width=\"761\" height=\"1024\" src=\"https:\/\/losperiodistas.com.mx\/portal\/wp-content\/uploads\/2025\/04\/Captura-de-pantalla-2025-04-13-a-las-8.33.53\u202fa.m-761x1024.png\" alt=\"\" class=\"wp-image-97710\" srcset=\"https:\/\/losperiodistas.com.mx\/portal\/wp-content\/uploads\/2025\/04\/Captura-de-pantalla-2025-04-13-a-las-8.33.53\u202fa.m-761x1024.png 761w, https:\/\/losperiodistas.com.mx\/portal\/wp-content\/uploads\/2025\/04\/Captura-de-pantalla-2025-04-13-a-las-8.33.53\u202fa.m-223x300.png 223w, https:\/\/losperiodistas.com.mx\/portal\/wp-content\/uploads\/2025\/04\/Captura-de-pantalla-2025-04-13-a-las-8.33.53\u202fa.m-768x1033.png 768w, https:\/\/losperiodistas.com.mx\/portal\/wp-content\/uploads\/2025\/04\/Captura-de-pantalla-2025-04-13-a-las-8.33.53\u202fa.m.png 1124w\" sizes=\"(max-width: 761px) 100vw, 761px\" \/><figcaption class=\"wp-element-caption\"><a href=\"https:\/\/www.instagram.com\/p\/DHoWO2fR2J5\/?utm_source=ig_web_copy_link\">VER EN INSTAGRAM<\/a><\/figcaption><\/figure>\n\n\n\n<p><\/p>\n\n\n\n<p>Lo que suena como una innovaci\u00f3n brillante \u2014una modelo que puede ser replicada y enviada a cualquier parte del mundo sin moverse de su sof\u00e1\u2014 tambi\u00e9n es una herramienta perfecta para que la maquinaria del&nbsp;<em>fast fashion<\/em>&nbsp;acelere todav\u00eda m\u00e1s su ritmo. Un recurso que permite alimentar, a\u00fan m\u00e1s r\u00e1pido y m\u00e1s barato, el motor insaciable de su&nbsp;<em>e-commerce<\/em>. Una excusa tecnol\u00f3gica que puede justificar el recorte silencioso de decenas de oficios intermedios que hacen posible una imagen de moda.<\/p>\n\n\n\n<p>El fot\u00f3grafo Lachlan Bailey, colaborador habitual de H&amp;M, lo dej\u00f3 claro en su perfil de Instagram: \u201cUna modelo cobra, cincuenta personas no. \u00bfHora de boicotear H&amp;M? \u00bfDe fundar un sindicato de fot\u00f3grafos? Si no actuamos ahora, la industria se derrumbar\u00e1. Y perderemos todos \u2014sobre todo la pr\u00f3xima generaci\u00f3n\u201d.Lee tambi\u00e9n<\/p>\n\n\n\n<h2 class=\"wp-block-heading has-medium-font-size\"><a href=\"https:\/\/www.lavanguardia.com\/magazine\/protagonistas\/20241208\/10145747\/isaac-marcet-inteligencia-artificial-mentira-absoluta.html\">Isaac Marcet: \u201cLa inteligencia artificial es una mentira absoluta\u201d<\/a><\/h2>\n\n\n\n<p>Bego\u00f1a Corzo Su\u00e1rez<\/p>\n\n\n\n<figure class=\"wp-block-image\"><img decoding=\"async\" src=\"https:\/\/www.lavanguardia.com\/files\/image_104_108\/files\/fp\/uploads\/2024\/11\/27\/6746fe3995118.r_d.1974-1476.jpeg\" alt=\"Aire para la intimidad. Isaac Marset en una casa antigua del barrio de Lavapi\u00e9s, una zona \u201csuperc\u00e9ntrica pero incre\u00edblemente tranquila\u201d\"\/><\/figure>\n\n\n\n<p>H&amp;M no ha revelado cu\u00e1nto ha invertido en el proyecto, ni cu\u00e1l ser\u00e1 la compensaci\u00f3n real para cada modelo, m\u00e1s all\u00e1 de prometer que \u201ccobrar\u00e1n cuando se use su gemela\u201d, en acuerdos negociados con agencias. Suena a promesa de m\u00ednimos. Sobre todo en un momento en el que el grupo atraviesa un inicio de a\u00f1o fiscal poco brillante: creci\u00f3 solo un 3% en ingresos, mientras los costes de producci\u00f3n se dispararon m\u00e1s de un 8%, provocando una ca\u00edda del 53% en su beneficio neto. En otras palabras: hay que reducir costes. Y los humanos, con sus honorarios, imprevistos y necesidad de descanso, son caros.<\/p>\n\n\n\n<figure class=\"wp-block-image size-large\"><img decoding=\"async\" width=\"761\" height=\"1024\" src=\"https:\/\/losperiodistas.com.mx\/portal\/wp-content\/uploads\/2025\/04\/Captura-de-pantalla-2025-04-13-a-las-8.34.56\u202fa.m-761x1024.png\" alt=\"\" class=\"wp-image-97711\" srcset=\"https:\/\/losperiodistas.com.mx\/portal\/wp-content\/uploads\/2025\/04\/Captura-de-pantalla-2025-04-13-a-las-8.34.56\u202fa.m-761x1024.png 761w, https:\/\/losperiodistas.com.mx\/portal\/wp-content\/uploads\/2025\/04\/Captura-de-pantalla-2025-04-13-a-las-8.34.56\u202fa.m-223x300.png 223w, https:\/\/losperiodistas.com.mx\/portal\/wp-content\/uploads\/2025\/04\/Captura-de-pantalla-2025-04-13-a-las-8.34.56\u202fa.m-768x1034.png 768w, https:\/\/losperiodistas.com.mx\/portal\/wp-content\/uploads\/2025\/04\/Captura-de-pantalla-2025-04-13-a-las-8.34.56\u202fa.m.png 1128w\" sizes=\"(max-width: 761px) 100vw, 761px\" \/><figcaption class=\"wp-element-caption\"><a href=\"https:\/\/www.instagram.com\/p\/DHoWO2fR2J5\/?utm_source=ig_web_copy_link\">VER EN INSTAGRAM<\/a><\/figcaption><\/figure>\n\n\n\n<p><\/p>\n\n\n\n<p>La moda no es ajena a estos experimentos. Mango tambi\u00e9n ha coqueteado con la idea. En julio del a\u00f1o pasado, su l\u00ednea Teen present\u00f3 una campa\u00f1a generada enteramente por inteligencia artificial.&nbsp;<em>Vogue Singapur<\/em>&nbsp;fue a\u00fan m\u00e1s lejos: en sus tres portadas de febrero de 2023 no aparec\u00eda ning\u00fan ser humano. Las modelos eran sint\u00e9ticas, su mirada vac\u00eda y perfecta. Una imagen sin historia que pretendi\u00f3 hacer historia.<\/p>\n\n\n\n<p>En 2023, Levi\u2019s intent\u00f3 hacer lo mismo: lanzar una colecci\u00f3n con modelos generados por IA, con el mensaje de que eran m\u00e1s inclusivos en tallas, razas y edades. Tras un chaparr\u00f3n de cr\u00edticas, la empresa tuvo que matizar. \u201cNo vemos este piloto como un sustituto de las acciones reales necesarias para cumplir nuestros compromisos de diversidad\u201d, dijeron. El de la diversidad sigue siendo uno de los argumentos principales de quienes ponen estos proyectos en marcha. Que la IA permite representar todo tipo de cuerpos, razas y edades. Que ayuda a personalizar la experiencia de compra. Que reduce el desperdicio de devoluciones. Que democratiza el acceso al modelaje.&nbsp;<\/p>\n\n\n\n<h3 class=\"wp-block-heading\">Y una modelo que no envejece nunca es&nbsp; un producto ideal para una industria obsesionada con la juventud eterna<\/h3>\n\n\n\n<p>Pero hay algo perverso en esa aparente bondad: porque una diversidad que no cobra, no come. Una inclusi\u00f3n que no genera empleo, es una ficci\u00f3n. Y una modelo que no envejece nunca \u2014como Lil Miquela, que lleva casi una d\u00e9cada siendo \u201cuna joven de 21 a\u00f1os en Los \u00c1ngeles\u201d\u2014 es tambi\u00e9n un producto ideal para una industria obsesionada con la juventud y la perfecci\u00f3n eterna.<\/p>\n\n\n\n<figure class=\"wp-block-image size-large\"><img loading=\"lazy\" decoding=\"async\" width=\"936\" height=\"1024\" src=\"https:\/\/losperiodistas.com.mx\/portal\/wp-content\/uploads\/2025\/04\/Captura-de-pantalla-2025-04-13-a-las-8.36.49\u202fa.m-936x1024.png\" alt=\"\" class=\"wp-image-97712\" srcset=\"https:\/\/losperiodistas.com.mx\/portal\/wp-content\/uploads\/2025\/04\/Captura-de-pantalla-2025-04-13-a-las-8.36.49\u202fa.m-936x1024.png 936w, https:\/\/losperiodistas.com.mx\/portal\/wp-content\/uploads\/2025\/04\/Captura-de-pantalla-2025-04-13-a-las-8.36.49\u202fa.m-274x300.png 274w, https:\/\/losperiodistas.com.mx\/portal\/wp-content\/uploads\/2025\/04\/Captura-de-pantalla-2025-04-13-a-las-8.36.49\u202fa.m-768x840.png 768w, https:\/\/losperiodistas.com.mx\/portal\/wp-content\/uploads\/2025\/04\/Captura-de-pantalla-2025-04-13-a-las-8.36.49\u202fa.m.png 1126w\" sizes=\"(max-width: 936px) 100vw, 936px\" \/><figcaption class=\"wp-element-caption\"><a href=\"https:\/\/www.instagram.com\/p\/DHoWO2fR2J5\/?utm_source=ig_web_copy_link\">VER INASTAGRAM<\/a><\/figcaption><\/figure>\n\n\n\n<p>A esto se suman los vac\u00edos legales. En Estados Unidos, la Fashion Workers\u2019 Act entra en vigor en junio, y exigir\u00e1 consentimiento expl\u00edcito para el uso de IA en modelos. En Europa, el AI Act obligar\u00e1 a etiquetar todas las im\u00e1genes artificiales a partir de 2026. H&amp;M ya ha anunciado que usar\u00e1 una marca de agua en sus im\u00e1genes generadas, como si una gota pudiera legitimar el oc\u00e9ano de preguntas que plantea esta nueva era.<\/p>\n\n\n\n<p>Pero mientras tanto, crece una corriente contraria. Un fen\u00f3meno silencioso que empieza a visibilizarse en redes, editoriales y campa\u00f1as. Contenido real, sin retoques, sin artificios, sin IA. Una respuesta a la saturaci\u00f3n de lo falso. Como en los tiempos de Cartier-Bresson, cuando se dejaban los bordes del negativo para demostrar que no se hab\u00eda recortado la imagen. Hoy, los usuarios reclaman pruebas de que la imagen que ven ha sido hecha por una persona, en un lugar, con una c\u00e1mara y un equipo. Lo que antes se ocultaba, ahora se exhibe: las bambalinas como garant\u00eda de autenticidad.<\/p>\n\n\n\n<h3 class=\"wp-block-heading\">Hoy, los usuarios reclaman pruebas de que la imagen que ven ha sido hecha por una persona<\/h3>\n\n\n\n<p>Las marcas que se sumen con entusiasmo a la fiebre del&nbsp;<em>deepfake<\/em>&nbsp;est\u00e1n enviando un mensaje claro al consumidor: nos da igual c\u00f3mo se hizo esto. Nos da igual qui\u00e9n lo hizo. Y eso, en un momento en que la artesan\u00eda, la trazabilidad y el trabajo humano son parte del valor de una marca, es una contradicci\u00f3n dif\u00edcil de sostener.<\/p>\n\n\n\n<p>Porque cada nueva tecnolog\u00eda trae consigo una redistribuci\u00f3n del poder. Lo importante no es si la inteligencia artificial va a cambiar la moda. Lo har\u00e1. La pregunta es: \u00bfc\u00f3mo queremos que lo haga?<\/p>\n\n\n\n<p>Fuente: <a href=\"https:\/\/www.lavanguardia.com\/magazine\/moda\/20250412\/10576305\/modelo-perfecta-ia-revoluciona-campanas-moda-h-m-clones-digitales.html\">https:\/\/www.lavanguardia.com\/magazine\/moda\/20250412\/10576305\/modelo-perfecta-ia-revoluciona-campanas-moda-h-m-clones-digitales.html<\/a><\/p>\n","protected":false},"excerpt":{"rendered":"<p>H&amp;M ha anunciado la creaci\u00f3n de clones digitales de sus modelos para acelerar la producci\u00f3n de contenido sin necesidad de [&hellip;]<\/p>\n","protected":false},"author":1,"featured_media":97709,"comment_status":"open","ping_status":"open","sticky":false,"template":"","format":"standard","meta":{"site-sidebar-layout":"default","site-content-layout":"","ast-site-content-layout":"default","site-content-style":"default","site-sidebar-style":"default","ast-global-header-display":"","ast-banner-title-visibility":"","ast-main-header-display":"","ast-hfb-above-header-display":"","ast-hfb-below-header-display":"","ast-hfb-mobile-header-display":"","site-post-title":"","ast-breadcrumbs-content":"","ast-featured-img":"","footer-sml-layout":"","theme-transparent-header-meta":"","adv-header-id-meta":"","stick-header-meta":"","header-above-stick-meta":"","header-main-stick-meta":"","header-below-stick-meta":"","astra-migrate-meta-layouts":"default","ast-page-background-enabled":"default","ast-page-background-meta":{"desktop":{"background-color":"var(--ast-global-color-4)","background-image":"","background-repeat":"repeat","background-position":"center center","background-size":"auto","background-attachment":"scroll","background-type":"","background-media":"","overlay-type":"","overlay-color":"","overlay-opacity":"","overlay-gradient":""},"tablet":{"background-color":"","background-image":"","background-repeat":"repeat","background-position":"center center","background-size":"auto","background-attachment":"scroll","background-type":"","background-media":"","overlay-type":"","overlay-color":"","overlay-opacity":"","overlay-gradient":""},"mobile":{"background-color":"","background-image":"","background-repeat":"repeat","background-position":"center center","background-size":"auto","background-attachment":"scroll","background-type":"","background-media":"","overlay-type":"","overlay-color":"","overlay-opacity":"","overlay-gradient":""}},"ast-content-background-meta":{"desktop":{"background-color":"var(--ast-global-color-5)","background-image":"","background-repeat":"repeat","background-position":"center center","background-size":"auto","background-attachment":"scroll","background-type":"","background-media":"","overlay-type":"","overlay-color":"","overlay-opacity":"","overlay-gradient":""},"tablet":{"background-color":"var(--ast-global-color-5)","background-image":"","background-repeat":"repeat","background-position":"center center","background-size":"auto","background-attachment":"scroll","background-type":"","background-media":"","overlay-type":"","overlay-color":"","overlay-opacity":"","overlay-gradient":""},"mobile":{"background-color":"var(--ast-global-color-5)","background-image":"","background-repeat":"repeat","background-position":"center center","background-size":"auto","background-attachment":"scroll","background-type":"","background-media":"","overlay-type":"","overlay-color":"","overlay-opacity":"","overlay-gradient":""}},"footnotes":""},"categories":[8],"tags":[37422,31146,4720,37421],"class_list":["post-97708","post","type-post","status-publish","format-standard","has-post-thumbnail","hentry","category-noticias","tag-gemelas-virtuales","tag-hm","tag-inteligencia-artificial","tag-modelo-femenina-perfecta"],"_links":{"self":[{"href":"https:\/\/losperiodistas.com.mx\/portal\/wp-json\/wp\/v2\/posts\/97708","targetHints":{"allow":["GET"]}}],"collection":[{"href":"https:\/\/losperiodistas.com.mx\/portal\/wp-json\/wp\/v2\/posts"}],"about":[{"href":"https:\/\/losperiodistas.com.mx\/portal\/wp-json\/wp\/v2\/types\/post"}],"author":[{"embeddable":true,"href":"https:\/\/losperiodistas.com.mx\/portal\/wp-json\/wp\/v2\/users\/1"}],"replies":[{"embeddable":true,"href":"https:\/\/losperiodistas.com.mx\/portal\/wp-json\/wp\/v2\/comments?post=97708"}],"version-history":[{"count":1,"href":"https:\/\/losperiodistas.com.mx\/portal\/wp-json\/wp\/v2\/posts\/97708\/revisions"}],"predecessor-version":[{"id":97713,"href":"https:\/\/losperiodistas.com.mx\/portal\/wp-json\/wp\/v2\/posts\/97708\/revisions\/97713"}],"wp:featuredmedia":[{"embeddable":true,"href":"https:\/\/losperiodistas.com.mx\/portal\/wp-json\/wp\/v2\/media\/97709"}],"wp:attachment":[{"href":"https:\/\/losperiodistas.com.mx\/portal\/wp-json\/wp\/v2\/media?parent=97708"}],"wp:term":[{"taxonomy":"category","embeddable":true,"href":"https:\/\/losperiodistas.com.mx\/portal\/wp-json\/wp\/v2\/categories?post=97708"},{"taxonomy":"post_tag","embeddable":true,"href":"https:\/\/losperiodistas.com.mx\/portal\/wp-json\/wp\/v2\/tags?post=97708"}],"curies":[{"name":"wp","href":"https:\/\/api.w.org\/{rel}","templated":true}]}}