{"id":97705,"date":"2025-04-13T08:19:38","date_gmt":"2025-04-13T14:19:38","guid":{"rendered":"https:\/\/losperiodistas.com.mx\/portal\/?p=97705"},"modified":"2025-04-13T08:19:39","modified_gmt":"2025-04-13T14:19:39","slug":"polonia-celebra-los-1-000-anos-desde-la-coronacion-de-su-primer-rey-en-plena-carrera-electoral-euronews","status":"publish","type":"post","link":"https:\/\/losperiodistas.com.mx\/portal\/polonia-celebra-los-1-000-anos-desde-la-coronacion-de-su-primer-rey-en-plena-carrera-electoral-euronews\/","title":{"rendered":"Polonia celebra los 1.000 a\u00f1os desde la coronaci\u00f3n de su primer rey en plena carrera electoral | Euronews"},"content":{"rendered":"\n<p class=\"has-medium-font-size\">Los conservadores polacos bailaron la Polonesa, una celebraci\u00f3n patri\u00f3tica, para apoyar a su candidato presidencial, Karol Nawrocki, en la capital ante la proximidad de las elecciones.<\/p>\n\n\n\n<figure class=\"wp-block-embed is-type-video is-provider-youtube wp-block-embed-youtube wp-embed-aspect-16-9 wp-has-aspect-ratio\"><div class=\"wp-block-embed__wrapper\">\n<iframe title=\"Polonia celebra los 1.000 a\u00f1os desde la coronaci\u00f3n de su primer rey en plena carrera electoral\" width=\"500\" height=\"281\" src=\"https:\/\/www.youtube.com\/embed\/oRjSS0_xiCs?feature=oembed\" frameborder=\"0\" allow=\"accelerometer; autoplay; clipboard-write; encrypted-media; gyroscope; picture-in-picture; web-share\" referrerpolicy=\"strict-origin-when-cross-origin\" allowfullscreen><\/iframe>\n<\/div><figcaption class=\"wp-element-caption\">Derechos de autor\u00a0Czarek Sokolowski\/Copyright 2025 The AP. All rights reserved <\/figcaption><\/figure>\n\n\n\n<p class=\"has-vivid-red-color has-text-color has-link-color has-medium-font-size wp-elements-50ac45bc1589fa5e496902dbf7ecd5ce\"><strong>Por\u00a0<a href=\"https:\/\/twitter.com\/euronews\" target=\"_blank\" rel=\"noreferrer noopener\">Malek Fouda<\/a>\u00a0con\u00a0AP \/ Euronews<\/strong><\/p>\n\n\n\n<h2 class=\"wp-block-heading\"><\/h2>\n\n\n\n<p>Polacos de todo el pa\u00eds se desplazaron el s\u00e1bado a la capital,&nbsp;<a href=\"https:\/\/es.euronews.com\/tag\/varsovia\">Varsovia<\/a>, para una manifestaci\u00f3n patri\u00f3tica que celebraba los&nbsp;<strong>1.000 a\u00f1os de la coronaci\u00f3n del primer rey polaco<\/strong>.<\/p>\n\n\n\n<p>Bailaron la polonesa con trajes hist\u00f3ricos, cantaron el himno nacional, invocaron sus creencias cat\u00f3licas y corearon consignas en apoyo de un candidato conservador que se presenta a las elecciones presidenciales del mes que viene.<\/p>\n\n\n\n<p>La marcha de miles de personas&nbsp;<strong>cont\u00f3 con el apoyo del partido Ley y Justicia<\/strong>, los populistas conservadores que gobernaron Polonia durante ocho a\u00f1os hasta 2023, cuando&nbsp;<strong>asumi\u00f3 el poder un primer ministro centrista y proeuropeo<\/strong>,&nbsp;<a href=\"https:\/\/es.euronews.com\/tag\/donald-tusk\">Donald Tusk<\/a>.<\/p>\n\n\n\n<p><strong>Ley y Justicia espera recuperar el poder en las pr\u00f3ximas elecciones generales<\/strong>. Mientras tanto, lucha por elegir como presidente a un aliado que sea comandante en jefe y tenga influencia sobre la pol\u00edtica exterior y poder de veto sobre las leyes.<\/p>\n\n\n\n<p>El l\u00edder de Ley y Justicia, Jaros\u0142aw Kaczy\u0144ski, pidi\u00f3 a \u00abtodos los patriotas\u00bb que se unieran a la marcha, que culmin\u00f3 con una concentraci\u00f3n frente al Castillo Real, donde el candidato del partido,&nbsp;<strong>Karol Nawrocki, de 42 a\u00f1os<\/strong>, habl\u00f3 ante una multitud que le apoyaba.<\/p>\n\n\n\n<figure class=\"wp-block-image\"><img decoding=\"async\" src=\"https:\/\/static.euronews.com\/articles\/stories\/09\/19\/54\/38\/808x539_cmsv2_3c7e273d-91f2-5f11-a54b-aa819e9a3d49-9195438.jpg\" alt=\"Poles dance the Polonaise in a patriotic demonstration celebrating 1,000 years since the coronation of the first Polish king, Warsaw, Poland, Saturday, April 12, 2025\"\/><figcaption class=\"wp-element-caption\"><em>Poles dance the Polonaise in a patriotic demonstration celebrating 1,000 years since the coronation of the first Polish king, Warsaw, Poland, Saturday, April 12, 2025<\/em>Czarek Sokolowski\/Copyright 2025 The AP. All rights reserved<\/figcaption><\/figure>\n\n\n\n<p>El castillo, reconstruido tras ser destruido por los alemanes durante la Segunda Guerra Mundial, es un s\u00edmbolo de la historia y la resistencia de la naci\u00f3n.&nbsp;<strong>Nawrocki, historiador reconvertido en pol\u00edtico<\/strong>, dijo que Polonia debe salvaguardar \u00abeste patrimonio, esta belleza, esta corona que nos fue dada\u00bb.<\/p>\n\n\n\n<p>\u00ab<strong>Queremos una Polonia con aspiraciones, con sue\u00f1os<\/strong>, porque estamos comprometidos con los que vinieron antes que nosotros y con los que vendr\u00e1n despu\u00e9s\u00bb, dijo Nawrocki. \u00ab\u00a1Queremos una gran Polonia!\u00bb.<\/p>\n\n\n\n<p>En la marcha ondearon&nbsp;<strong>algunas banderas estadounidenses en medio de un mar de banderas polacas<\/strong>, mientras algunos simpatizantes presentes en la concentraci\u00f3n expresaban su apoyo al presidente de Estados Unidos, Donald Trump. Uno de ellos, Stanislaw Bieniek, de 81 a\u00f1os, dijo que huy\u00f3 de la Polonia comunista a Estados Unidos, donde obtuvo la ciudadan\u00eda. \u00abToda mi familia vot\u00f3 a Trump, y ahora vivo aqu\u00ed y votar\u00e9 a Nawrocki\u00bb, dijo.<\/p>\n\n\n\n<figure class=\"wp-block-image\"><img decoding=\"async\" src=\"https:\/\/static.euronews.com\/articles\/stories\/09\/19\/54\/38\/808x539_cmsv2_2a4eee4e-267f-5716-90fc-7cad752add39-9195438.jpg\" alt=\"Polacos participan en una manifestaci\u00f3n patri\u00f3tica para celebrar los 1.000 a\u00f1os de la coronaci\u00f3n del primer rey polaco, Varsovia, Polonia, s\u00e1bado 12 de abril de 2025.\"\/><figcaption class=\"wp-element-caption\"><em>Polacos participan en una manifestaci\u00f3n patri\u00f3tica para celebrar los 1.000 a\u00f1os de la coronaci\u00f3n del primer rey polaco, Varsovia, Polonia, s\u00e1bado 12 de abril de 2025.<\/em>Czarek Sokolowski\/Copyright 2025 The AP. All rights reserved<\/figcaption><\/figure>\n\n\n\n<p>El mitin se produce en un momento en el que el partido Ley y Justicia trata de&nbsp;<strong>recabar apoyos para su candidato, Nawrocki<\/strong>, que ha quedado rezagado en las encuestas tras el&nbsp;<strong>candidato liberal favorito, el alcalde de Varsovia Rafa\u0142 Trzaskowski<\/strong>.<\/p>\n\n\n\n<p>Nawrocki tambi\u00e9n ha estado luchando contra el&nbsp;<a href=\"https:\/\/es.euronews.com\/my-europe\/2024\/12\/23\/en-2024-el-continente-europeo-dio-un-giro-a-la-derecha\">ascenso de un aspirante del partido de extrema derecha Confederaci\u00f3n<\/a>. S\u0142awomir Mentzen, que ha ido ganando popularidad, representa una gran amenaza para el control que el partido Ley y Justicia ejerce sobre el considerable electorado conservador del pa\u00eds.<\/p>\n\n\n\n<h2 class=\"wp-block-heading\">1.000 a\u00f1os de corona en Polonia<\/h2>\n\n\n\n<p>El acto del s\u00e1bado fue una celebraci\u00f3n del milenario de la coronaci\u00f3n del primer rey de Polonia, Boles\u0142aw el Bravo.&nbsp;<strong>Su coronaci\u00f3n en 1025 fue un momento hist\u00f3rico<\/strong>, muy querido por muchos polacos, ya que afirm\u00f3 la independencia nacional del pa\u00eds.<\/p>\n\n\n\n<p>La manifestaci\u00f3n tambi\u00e9n celebr\u00f3 otro aniversario hist\u00f3rico, el&nbsp;<strong>quinto centenario de la lealtad formal del Ducado de Prusia al rey polaco en 1525<\/strong>. Este hecho tiene resonancias emocionales para algunos en un pa\u00eds que sufri\u00f3 la agresi\u00f3n alemana durante importantes periodos de su historia.<\/p>\n\n\n\n<figure class=\"wp-block-image\"><img decoding=\"async\" src=\"https:\/\/static.euronews.com\/articles\/stories\/09\/19\/54\/38\/808x539_cmsv2_7ab45758-d75b-5138-b053-c599df05f843-9195438.jpg\" alt=\"Polacos participan en una manifestaci\u00f3n patri\u00f3tica para celebrar los 1.000 a\u00f1os de la coronaci\u00f3n del primer rey polaco, Varsovia, Polonia, s\u00e1bado 12 de abril de 2025.\"\/><figcaption class=\"wp-element-caption\"><em>Polacos participan en una manifestaci\u00f3n patri\u00f3tica para celebrar los 1.000 a\u00f1os de la coronaci\u00f3n del primer rey polaco, Varsovia, Polonia, s\u00e1bado 12 de abril de 2025.<\/em>Czarek Sokolowski\/Copyright 2025 The AP. All rights reserved<\/figcaption><\/figure>\n\n\n\n<p>Los organizadores calcularon que&nbsp;<strong>participaron 100.000 personas<\/strong>, aunque el&nbsp;<strong>ayuntamiento, dirigido por Trzaskowski, situ\u00f3 la cifra en 20.000<\/strong>. Trzaskowski supera el 30% en las encuestas, mientras que Nawrocki le sigue con algo m\u00e1s del 20%. Ambos se unieron a un debate el viernes para tratar de animar a sus electorados tradicionales y ganar nuevos votos.<\/p>\n\n\n\n<p><a href=\"https:\/\/es.euronews.com\/my-europe\/2025\/04\/05\/la-comision-electoral-estatal-de-polonia-anuncia-la-lista-de-candidatos-presidenciales\">Las elecciones presidenciales polacas se celebrar\u00e1n el 18 de mayo<\/a>. Polonia utiliza un sistema de mayor\u00eda absoluta en sus elecciones. Si ning\u00fan candidato supera el umbral del 50% necesario para ganar, se celebra una segunda vuelta entre los dos primeros.<\/p>\n\n\n\n<p>El actual presidente,&nbsp;<strong>Andrzej Duda, es independiente y aliado del partido conservador Ley y Justicia<\/strong>. Su segundo y \u00faltimo mandato termina este verano, y ya no puede presentarse a las elecciones.<\/p>\n\n\n\n<p>Fuente: <a href=\"https:\/\/es.euronews.com\/my-europe\/2025\/04\/13\/polonia-celebra-los-1000-anos-desde-la-coronacion-de-su-primer-rey-en-plena-carrera-electo\">https:\/\/es.euronews.com\/my-europe\/2025\/04\/13\/polonia-celebra-los-1000-anos-desde-la-coronacion-de-su-primer-rey-en-plena-carrera-electo<\/a><\/p>\n\n\n\n<p><\/p>\n","protected":false},"excerpt":{"rendered":"<p>Los conservadores polacos bailaron la Polonesa, una celebraci\u00f3n patri\u00f3tica, para apoyar a su candidato presidencial, Karol Nawrocki, en la capital [&hellip;]<\/p>\n","protected":false},"author":1,"featured_media":97706,"comment_status":"open","ping_status":"open","sticky":false,"template":"","format":"standard","meta":{"site-sidebar-layout":"default","site-content-layout":"","ast-site-content-layout":"default","site-content-style":"default","site-sidebar-style":"default","ast-global-header-display":"","ast-banner-title-visibility":"","ast-main-header-display":"","ast-hfb-above-header-display":"","ast-hfb-below-header-display":"","ast-hfb-mobile-header-display":"","site-post-title":"","ast-breadcrumbs-content":"","ast-featured-img":"","footer-sml-layout":"","theme-transparent-header-meta":"","adv-header-id-meta":"","stick-header-meta":"","header-above-stick-meta":"","header-main-stick-meta":"","header-below-stick-meta":"","astra-migrate-meta-layouts":"default","ast-page-background-enabled":"default","ast-page-background-meta":{"desktop":{"background-color":"var(--ast-global-color-4)","background-image":"","background-repeat":"repeat","background-position":"center center","background-size":"auto","background-attachment":"scroll","background-type":"","background-media":"","overlay-type":"","overlay-color":"","overlay-opacity":"","overlay-gradient":""},"tablet":{"background-color":"","background-image":"","background-repeat":"repeat","background-position":"center center","background-size":"auto","background-attachment":"scroll","background-type":"","background-media":"","overlay-type":"","overlay-color":"","overlay-opacity":"","overlay-gradient":""},"mobile":{"background-color":"","background-image":"","background-repeat":"repeat","background-position":"center center","background-size":"auto","background-attachment":"scroll","background-type":"","background-media":"","overlay-type":"","overlay-color":"","overlay-opacity":"","overlay-gradient":""}},"ast-content-background-meta":{"desktop":{"background-color":"var(--ast-global-color-5)","background-image":"","background-repeat":"repeat","background-position":"center center","background-size":"auto","background-attachment":"scroll","background-type":"","background-media":"","overlay-type":"","overlay-color":"","overlay-opacity":"","overlay-gradient":""},"tablet":{"background-color":"var(--ast-global-color-5)","background-image":"","background-repeat":"repeat","background-position":"center center","background-size":"auto","background-attachment":"scroll","background-type":"","background-media":"","overlay-type":"","overlay-color":"","overlay-opacity":"","overlay-gradient":""},"mobile":{"background-color":"var(--ast-global-color-5)","background-image":"","background-repeat":"repeat","background-position":"center center","background-size":"auto","background-attachment":"scroll","background-type":"","background-media":"","overlay-type":"","overlay-color":"","overlay-opacity":"","overlay-gradient":""}},"footnotes":""},"categories":[8],"tags":[37420,8615],"class_list":["post-97705","post","type-post","status-publish","format-standard","has-post-thumbnail","hentry","category-noticias","tag-mil-anos-reinad-polonia","tag-polonia"],"_links":{"self":[{"href":"https:\/\/losperiodistas.com.mx\/portal\/wp-json\/wp\/v2\/posts\/97705","targetHints":{"allow":["GET"]}}],"collection":[{"href":"https:\/\/losperiodistas.com.mx\/portal\/wp-json\/wp\/v2\/posts"}],"about":[{"href":"https:\/\/losperiodistas.com.mx\/portal\/wp-json\/wp\/v2\/types\/post"}],"author":[{"embeddable":true,"href":"https:\/\/losperiodistas.com.mx\/portal\/wp-json\/wp\/v2\/users\/1"}],"replies":[{"embeddable":true,"href":"https:\/\/losperiodistas.com.mx\/portal\/wp-json\/wp\/v2\/comments?post=97705"}],"version-history":[{"count":1,"href":"https:\/\/losperiodistas.com.mx\/portal\/wp-json\/wp\/v2\/posts\/97705\/revisions"}],"predecessor-version":[{"id":97707,"href":"https:\/\/losperiodistas.com.mx\/portal\/wp-json\/wp\/v2\/posts\/97705\/revisions\/97707"}],"wp:featuredmedia":[{"embeddable":true,"href":"https:\/\/losperiodistas.com.mx\/portal\/wp-json\/wp\/v2\/media\/97706"}],"wp:attachment":[{"href":"https:\/\/losperiodistas.com.mx\/portal\/wp-json\/wp\/v2\/media?parent=97705"}],"wp:term":[{"taxonomy":"category","embeddable":true,"href":"https:\/\/losperiodistas.com.mx\/portal\/wp-json\/wp\/v2\/categories?post=97705"},{"taxonomy":"post_tag","embeddable":true,"href":"https:\/\/losperiodistas.com.mx\/portal\/wp-json\/wp\/v2\/tags?post=97705"}],"curies":[{"name":"wp","href":"https:\/\/api.w.org\/{rel}","templated":true}]}}