{"id":97691,"date":"2025-04-13T05:44:43","date_gmt":"2025-04-13T11:44:43","guid":{"rendered":"https:\/\/losperiodistas.com.mx\/portal\/?p=97691"},"modified":"2025-04-13T06:45:00","modified_gmt":"2025-04-13T12:45:00","slug":"michael-schumacher-da-una-extrana-senal-de-vida-12-anos-despues-del-accidente-de-esqui-la-razon","status":"publish","type":"post","link":"https:\/\/losperiodistas.com.mx\/portal\/michael-schumacher-da-una-extrana-senal-de-vida-12-anos-despues-del-accidente-de-esqui-la-razon\/","title":{"rendered":"Michael Schumacher da una extra\u00f1a se\u00f1al de vida 12 a\u00f1os despu\u00e9s del accidente de esqu\u00ed | La Raz\u00f3n"},"content":{"rendered":"\n<h2 class=\"wp-block-heading\">Seg\u00fan ha publicado \u00abDaily Mail\u00bb, el expiloto ha firmado con sus iniciales un casco que ser\u00e1 subastado<\/h2>\n\n\n\n<figure class=\"wp-block-image\"><img decoding=\"async\" src=\"https:\/\/fotografias.larazon.es\/clipping\/cmsimages01\/2019\/10\/24\/48F5D846-9900-43DF-9A32-3D09D916EB9A\/98.jpg?crop=2000,1125,x0,y100&amp;width=1900&amp;height=1069&amp;optimize=low&amp;format=webply\" alt=\"Michael Schumacher gan\u00f3 siete veces el Mundial de F-1\"\/><figcaption class=\"wp-element-caption\"><strong>Michael Schumacher gan\u00f3 siete veces el Mundial de F-1<\/strong> larazon<\/figcaption><\/figure>\n\n\n\n<p class=\"has-vivid-red-color has-text-color has-link-color has-medium-font-size wp-elements-0f24a91b5490bf3fd55fd2d3927f537c\"><strong><a href=\"https:\/\/www.larazon.es\/autores\/marianbenito\/\">Marian Benito<\/a> \/ La Raz\u00f3n<\/strong><\/p>\n\n\n\n<p>El 29 de diciembre de 2013,&nbsp;<strong>Michael Schumacher sufri\u00f3 un fat\u00eddico accidente en las pistas de esqu\u00ed de M\u00e9ribal, en Saboya<\/strong>, que le provocaron graves lesiones cerebrales. Desde entonces, no hemos vuelto a ver la imagen del piloto y tampoco ha habido signo de mejor\u00eda. Sin embargo, seg\u00fan ha publicado \u00abDaily Mail\u00bb, el s\u00e1bado 12 de abril&nbsp;<strong>pudo firmar el casco blanco que us\u00f3 el expiloto Jackie Stewart durante su carrera en las d\u00e9cadas 1960 y 1970.<\/strong><\/p>\n\n\n\n<h2 class=\"wp-block-heading has-ast-global-color-6-background-color has-background has-medium-font-size\">M\u00e1s Noticias<\/h2>\n\n\n\n<ul class=\"wp-block-list\">\n<li><a href=\"https:\/\/www.larazon.es\/gente\/famosos\/fue-terelu-campos-negrera-como-presentadora-opiniones-son-dispares_2025041367fb9ded47c02c0001420f73.html\">Diva televisiva\u00bfFue Terelu Campos una negrera como presentadora? Las opiniones son dispares<\/a><\/li>\n\n\n\n<li><a href=\"https:\/\/www.larazon.es\/gente\/celebrities\/salma-hayek-fue-obligada-casarse-magnate-francoishenry-pinault_2025041367fb923b160aba000148b280.html\">\u00a1Feliz trampa!Salma Hayek fue obligada a casarse con el magnate Fran\u00e7ois-Henry Pinault<\/a><\/li>\n\n\n\n<li><a href=\"https:\/\/www.larazon.es\/gente\/casa-real\/subasta-millonaria-que-devuelve-vida-lady_2025041367fb8a23160aba00014897e3.html\">EternaLa subasta millonaria que \u00abdevuelve la vida\u00bb a Lady Di<\/a><\/li>\n<\/ul>\n\n\n\n<p>Esta pieza ser\u00e1 subastada para recaudar fondos para la organizaci\u00f3n ben\u00e9fica Race Against Dementia del piloto de 85 a\u00f1os, que tiene como objetivo financiar y apoyar a los investigadores para encontrar tratamientos preventivos y curas para la demencia.<\/p>\n\n\n\n<p><a href=\"https:\/\/www.larazon.es\/gente\/famosos\/fue-terelu-campos-negrera-como-presentadora-opiniones-son-dispares_2025041367fb9ded47c02c0001420f73.html\">\u00bfFue Terelu Campos una negrera como presentadora? Las opiniones son dispares<\/a><\/p>\n\n\n\n<p>Seg\u00fan la publicaci\u00f3n, con la ayuda de su esposa Corinna, con la que convive en su mansi\u00f3n a orillas del lago de Ginebra, Schumacher a\u00f1adi\u00f3 sus iniciales \u00abMS \u00ab.&nbsp;<strong>\u00abEs maravilloso que Michael haya podido firmar el casco por esta buena causa:<\/strong>&nbsp;una enfermedad para la que no hay cura\u00bb, dijo Jack Stewart. Su esposa le ayud\u00f3 y complet\u00f3 la panoplia de todos los campeones que todav\u00eda est\u00e1n entre nosotros\u00bb.<\/p>\n\n\n\n<h2 class=\"wp-block-heading\">La primera regla es no hablar de \u00e9l<\/h2>\n\n\n\n<p>Desde el accidente, sus seres queridos&nbsp;<strong>han decidido preservar su privacidad aportando muy pocos datos sobre su estado de salud.<\/strong>&nbsp;As\u00ed lo explic\u00f3 su hermano Ralf Schumacher en una entrevista a Times:<strong>&nbsp;\u00abLa primera regla al hablar con un familiar es no hablar de \u00e9l\u00bb.<\/strong>&nbsp;Solamente est\u00e1 permitido hablar de sus proezas deportivas y de su Gran Premio de Australia de 1994. Todav\u00eda hoy habla de ello.<\/p>\n\n\n\n<p>La vida en su entorno contin\u00faa y Schumacher, padre de dos hijos, Gina y Mick, acaba de ser abuelo. Su hija Gina, que se cas\u00f3 en septiembre con Iain Bethke en Mallorca, dio a luz a Millie en marzo.<\/p>\n\n\n\n<p><a href=\"https:\/\/www.outbrain.com\/what-is\/default\/es\"><\/a><\/p>\n\n\n\n<figure class=\"wp-block-image size-large\"><img fetchpriority=\"high\" decoding=\"async\" width=\"1024\" height=\"941\" src=\"https:\/\/losperiodistas.com.mx\/portal\/wp-content\/uploads\/2025\/04\/Captura-de-pantalla-2025-04-13-a-las-6.41.27\u202fa.m-1024x941.png\" alt=\"\" class=\"wp-image-97692\" srcset=\"https:\/\/losperiodistas.com.mx\/portal\/wp-content\/uploads\/2025\/04\/Captura-de-pantalla-2025-04-13-a-las-6.41.27\u202fa.m-1024x941.png 1024w, https:\/\/losperiodistas.com.mx\/portal\/wp-content\/uploads\/2025\/04\/Captura-de-pantalla-2025-04-13-a-las-6.41.27\u202fa.m-300x276.png 300w, https:\/\/losperiodistas.com.mx\/portal\/wp-content\/uploads\/2025\/04\/Captura-de-pantalla-2025-04-13-a-las-6.41.27\u202fa.m-768x706.png 768w, https:\/\/losperiodistas.com.mx\/portal\/wp-content\/uploads\/2025\/04\/Captura-de-pantalla-2025-04-13-a-las-6.41.27\u202fa.m.png 1138w\" sizes=\"(max-width: 1024px) 100vw, 1024px\" \/><figcaption class=\"wp-element-caption\"><a href=\"https:\/\/www.instagram.com\/p\/DIENhsgtzET\/?utm_source=ig_web_copy_link\">VER EN INSTAGRAM<\/a><\/figcaption><\/figure>\n\n\n\n<p>Los j\u00f3venes padres, ambos grandes apasionados de la equitaci\u00f3n, compartieron su alegr\u00eda a trav\u00e9s de sus redes sociales. Nuestros corazones est\u00e1n m\u00e1s llenos que nunca. \u00abTenemos mucha suerte de tenerte en nuestras vidas \u00bb, escribi\u00f3 Gina.<\/p>\n\n\n\n<p>Fuente: <a href=\"https:\/\/www.larazon.es\/gente\/famosos\/michael-schumacher-extrana-senal-vida-12-anos-despues-accidente-esqui_2025041367fbabfd47c02c0001423b10.html\">https:\/\/www.larazon.es\/gente\/famosos\/michael-schumacher-extrana-senal-vida-12-anos-despues-accidente-esqui_2025041367fbabfd47c02c0001423b10.html<\/a><\/p>\n\n\n\n<p><\/p>\n","protected":false},"excerpt":{"rendered":"<p>Seg\u00fan ha publicado \u00abDaily Mail\u00bb, el expiloto ha firmado con sus iniciales un casco que ser\u00e1 subastado Marian Benito \/ [&hellip;]<\/p>\n","protected":false},"author":1,"featured_media":97693,"comment_status":"open","ping_status":"open","sticky":false,"template":"","format":"standard","meta":{"site-sidebar-layout":"default","site-content-layout":"","ast-site-content-layout":"default","site-content-style":"default","site-sidebar-style":"default","ast-global-header-display":"","ast-banner-title-visibility":"","ast-main-header-display":"","ast-hfb-above-header-display":"","ast-hfb-below-header-display":"","ast-hfb-mobile-header-display":"","site-post-title":"","ast-breadcrumbs-content":"","ast-featured-img":"","footer-sml-layout":"","theme-transparent-header-meta":"","adv-header-id-meta":"","stick-header-meta":"","header-above-stick-meta":"","header-main-stick-meta":"","header-below-stick-meta":"","astra-migrate-meta-layouts":"default","ast-page-background-enabled":"default","ast-page-background-meta":{"desktop":{"background-color":"var(--ast-global-color-4)","background-image":"","background-repeat":"repeat","background-position":"center center","background-size":"auto","background-attachment":"scroll","background-type":"","background-media":"","overlay-type":"","overlay-color":"","overlay-opacity":"","overlay-gradient":""},"tablet":{"background-color":"","background-image":"","background-repeat":"repeat","background-position":"center center","background-size":"auto","background-attachment":"scroll","background-type":"","background-media":"","overlay-type":"","overlay-color":"","overlay-opacity":"","overlay-gradient":""},"mobile":{"background-color":"","background-image":"","background-repeat":"repeat","background-position":"center center","background-size":"auto","background-attachment":"scroll","background-type":"","background-media":"","overlay-type":"","overlay-color":"","overlay-opacity":"","overlay-gradient":""}},"ast-content-background-meta":{"desktop":{"background-color":"var(--ast-global-color-5)","background-image":"","background-repeat":"repeat","background-position":"center center","background-size":"auto","background-attachment":"scroll","background-type":"","background-media":"","overlay-type":"","overlay-color":"","overlay-opacity":"","overlay-gradient":""},"tablet":{"background-color":"var(--ast-global-color-5)","background-image":"","background-repeat":"repeat","background-position":"center center","background-size":"auto","background-attachment":"scroll","background-type":"","background-media":"","overlay-type":"","overlay-color":"","overlay-opacity":"","overlay-gradient":""},"mobile":{"background-color":"var(--ast-global-color-5)","background-image":"","background-repeat":"repeat","background-position":"center center","background-size":"auto","background-attachment":"scroll","background-type":"","background-media":"","overlay-type":"","overlay-color":"","overlay-opacity":"","overlay-gradient":""}},"footnotes":""},"categories":[8],"tags":[37416,37417,37415,37418],"class_list":["post-97691","post","type-post","status-publish","format-standard","has-post-thumbnail","hentry","category-noticias","tag-daily-mail","tag-firma-schumacher-casco","tag-michael-schumacher","tag-senal-de-vida-schumacher"],"_links":{"self":[{"href":"https:\/\/losperiodistas.com.mx\/portal\/wp-json\/wp\/v2\/posts\/97691","targetHints":{"allow":["GET"]}}],"collection":[{"href":"https:\/\/losperiodistas.com.mx\/portal\/wp-json\/wp\/v2\/posts"}],"about":[{"href":"https:\/\/losperiodistas.com.mx\/portal\/wp-json\/wp\/v2\/types\/post"}],"author":[{"embeddable":true,"href":"https:\/\/losperiodistas.com.mx\/portal\/wp-json\/wp\/v2\/users\/1"}],"replies":[{"embeddable":true,"href":"https:\/\/losperiodistas.com.mx\/portal\/wp-json\/wp\/v2\/comments?post=97691"}],"version-history":[{"count":1,"href":"https:\/\/losperiodistas.com.mx\/portal\/wp-json\/wp\/v2\/posts\/97691\/revisions"}],"predecessor-version":[{"id":97694,"href":"https:\/\/losperiodistas.com.mx\/portal\/wp-json\/wp\/v2\/posts\/97691\/revisions\/97694"}],"wp:featuredmedia":[{"embeddable":true,"href":"https:\/\/losperiodistas.com.mx\/portal\/wp-json\/wp\/v2\/media\/97693"}],"wp:attachment":[{"href":"https:\/\/losperiodistas.com.mx\/portal\/wp-json\/wp\/v2\/media?parent=97691"}],"wp:term":[{"taxonomy":"category","embeddable":true,"href":"https:\/\/losperiodistas.com.mx\/portal\/wp-json\/wp\/v2\/categories?post=97691"},{"taxonomy":"post_tag","embeddable":true,"href":"https:\/\/losperiodistas.com.mx\/portal\/wp-json\/wp\/v2\/tags?post=97691"}],"curies":[{"name":"wp","href":"https:\/\/api.w.org\/{rel}","templated":true}]}}