{"id":97678,"date":"2025-04-13T05:49:08","date_gmt":"2025-04-13T11:49:08","guid":{"rendered":"https:\/\/losperiodistas.com.mx\/portal\/?p=97678"},"modified":"2025-04-13T05:49:09","modified_gmt":"2025-04-13T11:49:09","slug":"visita-sorpresa-del-papa-en-la-plaza-feliz-domingo-de-ramos-y-feliz-semana-santa-vatican-news","status":"publish","type":"post","link":"https:\/\/losperiodistas.com.mx\/portal\/visita-sorpresa-del-papa-en-la-plaza-feliz-domingo-de-ramos-y-feliz-semana-santa-vatican-news\/","title":{"rendered":"Visita sorpresa del Papa en la Plaza: \u00abFeliz Domingo de Ramos y Feliz Semana Santa\u00bb | Vatican News"},"content":{"rendered":"\n<p class=\"has-luminous-vivid-amber-background-color has-background has-medium-font-size\">El Papa Francisco aparece de sorpresa en la Plaza de San Pedro al final de la celebraci\u00f3n presidida por el cardenal Leonardo Sandri del Domingo de Ramos y de la Pasi\u00f3n del Se\u00f1or. Tras el saludo de la parvis, Francisco permaneci\u00f3 unos diez minutos saludando a los fieles presentes<\/p>\n\n\n\n<p class=\"has-vivid-red-color has-text-color has-link-color has-medium-font-size wp-elements-f384cc356dd8335e9399a93e7ba15286\"><strong>Lorena Leonardi \/ Vatican News<\/strong><\/p>\n\n\n\n<p>\u00ab\u00a1Feliz Domingo de Ramos y feliz Semana Santa!\u00bb. Estas han sido las palabras que el Papa Francisco ha pronunciado hoy, 13 de abril, desde la parvis de la Plaza de San Pedro al final de la Misa del Domingo de Ramos. El Papa habl\u00f3 desde la parvis y luego permaneci\u00f3 en la plaza durante unos diez minutos, saludando a los fieles. Una sorpresa m\u00e1s del Pont\u00edfice convaleciente, acogido por la multitud que lo aclamaba y un rayo de sol, despu\u00e9s de su presencia el domingo pasado en el Jubileo de los enfermos y del mundo de la salud y sus salidas no programadas del 10 de abril para ir a la Bas\u00edlica Vaticana y la visita de ayer a Santa Mar\u00eda la Mayor para rezar ante el icono de la Salus Populi Romani.&nbsp;<\/p>\n\n\n\n<figure class=\"wp-block-image\"><img decoding=\"async\" src=\"https:\/\/www.vaticannews.va\/content\/dam\/vaticannews\/agenzie\/images\/srv\/2025\/04\/13\/2025-04-13-domenica-delle-palme--passione-del-signore--commemora\/1744538564642.jpg\/_jcr_content\/renditions\/cq5dam.thumbnail.cropped.750.422.jpeg\" alt=\"El Papa en el parvis dirige su saludo a los 40.000 fieles presentes en la Plaza de San Pedro.\" title=\"El Papa en el parvis dirige su saludo a los 40.000 fieles presentes en la Plaza de San Pedro.\"\/><\/figure>\n\n\n\n<p>El Papa en el parvis dirige su saludo a los 40.000 fieles presentes en la Plaza de San Pedro. &nbsp; (VATICAN MEDIA Divisione Foto)<\/p>\n\n\n\n<p>Poco antes, entre los 40.000 fieles presentes en la plaza resonaba la invitaci\u00f3n a llevar la cruz \u00abno al cuello, sino en el coraz\u00f3n\u00bb, y \u00abno solo la nuestra\u00bb, sino tambi\u00e9n \u00abla de quien sufre a nuestro lado\u00bb, tal vez un desconocido encontrado por casualidad: la \u00abpasi\u00f3n\u00bb de Jes\u00fas se convierte en \u00abcompasi\u00f3n\u00bb cuando \u00abtendemos la mano a quien ya no puede soportarla\u00bb, \u00ablevantamos a quien ha ca\u00eddo\u00bb, \u00ababrazamos a quien est\u00e1 desanimado\u00bb. Es la llamada a prepararse para la Pascua \u00abhaci\u00e9ndose cireneos los unos para los otros\u00bb que el Papa Francisco, con ocasi\u00f3n del Domingo de Ramos y de la Pasi\u00f3n del Se\u00f1or, confi\u00f3 a la voz del cardenal Leonardo Sandri. El vicedecano del Colegio Cardenalicio presidi\u00f3 de hecho en la parvis de la bas\u00edlica vaticana, como delegado del Pont\u00edfice a\u00fan convaleciente tras haber sido hospitalizado, la misa que abre los ritos de la Semana Santa, coraz\u00f3n del a\u00f1o lit\u00fargico que culmina con la Pascua.<\/p>\n\n\n\n<h2 class=\"wp-block-heading\">Bendici\u00f3n de palmas y ramos de olivo<\/h2>\n\n\n\n<p>M\u00e1s de 40.000 personas, a pesar del tiempo sombr\u00edo, estuvieron presentes en la plaza de San Pedro adornada con flores multicolores y plantas de viveros italianos y holandeses. Cerca de las estatuas de los santos Pedro y Pablo, a los pies de la parvis y del obelisco, se han colocado grandes olivos. Ciento cincuenta palmas y 200.000 ramitas de olivo se distribuyeron junto con la \u00abpalme fenix\u00bb y las tradicionales palmas tejidas. La procesi\u00f3n parte del brazo de Constantino hasta el obelisco, donde tiene lugar la conmemoraci\u00f3n de la entrada del Se\u00f1or en Jerusal\u00e9n con la bendici\u00f3n de las palmas y ramas de olivo que sostienen los fieles y la proclamaci\u00f3n del Evangelio.<\/p>\n\n\n\n<figure class=\"wp-block-image\"><img decoding=\"async\" src=\"https:\/\/www.vaticannews.va\/content\/dam\/vaticannews\/agenzie\/images\/srv\/2025\/04\/13\/2025-04-13-domenica-delle-palme--passione-del-signore--commemora\/1744532266878.jpg\/_jcr_content\/renditions\/cq5dam.thumbnail.cropped.750.422.jpeg\" alt=\"El cardenal Sandri durante la bendici\u00f3n de palmas y ramas de olivo.\" title=\"El cardenal Sandri durante la bendici\u00f3n de palmas y ramas de olivo.\"\/><\/figure>\n\n\n\n<p>El cardenal Sandri durante la bendici\u00f3n de palmas y ramas de olivo. &nbsp; (VATICAN MEDIA Divisione Foto)<\/p>\n\n\n\n<p>Fuente: <a href=\"https:\/\/www.vaticannews.va\/es\/papa\/news\/2025-04\/sorpresa-de-papa-en-la-plaza-de-san-pedro-feliz-domingo-de-ramos.html\">https:\/\/www.vaticannews.va\/es\/papa\/news\/2025-04\/sorpresa-de-papa-en-la-plaza-de-san-pedro-feliz-domingo-de-ramos.html<\/a><\/p>\n","protected":false},"excerpt":{"rendered":"<p>El Papa Francisco aparece de sorpresa en la Plaza de San Pedro al final de la celebraci\u00f3n presidida por el [&hellip;]<\/p>\n","protected":false},"author":1,"featured_media":97679,"comment_status":"open","ping_status":"open","sticky":false,"template":"","format":"standard","meta":{"site-sidebar-layout":"default","site-content-layout":"","ast-site-content-layout":"default","site-content-style":"default","site-sidebar-style":"default","ast-global-header-display":"","ast-banner-title-visibility":"","ast-main-header-display":"","ast-hfb-above-header-display":"","ast-hfb-below-header-display":"","ast-hfb-mobile-header-display":"","site-post-title":"","ast-breadcrumbs-content":"","ast-featured-img":"","footer-sml-layout":"","theme-transparent-header-meta":"","adv-header-id-meta":"","stick-header-meta":"","header-above-stick-meta":"","header-main-stick-meta":"","header-below-stick-meta":"","astra-migrate-meta-layouts":"default","ast-page-background-enabled":"default","ast-page-background-meta":{"desktop":{"background-color":"var(--ast-global-color-4)","background-image":"","background-repeat":"repeat","background-position":"center center","background-size":"auto","background-attachment":"scroll","background-type":"","background-media":"","overlay-type":"","overlay-color":"","overlay-opacity":"","overlay-gradient":""},"tablet":{"background-color":"","background-image":"","background-repeat":"repeat","background-position":"center center","background-size":"auto","background-attachment":"scroll","background-type":"","background-media":"","overlay-type":"","overlay-color":"","overlay-opacity":"","overlay-gradient":""},"mobile":{"background-color":"","background-image":"","background-repeat":"repeat","background-position":"center center","background-size":"auto","background-attachment":"scroll","background-type":"","background-media":"","overlay-type":"","overlay-color":"","overlay-opacity":"","overlay-gradient":""}},"ast-content-background-meta":{"desktop":{"background-color":"var(--ast-global-color-5)","background-image":"","background-repeat":"repeat","background-position":"center center","background-size":"auto","background-attachment":"scroll","background-type":"","background-media":"","overlay-type":"","overlay-color":"","overlay-opacity":"","overlay-gradient":""},"tablet":{"background-color":"var(--ast-global-color-5)","background-image":"","background-repeat":"repeat","background-position":"center center","background-size":"auto","background-attachment":"scroll","background-type":"","background-media":"","overlay-type":"","overlay-color":"","overlay-opacity":"","overlay-gradient":""},"mobile":{"background-color":"var(--ast-global-color-5)","background-image":"","background-repeat":"repeat","background-position":"center center","background-size":"auto","background-attachment":"scroll","background-type":"","background-media":"","overlay-type":"","overlay-color":"","overlay-opacity":"","overlay-gradient":""}},"footnotes":""},"categories":[8],"tags":[37400,37401,2370],"class_list":["post-97678","post","type-post","status-publish","format-standard","has-post-thumbnail","hentry","category-noticias","tag-domingo-de-ramos-2025","tag-reaparce-papa-francisco","tag-vaticano"],"_links":{"self":[{"href":"https:\/\/losperiodistas.com.mx\/portal\/wp-json\/wp\/v2\/posts\/97678","targetHints":{"allow":["GET"]}}],"collection":[{"href":"https:\/\/losperiodistas.com.mx\/portal\/wp-json\/wp\/v2\/posts"}],"about":[{"href":"https:\/\/losperiodistas.com.mx\/portal\/wp-json\/wp\/v2\/types\/post"}],"author":[{"embeddable":true,"href":"https:\/\/losperiodistas.com.mx\/portal\/wp-json\/wp\/v2\/users\/1"}],"replies":[{"embeddable":true,"href":"https:\/\/losperiodistas.com.mx\/portal\/wp-json\/wp\/v2\/comments?post=97678"}],"version-history":[{"count":1,"href":"https:\/\/losperiodistas.com.mx\/portal\/wp-json\/wp\/v2\/posts\/97678\/revisions"}],"predecessor-version":[{"id":97680,"href":"https:\/\/losperiodistas.com.mx\/portal\/wp-json\/wp\/v2\/posts\/97678\/revisions\/97680"}],"wp:featuredmedia":[{"embeddable":true,"href":"https:\/\/losperiodistas.com.mx\/portal\/wp-json\/wp\/v2\/media\/97679"}],"wp:attachment":[{"href":"https:\/\/losperiodistas.com.mx\/portal\/wp-json\/wp\/v2\/media?parent=97678"}],"wp:term":[{"taxonomy":"category","embeddable":true,"href":"https:\/\/losperiodistas.com.mx\/portal\/wp-json\/wp\/v2\/categories?post=97678"},{"taxonomy":"post_tag","embeddable":true,"href":"https:\/\/losperiodistas.com.mx\/portal\/wp-json\/wp\/v2\/tags?post=97678"}],"curies":[{"name":"wp","href":"https:\/\/api.w.org\/{rel}","templated":true}]}}