{"id":976,"date":"2020-11-08T07:55:00","date_gmt":"2020-11-08T13:55:00","guid":{"rendered":"http:\/\/losperiodistas.com.mx\/portal\/?p=976"},"modified":"2020-11-08T07:55:00","modified_gmt":"2020-11-08T13:55:00","slug":"la-oposicion-mexicana-se-adelanta-al-gobierno-en-felicitar-a-joe-biden","status":"publish","type":"post","link":"https:\/\/losperiodistas.com.mx\/portal\/la-oposicion-mexicana-se-adelanta-al-gobierno-en-felicitar-a-joe-biden\/","title":{"rendered":"La oposici\u00f3n mexicana se adelanta al gobierno en felicitar a Joe Biden"},"content":{"rendered":"\n<p><em>Los partidos de la oposici\u00f3n mexicana han acusado al presidente, Andr\u00e9s Manuel L\u00f3pez Obrador, de ayudar a la campa\u00f1a de reelecci\u00f3n de Donald Trump con su visita a la Casa Blanca de julio pasado<\/em><\/p>\n\n\n\n<p class=\"has-vivid-cyan-blue-color has-text-color has-medium-font-size\">FORBES STAFF<\/p>\n\n\n\n<p><strong>EFE.-<\/strong>\u00a0L\u00edderes de la oposici\u00f3n mexicana felicitaron este s\u00e1bado al nuevo presidente electo de Estados Unidos, Joe Biden, mientras el Gobierno mexicano a\u00fan guardaba silencio ante los resultados.<\/p>\n\n\n\n<p>\u201cFelicitamos a Joe Biden por su triunfo como el 46\u00ba presidente de Estados Unidos. Hacemos votos para que esta elecci\u00f3n nos permita construir una relaci\u00f3n bilateral basada en el respeto mutuo\u201d, declar\u00f3 Marko Cort\u00e9s, presidente del derechista Partido Acci\u00f3n Nacional (PAN).<\/p>\n\n\n\n<p>M\u00e9xico mira con expectativa la elecci\u00f3n de Estados Unidos, donde Biden super\u00f3 hoy los 270 votos necesarios del colegio electoral con sus victorias en Pensilvania y Nevada, adem\u00e1s de la que declaran algunos medios en Arizona.<\/p>\n\n\n\n<p>Los partidos de la oposici\u00f3n mexicana han acusado al presidente, Andr\u00e9s Manuel L\u00f3pez Obrador, de ayudar a la campa\u00f1a de reelecci\u00f3n de Donald Trump con su visita a la Casa Blanca de julio pasado, el \u00fanico viaje al extranjero que ha hecho el mandatario de M\u00e9xico.<\/p>\n\n\n\n<p>Preguntado por su opini\u00f3n de la elecci\u00f3n durante toda la semana, L\u00f3pez Obrador insisti\u00f3 en sus ruedas de prensa que no se pronunciar\u00eda hasta conocer el resultado oficial, al lamentar que pa\u00edses como Espa\u00f1a hayan felicitado a su rival cuando la elecci\u00f3n de M\u00e9xico a\u00fan no se resolv\u00eda en 2006.<\/p>\n\n\n\n<p>\u201cPara que no haya malas interpretaciones, no podemos pronunciarnos, no debemos hablar acerca de las elecciones en Estados Unidos, porque todav\u00eda no es un proceso concluido y tenemos que actuar con mucha prudencia\u201d, argument\u00f3 el viernes.<\/p>\n\n\n\n<p>Sin embargo, los principales l\u00edderes de la oposici\u00f3n mexicana no coincidieron con el l\u00edder izquierdista.<\/p>\n\n\n\n<p>\u201cConf\u00edo en que el triunfo de Joe Biden represente una nueva era de respeto y trato digno para los migrantes mexicanos y latinoamericanos\u201d, expres\u00f3 este s\u00e1bado Alejandro Moreno, presidente del Partido Revolucionario Institucional (PRI), que gobern\u00f3 el pa\u00eds por cerca de 70 a\u00f1os.<\/p>\n\n\n\n<p>Ricardo Anaya, excandidato presidencial del PAN en 2018, tambi\u00e9n celebr\u00f3 la derrota del \u201cpopulismo\u201d.<\/p>\n\n\n\n<p>\u201cFuncion\u00f3 la democracia en Estados Unidos. Fue derrotado Trump: un populista, narcisista, mis\u00f3gino, demagogo y mentiroso. Es una buena noticia para Estados Unidos y para el mundo\u201d, manifest\u00f3.<\/p>\n\n\n\n<p>Representantes de estados fronterizos tambi\u00e9n aplaudieron la victoria del candidato dem\u00f3crata.<\/p>\n\n\n\n<p>\u201cReconocemos a nuestro vecino Estados Unidos que eligi\u00f3 a Joe Biden como su nuevo Presidente. Llega a su fin la pesadilla Trump\u201d, declar\u00f3 Samuel Garc\u00eda, senador del norte\u00f1o estado de Nuevo Le\u00f3n, del partido Movimiento Ciudadano.<\/p>\n\n\n\n<p>Hasta este momento, el Gobierno de M\u00e9xico no se ha pronunciado sobre la elecci\u00f3n de Estados Unidos.<\/p>\n\n\n\n<p>Los pol\u00edticos de oposici\u00f3n tambi\u00e9n han expresado que esperan que el Gobierno de Biden presione a la gesti\u00f3n de L\u00f3pez Obrador en temas como energ\u00eda, medioambiente y anticorrupci\u00f3n.\u00a0<\/p>\n\n\n\n<p>Fuente: https:\/\/www.forbes.com.mx\/oposicion-mexicana-adelanta-gobierno-joe-biden\/<\/p>\n","protected":false},"excerpt":{"rendered":"<p>Los partidos de la oposici\u00f3n mexicana han acusado al presidente, Andr\u00e9s Manuel L\u00f3pez Obrador, de ayudar a la campa\u00f1a de [&hellip;]<\/p>\n","protected":false},"author":1,"featured_media":977,"comment_status":"open","ping_status":"open","sticky":false,"template":"","format":"standard","meta":{"site-sidebar-layout":"default","site-content-layout":"","ast-site-content-layout":"default","site-content-style":"default","site-sidebar-style":"default","ast-global-header-display":"","ast-banner-title-visibility":"","ast-main-header-display":"","ast-hfb-above-header-display":"","ast-hfb-below-header-display":"","ast-hfb-mobile-header-display":"","site-post-title":"","ast-breadcrumbs-content":"","ast-featured-img":"","footer-sml-layout":"","theme-transparent-header-meta":"","adv-header-id-meta":"","stick-header-meta":"","header-above-stick-meta":"","header-main-stick-meta":"","header-below-stick-meta":"","astra-migrate-meta-layouts":"default","ast-page-background-enabled":"default","ast-page-background-meta":{"desktop":{"background-color":"var(--ast-global-color-4)","background-image":"","background-repeat":"repeat","background-position":"center center","background-size":"auto","background-attachment":"scroll","background-type":"","background-media":"","overlay-type":"","overlay-color":"","overlay-opacity":"","overlay-gradient":""},"tablet":{"background-color":"","background-image":"","background-repeat":"repeat","background-position":"center center","background-size":"auto","background-attachment":"scroll","background-type":"","background-media":"","overlay-type":"","overlay-color":"","overlay-opacity":"","overlay-gradient":""},"mobile":{"background-color":"","background-image":"","background-repeat":"repeat","background-position":"center center","background-size":"auto","background-attachment":"scroll","background-type":"","background-media":"","overlay-type":"","overlay-color":"","overlay-opacity":"","overlay-gradient":""}},"ast-content-background-meta":{"desktop":{"background-color":"var(--ast-global-color-5)","background-image":"","background-repeat":"repeat","background-position":"center center","background-size":"auto","background-attachment":"scroll","background-type":"","background-media":"","overlay-type":"","overlay-color":"","overlay-opacity":"","overlay-gradient":""},"tablet":{"background-color":"var(--ast-global-color-5)","background-image":"","background-repeat":"repeat","background-position":"center center","background-size":"auto","background-attachment":"scroll","background-type":"","background-media":"","overlay-type":"","overlay-color":"","overlay-opacity":"","overlay-gradient":""},"mobile":{"background-color":"var(--ast-global-color-5)","background-image":"","background-repeat":"repeat","background-position":"center center","background-size":"auto","background-attachment":"scroll","background-type":"","background-media":"","overlay-type":"","overlay-color":"","overlay-opacity":"","overlay-gradient":""}},"footnotes":""},"categories":[8],"tags":[],"class_list":["post-976","post","type-post","status-publish","format-standard","has-post-thumbnail","hentry","category-noticias"],"_links":{"self":[{"href":"https:\/\/losperiodistas.com.mx\/portal\/wp-json\/wp\/v2\/posts\/976","targetHints":{"allow":["GET"]}}],"collection":[{"href":"https:\/\/losperiodistas.com.mx\/portal\/wp-json\/wp\/v2\/posts"}],"about":[{"href":"https:\/\/losperiodistas.com.mx\/portal\/wp-json\/wp\/v2\/types\/post"}],"author":[{"embeddable":true,"href":"https:\/\/losperiodistas.com.mx\/portal\/wp-json\/wp\/v2\/users\/1"}],"replies":[{"embeddable":true,"href":"https:\/\/losperiodistas.com.mx\/portal\/wp-json\/wp\/v2\/comments?post=976"}],"version-history":[{"count":1,"href":"https:\/\/losperiodistas.com.mx\/portal\/wp-json\/wp\/v2\/posts\/976\/revisions"}],"predecessor-version":[{"id":978,"href":"https:\/\/losperiodistas.com.mx\/portal\/wp-json\/wp\/v2\/posts\/976\/revisions\/978"}],"wp:featuredmedia":[{"embeddable":true,"href":"https:\/\/losperiodistas.com.mx\/portal\/wp-json\/wp\/v2\/media\/977"}],"wp:attachment":[{"href":"https:\/\/losperiodistas.com.mx\/portal\/wp-json\/wp\/v2\/media?parent=976"}],"wp:term":[{"taxonomy":"category","embeddable":true,"href":"https:\/\/losperiodistas.com.mx\/portal\/wp-json\/wp\/v2\/categories?post=976"},{"taxonomy":"post_tag","embeddable":true,"href":"https:\/\/losperiodistas.com.mx\/portal\/wp-json\/wp\/v2\/tags?post=976"}],"curies":[{"name":"wp","href":"https:\/\/api.w.org\/{rel}","templated":true}]}}