{"id":97379,"date":"2025-04-08T09:27:27","date_gmt":"2025-04-08T15:27:27","guid":{"rendered":"https:\/\/losperiodistas.com.mx\/portal\/?p=97379"},"modified":"2025-04-08T09:27:28","modified_gmt":"2025-04-08T15:27:28","slug":"huele-al-presidente-emmanuel-macron-y-las-cantidades-industriales-que-usa-de-su-colonia-favorita-para-marcar-su-territorio-loc","status":"publish","type":"post","link":"https:\/\/losperiodistas.com.mx\/portal\/huele-al-presidente-emmanuel-macron-y-las-cantidades-industriales-que-usa-de-su-colonia-favorita-para-marcar-su-territorio-loc\/","title":{"rendered":"\u00abHuele al presidente\u00bb: Emmanuel Macron y las \u00abcantidades industriales\u00bb que usa de su colonia favorita para \u00abmarcar su territorio\u00bb | LOC"},"content":{"rendered":"\n<p class=\"has-blush-light-purple-gradient-background has-background has-medium-font-size\">\u00abAl igual que Luis XIV cuando usaba sus perfumes como un atributo de poder cuando se paseaba por las galer\u00edas de Versalles, Emmanuel Macron lo utiliza como un elemento de su autoridad en el El\u00edseo\u00bb, puede leerse en el libro&nbsp;<em>La tragedia del El\u00edseo&nbsp;<\/em>del periodista Olivier Beaumont.<\/p>\n\n\n\n<figure class=\"wp-block-image size-large\"><img fetchpriority=\"high\" decoding=\"async\" width=\"1024\" height=\"682\" src=\"https:\/\/losperiodistas.com.mx\/portal\/wp-content\/uploads\/2025\/04\/17440158728658-1024x682.webp\" alt=\"\" class=\"wp-image-97380\" srcset=\"https:\/\/losperiodistas.com.mx\/portal\/wp-content\/uploads\/2025\/04\/17440158728658-1024x682.webp 1024w, https:\/\/losperiodistas.com.mx\/portal\/wp-content\/uploads\/2025\/04\/17440158728658-300x200.webp 300w, https:\/\/losperiodistas.com.mx\/portal\/wp-content\/uploads\/2025\/04\/17440158728658-768x512.webp 768w, https:\/\/losperiodistas.com.mx\/portal\/wp-content\/uploads\/2025\/04\/17440158728658.webp 1220w\" sizes=\"(max-width: 1024px) 100vw, 1024px\" \/><figcaption class=\"wp-element-caption\">Emmanuel Macron, en diciembre del pasado a\u00f1o. GTRES<\/figcaption><\/figure>\n\n\n\n<p><\/p>\n\n\n\n<p class=\"has-vivid-red-color has-text-color has-link-color has-medium-font-size wp-elements-faeeee9a37104319f0cf08934f5a8d63\"><strong><a href=\"https:\/\/www.elmundo.es\/autor\/carlos-fresneda.html\">Carlos Fresneda<\/a> \/ LOC <\/strong><\/p>\n\n\n\n<p>CorresponsalPar\u00eds<\/p>\n\n\n\n<p><\/p>\n\n\n\n<ul class=\"wp-block-list\">\n<li><strong>Par\u00eds<\/strong><a href=\"https:\/\/www.elmundo.es\/loc\/2017\/04\/18\/58f62d5a268e3e50388b45b0.html\">\u00a0La dif\u00edcil personalidad de Macron: sin amigos y &#8216;alejado&#8217; de su familia<\/a><\/li>\n<\/ul>\n\n\n\n<p><strong>Obsesionado con su imagen<\/strong>,&nbsp;<a href=\"https:\/\/www.elmundo.es\/e\/em\/emmanuel-macron.html\">Emmanuel Macron<\/a>&nbsp;se perfuma m\u00e1s de lo razonable<strong>&nbsp;para dejar huella<\/strong>&nbsp;en quienes se cruzan en su camino&#8230; Lo cuenta de buena tinta el periodista de&nbsp;<em>Le Parisien<\/em>&nbsp;Olivier Beaumont en&nbsp;<em>La tragedia del El\u00edseo<\/em>, el libro que retrata el crep\u00fasculo del presidente franc\u00e9s y que indaga como pocos en&nbsp;<strong>sus man\u00edas y en sus detalles personales.<\/strong><\/p>\n\n\n\n<p>Pues parece que Macron usa&nbsp;<strong>\u00abcantidades industriales\u00bb de su colonia predilecta,<\/strong>&nbsp;Dior Eau Sauvage, con la intenci\u00f3n manifiesta de<strong>&nbsp;\u00abmarcar su territorio\u00bb<\/strong>&nbsp;(seg\u00fan un ex asesor) y para que quede constancia de que \u00abel presidente est\u00e1 en el edificio\u00bb.<\/p>\n\n\n\n<figure class=\"wp-block-image size-large\"><img decoding=\"async\" width=\"758\" height=\"1024\" src=\"https:\/\/losperiodistas.com.mx\/portal\/wp-content\/uploads\/2025\/04\/Captura-de-pantalla-2025-04-08-a-las-9.23.06\u202fa.m-758x1024.png\" alt=\"\" class=\"wp-image-97384\" srcset=\"https:\/\/losperiodistas.com.mx\/portal\/wp-content\/uploads\/2025\/04\/Captura-de-pantalla-2025-04-08-a-las-9.23.06\u202fa.m-758x1024.png 758w, https:\/\/losperiodistas.com.mx\/portal\/wp-content\/uploads\/2025\/04\/Captura-de-pantalla-2025-04-08-a-las-9.23.06\u202fa.m-222x300.png 222w, https:\/\/losperiodistas.com.mx\/portal\/wp-content\/uploads\/2025\/04\/Captura-de-pantalla-2025-04-08-a-las-9.23.06\u202fa.m-768x1038.png 768w, https:\/\/losperiodistas.com.mx\/portal\/wp-content\/uploads\/2025\/04\/Captura-de-pantalla-2025-04-08-a-las-9.23.06\u202fa.m.png 1076w\" sizes=\"(max-width: 758px) 100vw, 758px\" \/><figcaption class=\"wp-element-caption\"><a href=\"https:\/\/www.instagram.com\/reel\/DH-lBHzAOEJ\/?utm_source=ig_web_copy_link\">VER EN INSTAGRAM<\/a><\/figcaption><\/figure>\n\n\n\n<p><strong>\u00abAl igual que Luis XIV<\/strong>&nbsp;cuando usaba sus perfumes como un atributo de poder cuando se paseaba por las galer\u00edas de Versalles, Emmanuel Macron lo utiliza&nbsp;<strong>como un elemento de su autoridad&nbsp;<\/strong>en el El\u00edseo\u00bb, puede leerse en el libro.<\/p>\n\n\n\n<p>La colonia de Dior, refinada y poderosa, con&nbsp;<strong>notas frescas y a\u00e9reas de hediona<\/strong>&nbsp;y con la lavanda poniendo una nota floral con una faceta amaderada, no solo tiene un efecto \u00abanunciador\u00bb del presidente entre su s\u00e9quito, sino que puede causar&nbsp;<strong>un efecto abrumador&nbsp;<\/strong>sobre las visitas.<\/p>\n\n\n\n<p class=\"has-ast-global-color-6-background-color has-background\">Para saber m\u00e1s<\/p>\n\n\n\n<figure class=\"wp-block-image\"><img decoding=\"async\" src=\"https:\/\/e00-elmundo.uecdn.es\/assets\/multimedia\/imagenes\/2024\/03\/04\/17095482750041.jpg\" alt=\"Emmanuel y Brigitte Macron y Tiphaine Auzi\u00e8re, hija mejor de la primera dama.\"\/><\/figure>\n\n\n\n<p>Francia.&nbsp;<a href=\"https:\/\/www.elmundo.es\/loc\/celebrities\/2024\/03\/04\/65e59ec8e9cf4a39458b4577.html\">La hija de Brigitte Macron habla por primera vez del presidente Emmanuel: \u00abEs un padrastro adorable\u00bb<\/a><\/p>\n\n\n\n<ul class=\"wp-block-list\">\n<li>Redacci\u00f3n:RAQUEL VILLA\u00c9CIJA\u00a0(Corresponsal)Par\u00eds<\/li>\n<\/ul>\n\n\n\n<p><a href=\"https:\/\/www.elmundo.es\/loc\/celebrities\/2024\/03\/04\/65e59ec8e9cf4a39458b4577.html\">La hija de Brigitte Macron habla por primera vez del presidente Emmanuel: \u00abEs un padrastro adorable\u00bb<\/a><\/p>\n\n\n\n<figure class=\"wp-block-image\"><img decoding=\"async\" src=\"https:\/\/e00-elmundo.uecdn.es\/assets\/multimedia\/imagenes\/2022\/04\/25\/16508732590328.jpg\" alt=\"Brigitte Macron apoya a su marido tras ser reelegido\"\/><\/figure>\n\n\n\n<p>Pol\u00edtica.&nbsp;<a href=\"https:\/\/www.elmundo.es\/loc\/celebrities\/2021\/09\/03\/6130e4d421efa0db598b45e6.html\">El poder de Brigitte Macron en el El\u00edseo: su marido la llama cada hora y media para tenerla al corriente<\/a><\/p>\n\n\n\n<ul class=\"wp-block-list\">\n<li>Redacci\u00f3n:\u00c1NGEL ORTIZ<\/li>\n<\/ul>\n\n\n\n<p><a href=\"https:\/\/www.elmundo.es\/loc\/celebrities\/2021\/09\/03\/6130e4d421efa0db598b45e6.html\">El poder de Brigitte Macron en el El\u00edseo: su marido la llama cada hora y media para tenerla al corriente<\/a><\/p>\n\n\n\n<h2 class=\"wp-block-heading\" id=\"cardTitle_signUp\">LOC<\/h2>\n\n\n\n<p>Los mejores temas de actualidad de nuestros famosos, por Emilia Landaluce.Correo electr\u00f3nico introducido:losperiodistas.com.mx@gmail.comCambiarApuntarme<\/p>\n\n\n\n<p>De acuerdo con el libro,<strong>&nbsp;la propia Brigitte suele rociarse<\/strong>&nbsp;ocasionalmente con el mismo irresistible perfume para sentir que su marido est\u00e1 cerca. Dior Eau Sauvage lleva por cierto la marca del&nbsp;<strong>hombre m\u00e1s rico de Francia, Bernard Arnault,<\/strong>&nbsp;y propietario de LVMH,&nbsp;<strong>el mayor imperio&nbsp;<\/strong>de productos de lujo del mundo.<\/p>\n\n\n\n<p>Cuenta Olivier Beaumont&nbsp;<strong>otra curiosidad un tanto exc\u00e9ntrica&nbsp;<\/strong>de Macron, y es su&nbsp;<strong>peculiar colecci\u00f3n de gafas de sol<\/strong>&nbsp;(\u00abcada una m\u00e1s fea que la otra\u00bb) que el presidente ofrece ocasionalmente a sus visitas cuando llega&nbsp;<strong>la hora del paseo&nbsp;<\/strong>por los jardines del El\u00edseo.<\/p>\n\n\n\n<figure class=\"wp-block-image size-large\"><img decoding=\"async\" width=\"757\" height=\"1024\" src=\"https:\/\/losperiodistas.com.mx\/portal\/wp-content\/uploads\/2025\/04\/Captura-de-pantalla-2025-04-08-a-las-9.21.34\u202fa.m-757x1024.png\" alt=\"\" class=\"wp-image-97383\" srcset=\"https:\/\/losperiodistas.com.mx\/portal\/wp-content\/uploads\/2025\/04\/Captura-de-pantalla-2025-04-08-a-las-9.21.34\u202fa.m-757x1024.png 757w, https:\/\/losperiodistas.com.mx\/portal\/wp-content\/uploads\/2025\/04\/Captura-de-pantalla-2025-04-08-a-las-9.21.34\u202fa.m-222x300.png 222w, https:\/\/losperiodistas.com.mx\/portal\/wp-content\/uploads\/2025\/04\/Captura-de-pantalla-2025-04-08-a-las-9.21.34\u202fa.m-768x1039.png 768w, https:\/\/losperiodistas.com.mx\/portal\/wp-content\/uploads\/2025\/04\/Captura-de-pantalla-2025-04-08-a-las-9.21.34\u202fa.m.png 1076w\" sizes=\"(max-width: 757px) 100vw, 757px\" \/><figcaption class=\"wp-element-caption\"><a href=\"https:\/\/www.instagram.com\/reel\/DIHyw0eNFXC\/?utm_source=ig_web_copy_link\">VER EN INSTAGRAM<\/a><\/figcaption><\/figure>\n\n\n\n<p>\u00abUna vez que tomas prestada una de esas gafas,&nbsp;<strong>no te olvidas nunca m\u00e1s de traer las tuyas\u00bb,&nbsp;<\/strong>asegura un ex ministro, convencido de que se trata de<strong>&nbsp;otro de sus \u00abjuegos de poder\u00bb<\/strong>&nbsp;para asegurar su dominio sobre sus hu\u00e9spedes.<\/p>\n\n\n\n<p><em>La tragedia del El\u00edseo,<\/em>&nbsp;que sali\u00f3 a la venta la semana pasada, aspira a ser tanto<strong>&nbsp;\u00abel retrato de un lugar de poder,&nbsp;<\/strong>de sus rituales y sus artefactos\u00bb como una semblanza de su inquilino de 47 a\u00f1os,&nbsp;<strong>aislado en la recta final de su mandato<\/strong>&nbsp;y obsesionado por su propia imagen y por su legado.<\/p>\n\n\n\n<figure class=\"wp-block-image size-large\"><img loading=\"lazy\" decoding=\"async\" width=\"927\" height=\"1024\" src=\"https:\/\/losperiodistas.com.mx\/portal\/wp-content\/uploads\/2025\/04\/Captura-de-pantalla-2025-04-08-a-las-9.20.24\u202fa.m-927x1024.png\" alt=\"\" class=\"wp-image-97382\" srcset=\"https:\/\/losperiodistas.com.mx\/portal\/wp-content\/uploads\/2025\/04\/Captura-de-pantalla-2025-04-08-a-las-9.20.24\u202fa.m-927x1024.png 927w, https:\/\/losperiodistas.com.mx\/portal\/wp-content\/uploads\/2025\/04\/Captura-de-pantalla-2025-04-08-a-las-9.20.24\u202fa.m-272x300.png 272w, https:\/\/losperiodistas.com.mx\/portal\/wp-content\/uploads\/2025\/04\/Captura-de-pantalla-2025-04-08-a-las-9.20.24\u202fa.m-768x848.png 768w, https:\/\/losperiodistas.com.mx\/portal\/wp-content\/uploads\/2025\/04\/Captura-de-pantalla-2025-04-08-a-las-9.20.24\u202fa.m.png 1076w\" sizes=\"(max-width: 927px) 100vw, 927px\" \/><figcaption class=\"wp-element-caption\"><a href=\"https:\/\/www.instagram.com\/p\/DHG7sUENlHO\/?utm_source=ig_web_copy_link\">VER EN INSTAGRAM<\/a><\/figcaption><\/figure>\n\n\n\n<p>A partir de casi 70 testimonios, Olivier Beaumont intenta un acercamiento humano al&nbsp;<strong>presidente calculador y \u00aboptimista infalible\u00bb,&nbsp;<\/strong>desgastado por la situaci\u00f3n de perpetua crisis pol\u00edtica que se respira en Francia, agravada en la \u00faltima semana por&nbsp;<a href=\"https:\/\/www.elmundo.es\/internacional\/2025\/04\/02\/67ed1e39e9cf4a8b198b45b6.html\">la sentencia de inhabilitaci\u00f3n&nbsp;<\/a>por cinco a\u00f1os de&nbsp;<a href=\"https:\/\/www.elmundo.es\/e\/ma\/marine-le-pen.html\">Marine Le Pen<\/a>&nbsp;(que el domingo fue aclamada como \u00abpresidenta\u00bb por cientos de seguidores a los pies de Los Inv\u00e1lidos, donde est\u00e1 enterrado Napole\u00f3n).<\/p>\n\n\n\n<p><strong>\u00abLos franceses no ven lo mucho que he hecho por ellos,<\/strong>&nbsp;ya no me quieren\u00bb, lleg\u00f3 a reconocer el propio Macron ante un amigo en su \u00abch\u00e2teau\u00bb del El\u00edseo, escenario de la \u00abtragicomedia\u00bb del poder, con sus 365 salas en el coraz\u00f3n de Par\u00eds que son el espejo mismo al que se mira el&nbsp;<strong>presidente m\u00e1s joven de la V Rep\u00fablica,<\/strong>&nbsp;resignado a ceder el testigo en el 2027.<\/p>\n\n\n\n<figure class=\"wp-block-image size-large\"><img loading=\"lazy\" decoding=\"async\" width=\"752\" height=\"1024\" src=\"https:\/\/losperiodistas.com.mx\/portal\/wp-content\/uploads\/2025\/04\/Captura-de-pantalla-2025-04-08-a-las-9.19.05\u202fa.m-752x1024.png\" alt=\"\" class=\"wp-image-97381\" srcset=\"https:\/\/losperiodistas.com.mx\/portal\/wp-content\/uploads\/2025\/04\/Captura-de-pantalla-2025-04-08-a-las-9.19.05\u202fa.m-752x1024.png 752w, https:\/\/losperiodistas.com.mx\/portal\/wp-content\/uploads\/2025\/04\/Captura-de-pantalla-2025-04-08-a-las-9.19.05\u202fa.m-220x300.png 220w, https:\/\/losperiodistas.com.mx\/portal\/wp-content\/uploads\/2025\/04\/Captura-de-pantalla-2025-04-08-a-las-9.19.05\u202fa.m-768x1046.png 768w, https:\/\/losperiodistas.com.mx\/portal\/wp-content\/uploads\/2025\/04\/Captura-de-pantalla-2025-04-08-a-las-9.19.05\u202fa.m.png 1076w\" sizes=\"(max-width: 752px) 100vw, 752px\" \/><figcaption class=\"wp-element-caption\"><a href=\"https:\/\/www.instagram.com\/p\/DG1SCQhNXcw\/?utm_source=ig_web_copy_link\">VER EN INSTAGRAM<\/a><\/figcaption><\/figure>\n\n\n\n<p><strong>\u00ab\u00bfCu\u00e1ntas crisis, dramas y trucos sucios<\/strong>&nbsp;se han representado all\u00ed desde su llegada?\u00bb, se pregunta Beaumont. Su corte mengua (el \u00faltimo en abandonar la nave ha sido su jefe de personal Alexis Kohler),<strong>&nbsp;las rivalidades se agudizan<\/strong>&nbsp;y las tensiones en espacio de centro que tanto le cost\u00f3 conquistar van a m\u00e1s<strong>&nbsp;a falta de un sucesor&nbsp;<\/strong>que pueda plantarle cara a Le Pen o a su \u00abdelf\u00edn\u00bb Jordan Bardella.<\/p>\n\n\n\n<p>Pero si algo ha definido a Macron desde su llegada al El\u00edseo en el 2017 ha sido precisamente su<strong>&nbsp;capacidad para desafiar a la adversidad<\/strong>, y en eso est\u00e1, reinvent\u00e1ndose a s\u00ed mismo en el papel de \u00abcomandante en jefe\u00bb de la fr\u00e1gil Europa, reconocible a la legua por ese perfume que, como la nariz de Cyrano,&nbsp;<strong>le precede en media hora&nbsp;<\/strong>all\u00e1 donde va.<\/p>\n\n\n\n<p>Eau Sauvage fue la colonia predilecta de&nbsp;<strong>Alain Delon<\/strong>, anunciada en tiempos por<strong>&nbsp;Zinedine Zidane<\/strong>, revestida desde hace d\u00e9cadas por una m\u00edstica de masculinidad que empieza por el frasco, inspirado en un botella de whisky.<\/p>\n\n\n\n<p><\/p>\n\n\n\n<p>\u00abOlfativamente, esa colonia&nbsp;<strong>manda una se\u00f1al bastante fuerte\u00bb,<\/strong>&nbsp;reconoce en el libro el ex portavoz del El\u00edseo&nbsp;<strong>Bruno Roger-Petit.<\/strong>&nbsp;\u00abBasta con estar en el vest\u00edbulo de honor para saber si \u00e9l [Macron]&nbsp;<strong>ha pasado recientemente o no\u00bb.<\/strong><\/p>\n\n\n\n<p><br>El frasco de Eau Sauvage con vaporizador (<strong>a partir de 69 euros&nbsp;<\/strong>por 50 mililitros) lo suele tener Macron<strong>&nbsp;casi siempre al alcance,<\/strong>&nbsp;incluido su despacho, presto a rociarse a cualquier hora del d\u00eda.<strong>&nbsp;\u00abHuele al presidente\u00bb es ya una expresi\u00f3n&nbsp;<\/strong>hecha entre sus colaboradores para anunciar su llegada.<br>La colonia ha sido&nbsp;<strong>el secreto mejor guardado por Macron<\/strong>&nbsp;para aparecer en p\u00fablico con<strong>&nbsp;\u00abun aspecto irreprochable\u00bb&nbsp;<\/strong>en los pa\u00edses m\u00e1s calurosos: de Irak a Costa de Marfil, pasando por Martinica. \u00abEn Marsella, a pleno sol y casi a 50 grados, nos pregunt\u00e1bamos c\u00f3mo era capaz de no sentir la transpiraci\u00f3n y seguir oliendo a su perfume\u00bb, reconoce la ex ministra Sabrina Agresti-Roubache.<\/p>\n\n\n\n<p>Fuente: <a href=\"https:\/\/www.elmundo.es\/loc\/celebrities\/2025\/04\/07\/67f38f3fe85ece02488b457d.html\">https:\/\/www.elmundo.es\/loc\/celebrities\/2025\/04\/07\/67f38f3fe85ece02488b457d.html<\/a><\/p>\n\n\n\n<p><\/p>\n","protected":false},"excerpt":{"rendered":"<p>\u00abAl igual que Luis XIV cuando usaba sus perfumes como un atributo de poder cuando se paseaba por las galer\u00edas [&hellip;]<\/p>\n","protected":false},"author":1,"featured_media":97380,"comment_status":"open","ping_status":"open","sticky":false,"template":"","format":"standard","meta":{"site-sidebar-layout":"default","site-content-layout":"","ast-site-content-layout":"default","site-content-style":"default","site-sidebar-style":"default","ast-global-header-display":"","ast-banner-title-visibility":"","ast-main-header-display":"","ast-hfb-above-header-display":"","ast-hfb-below-header-display":"","ast-hfb-mobile-header-display":"","site-post-title":"","ast-breadcrumbs-content":"","ast-featured-img":"","footer-sml-layout":"","theme-transparent-header-meta":"","adv-header-id-meta":"","stick-header-meta":"","header-above-stick-meta":"","header-main-stick-meta":"","header-below-stick-meta":"","astra-migrate-meta-layouts":"default","ast-page-background-enabled":"default","ast-page-background-meta":{"desktop":{"background-color":"var(--ast-global-color-4)","background-image":"","background-repeat":"repeat","background-position":"center center","background-size":"auto","background-attachment":"scroll","background-type":"","background-media":"","overlay-type":"","overlay-color":"","overlay-opacity":"","overlay-gradient":""},"tablet":{"background-color":"","background-image":"","background-repeat":"repeat","background-position":"center center","background-size":"auto","background-attachment":"scroll","background-type":"","background-media":"","overlay-type":"","overlay-color":"","overlay-opacity":"","overlay-gradient":""},"mobile":{"background-color":"","background-image":"","background-repeat":"repeat","background-position":"center center","background-size":"auto","background-attachment":"scroll","background-type":"","background-media":"","overlay-type":"","overlay-color":"","overlay-opacity":"","overlay-gradient":""}},"ast-content-background-meta":{"desktop":{"background-color":"var(--ast-global-color-5)","background-image":"","background-repeat":"repeat","background-position":"center center","background-size":"auto","background-attachment":"scroll","background-type":"","background-media":"","overlay-type":"","overlay-color":"","overlay-opacity":"","overlay-gradient":""},"tablet":{"background-color":"var(--ast-global-color-5)","background-image":"","background-repeat":"repeat","background-position":"center center","background-size":"auto","background-attachment":"scroll","background-type":"","background-media":"","overlay-type":"","overlay-color":"","overlay-opacity":"","overlay-gradient":""},"mobile":{"background-color":"var(--ast-global-color-5)","background-image":"","background-repeat":"repeat","background-position":"center center","background-size":"auto","background-attachment":"scroll","background-type":"","background-media":"","overlay-type":"","overlay-color":"","overlay-opacity":"","overlay-gradient":""}},"footnotes":""},"categories":[8],"tags":[37269,6086,37267,37268,2254],"class_list":["post-97379","post","type-post","status-publish","format-standard","has-post-thumbnail","hentry","category-noticias","tag-dior-eau-sauvage","tag-emmanuel-macron","tag-la-tragedia-del-eliseo","tag-olivier-beaumont","tag-perfumes"],"_links":{"self":[{"href":"https:\/\/losperiodistas.com.mx\/portal\/wp-json\/wp\/v2\/posts\/97379","targetHints":{"allow":["GET"]}}],"collection":[{"href":"https:\/\/losperiodistas.com.mx\/portal\/wp-json\/wp\/v2\/posts"}],"about":[{"href":"https:\/\/losperiodistas.com.mx\/portal\/wp-json\/wp\/v2\/types\/post"}],"author":[{"embeddable":true,"href":"https:\/\/losperiodistas.com.mx\/portal\/wp-json\/wp\/v2\/users\/1"}],"replies":[{"embeddable":true,"href":"https:\/\/losperiodistas.com.mx\/portal\/wp-json\/wp\/v2\/comments?post=97379"}],"version-history":[{"count":1,"href":"https:\/\/losperiodistas.com.mx\/portal\/wp-json\/wp\/v2\/posts\/97379\/revisions"}],"predecessor-version":[{"id":97385,"href":"https:\/\/losperiodistas.com.mx\/portal\/wp-json\/wp\/v2\/posts\/97379\/revisions\/97385"}],"wp:featuredmedia":[{"embeddable":true,"href":"https:\/\/losperiodistas.com.mx\/portal\/wp-json\/wp\/v2\/media\/97380"}],"wp:attachment":[{"href":"https:\/\/losperiodistas.com.mx\/portal\/wp-json\/wp\/v2\/media?parent=97379"}],"wp:term":[{"taxonomy":"category","embeddable":true,"href":"https:\/\/losperiodistas.com.mx\/portal\/wp-json\/wp\/v2\/categories?post=97379"},{"taxonomy":"post_tag","embeddable":true,"href":"https:\/\/losperiodistas.com.mx\/portal\/wp-json\/wp\/v2\/tags?post=97379"}],"curies":[{"name":"wp","href":"https:\/\/api.w.org\/{rel}","templated":true}]}}