{"id":97376,"date":"2025-04-08T08:46:01","date_gmt":"2025-04-08T14:46:01","guid":{"rendered":"https:\/\/losperiodistas.com.mx\/portal\/?p=97376"},"modified":"2025-04-08T08:46:03","modified_gmt":"2025-04-08T14:46:03","slug":"opinion-pregunta-para-manuel-viveros-narciso-y-alejandro-armenta","status":"publish","type":"post","link":"https:\/\/losperiodistas.com.mx\/portal\/opinion-pregunta-para-manuel-viveros-narciso-y-alejandro-armenta\/","title":{"rendered":"Opini\u00f3n | Pregunta para Manuel Viveros Narciso y Alejandro Armenta"},"content":{"rendered":"\n<h1 class=\"wp-block-heading\"><\/h1>\n\n\n\n<p class=\"has-medium-font-size\">\u00bfSoy la \u00fanica preocupada por lo que est\u00e1 sucediendo, no solo en Puebla, sino en todo M\u00e9xico?<\/p>\n\n\n\n<figure class=\"wp-block-image size-large\"><img fetchpriority=\"high\" decoding=\"async\" width=\"1024\" height=\"576\" src=\"https:\/\/losperiodistas.com.mx\/portal\/wp-content\/uploads\/2025\/04\/Pregunta-para-Miguel-Viveros-Narciso-y-Alejandro-Armenta-1024x576.webp\" alt=\"\" class=\"wp-image-97377\" srcset=\"https:\/\/losperiodistas.com.mx\/portal\/wp-content\/uploads\/2025\/04\/Pregunta-para-Miguel-Viveros-Narciso-y-Alejandro-Armenta-1024x576.webp 1024w, https:\/\/losperiodistas.com.mx\/portal\/wp-content\/uploads\/2025\/04\/Pregunta-para-Miguel-Viveros-Narciso-y-Alejandro-Armenta-300x169.webp 300w, https:\/\/losperiodistas.com.mx\/portal\/wp-content\/uploads\/2025\/04\/Pregunta-para-Miguel-Viveros-Narciso-y-Alejandro-Armenta-768x432.webp 768w, https:\/\/losperiodistas.com.mx\/portal\/wp-content\/uploads\/2025\/04\/Pregunta-para-Miguel-Viveros-Narciso-y-Alejandro-Armenta.webp 1200w\" sizes=\"(max-width: 1024px) 100vw, 1024px\" \/><\/figure>\n\n\n\n<p><\/p>\n\n\n\n<p class=\"has-vivid-red-color has-text-color has-link-color wp-elements-f1fa442d44eb7e78888e0f4089fa4b67\" style=\"font-size:22px\"><strong><em>Por Itandehui Rodr\u00edguez \/ Mon\u00f3logos de M\u00e9nade<\/em><\/strong><\/p>\n\n\n\n<p>Tengo una pregunta para el secretario de Educaci\u00f3n P\u00fablica, Manuel Viveros Narciso y para el gobernador Alejandro Armenta:<\/p>\n\n\n\n<p>\u00bfY ahora qu\u00e9 van a hacer?<\/p>\n\n\n\n<p>Esa es mi pregunta y se las explico.<\/p>\n\n\n\n<p>A partir de la entrada en vigor de la prohibici\u00f3n de la venta de comida chatarra en las escuelas, misma que celebro, naci\u00f3 en una buena cantidad de estudiantes mexicanos la \u201cmentalidad de tibur\u00f3n\u201d.<\/p>\n\n\n\n<p>Aunque ahora sus mochilas pesan m\u00e1s, ni\u00f1as, ni\u00f1os y adolescentes empezaron a&nbsp;<em>traficar<\/em>&nbsp;productos con az\u00facar. Que, por cierto, no deja de ser una droga, pues puede resultar altamente adictiva para muchas personas.<\/p>\n\n\n\n<p>Este tema lo domina a la perfecci\u00f3n el gobernador de Puebla, recordemos que public\u00f3 un libro titulado \u201cLa Pandemia de los Edulcorantes en M\u00e9xico\u201d.<\/p>\n\n\n\n<p>Quiero decirles que en mi experiencia no es necesario ingerir az\u00facar para crecer bien y tener un buen desempe\u00f1o en la escuela. Mi mam\u00e1 me permiti\u00f3 probar un dulce por primera vez por ah\u00ed de mis diez a\u00f1os.<\/p>\n\n\n\n<p>He de decirles que eso nunca afect\u00f3 mi rendimiento escolar, mi TDAH s\u00ed, sin duda, pero no la nula ingesta de dulces en mi infancia.<\/p>\n\n\n\n<p>Es m\u00e1s, es la hora en la que no tengo una caries y ya me cargo 42 a\u00f1os.<\/p>\n\n\n\n<p>Pero ese no es el punto, el punto era complementar y detallar la pregunta para Manuel Viveros Narciso y el gobernador Alejandro Armenta:<\/p>\n\n\n\n<p>\u00bfY ahora qu\u00e9 van a hacer en las escuelas de Puebla con los estudiantes que est\u00e1n traficando con dulces?<\/p>\n\n\n\n<p>No s\u00e9 si me emociona ver c\u00f3mo nace el esp\u00edritu emprendedor de los ni\u00f1os o si en realidad&nbsp;<em>traficar<\/em>&nbsp;dulces sea el inductor al tr\u00e1fico de otros productos.<\/p>\n\n\n\n<p>Porque claramente vivimos en un pa\u00eds en el que vincularse con la venta ilegal de estupefacientes y combustibles es visto como un modo de vida, no como lo que es, un delito.<\/p>\n\n\n\n<p>M\u00e1s me preocupa que haya padres que est\u00e9n permitiendo y hasta fomentando que sus hijos se conviertan en&nbsp;<em>dealers<\/em>. Y que les provean de los insumos para incumplir con la prohibici\u00f3n en las escuelas.<\/p>\n\n\n\n<p>\u00bfLe pediran un porcentaje a sus hijos? Y, si lo hicieran, \u00bfeso se llama explotaci\u00f3n, no?<\/p>\n\n\n\n<p>Estamos, adem\u00e1s, frente una generaci\u00f3n de padres que normaliza y celebra las conductas prohibidas.<\/p>\n\n\n\n<p>Ojal\u00e1 contesten mi pregunta, tanto el secretario Manuel Viveros Narciso, como el gobernador, Alejandro Armenta, porque en realidad no me preocupa tanto el consumo de az\u00facar de los ni\u00f1os, como la naturalidad con la que esta generaci\u00f3n va a percibir el tr\u00e1fico y la distribuci\u00f3n de art\u00edculos prohibidos.<\/p>\n\n\n\n<p><a href=\"https:\/\/www.apartadomex.com\/nacional\/multas-de-hasta-113-mil-pesos-por-vender-comida-chatarra-en-escuelas\/80577\/\">Por que est\u00e1 claro que las escuelas que permitan la venta de comida chatarra van a recibir multas<\/a>, pero, \u00bfqu\u00e9 pasa con los alumnos y los pap\u00e1s?<\/p>\n\n\n\n<p>P.D. Har\u00eda esta pregunta en persona, pero s\u00e9 perfectamente que me tienen vetada, aunque he buscado los canales para acercarme. Pero la puerta debe ser negra, porque est\u00e1 cerrada y remachada con tres candados.<\/p>\n\n\n\n<p>Te invitamos a leer:<\/p>\n\n\n\n<figure class=\"wp-block-embed is-type-wp-embed is-provider-apartado-mex wp-block-embed-apartado-mex\"><div class=\"wp-block-embed__wrapper\">\n<blockquote class=\"wp-embedded-content\" data-secret=\"xA17cgPjfL\"><a href=\"https:\/\/www.apartadomex.com\/opinion\/monologos-de-menade\/ya-controlate-lupita-cuautle\/81236\/\">\u00a1Ya contr\u00f3late Lupita Cuautle!<\/a><\/blockquote><iframe class=\"wp-embedded-content\" sandbox=\"allow-scripts\" security=\"restricted\" style=\"position: absolute; visibility: hidden;\" title=\"&#8220;\u00a1Ya contr\u00f3late Lupita Cuautle!&#8221; &#8212; Apartado MEX\" src=\"https:\/\/www.apartadomex.com\/opinion\/monologos-de-menade\/ya-controlate-lupita-cuautle\/81236\/embed\/#?secret=qhMVWMK5jh#?secret=xA17cgPjfL\" data-secret=\"xA17cgPjfL\" width=\"500\" height=\"282\" frameborder=\"0\" marginwidth=\"0\" marginheight=\"0\" scrolling=\"no\"><\/iframe>\n<\/div><\/figure>\n\n\n\n<p><\/p>\n\n\n\n<hr class=\"wp-block-separator has-alpha-channel-opacity\"\/>\n\n\n\n<hr class=\"wp-block-separator has-alpha-channel-opacity\"\/>\n\n\n\n<p><strong>+OPINI\u00d3N INVITADA: Las opiniones expresadas son responsabilidad del autor<\/strong><\/p>\n\n\n\n<p><\/p>\n","protected":false},"excerpt":{"rendered":"<p>\u00bfSoy la \u00fanica preocupada por lo que est\u00e1 sucediendo, no solo en Puebla, sino en todo M\u00e9xico? Por Itandehui Rodr\u00edguez [&hellip;]<\/p>\n","protected":false},"author":1,"featured_media":97377,"comment_status":"open","ping_status":"open","sticky":false,"template":"","format":"standard","meta":{"site-sidebar-layout":"default","site-content-layout":"","ast-site-content-layout":"default","site-content-style":"default","site-sidebar-style":"default","ast-global-header-display":"","ast-banner-title-visibility":"","ast-main-header-display":"","ast-hfb-above-header-display":"","ast-hfb-below-header-display":"","ast-hfb-mobile-header-display":"","site-post-title":"","ast-breadcrumbs-content":"","ast-featured-img":"","footer-sml-layout":"","theme-transparent-header-meta":"","adv-header-id-meta":"","stick-header-meta":"","header-above-stick-meta":"","header-main-stick-meta":"","header-below-stick-meta":"","astra-migrate-meta-layouts":"default","ast-page-background-enabled":"default","ast-page-background-meta":{"desktop":{"background-color":"var(--ast-global-color-4)","background-image":"","background-repeat":"repeat","background-position":"center center","background-size":"auto","background-attachment":"scroll","background-type":"","background-media":"","overlay-type":"","overlay-color":"","overlay-opacity":"","overlay-gradient":""},"tablet":{"background-color":"","background-image":"","background-repeat":"repeat","background-position":"center center","background-size":"auto","background-attachment":"scroll","background-type":"","background-media":"","overlay-type":"","overlay-color":"","overlay-opacity":"","overlay-gradient":""},"mobile":{"background-color":"","background-image":"","background-repeat":"repeat","background-position":"center center","background-size":"auto","background-attachment":"scroll","background-type":"","background-media":"","overlay-type":"","overlay-color":"","overlay-opacity":"","overlay-gradient":""}},"ast-content-background-meta":{"desktop":{"background-color":"var(--ast-global-color-5)","background-image":"","background-repeat":"repeat","background-position":"center center","background-size":"auto","background-attachment":"scroll","background-type":"","background-media":"","overlay-type":"","overlay-color":"","overlay-opacity":"","overlay-gradient":""},"tablet":{"background-color":"var(--ast-global-color-5)","background-image":"","background-repeat":"repeat","background-position":"center center","background-size":"auto","background-attachment":"scroll","background-type":"","background-media":"","overlay-type":"","overlay-color":"","overlay-opacity":"","overlay-gradient":""},"mobile":{"background-color":"var(--ast-global-color-5)","background-image":"","background-repeat":"repeat","background-position":"center center","background-size":"auto","background-attachment":"scroll","background-type":"","background-media":"","overlay-type":"","overlay-color":"","overlay-opacity":"","overlay-gradient":""}},"footnotes":""},"categories":[8,22],"tags":[3411,29061,37266],"class_list":["post-97376","post","type-post","status-publish","format-standard","has-post-thumbnail","hentry","category-noticias","category-opinion-invitada","tag-comida-chatarra","tag-manuel-viveros-narciso","tag-la-pandemia-de-los-edulcorantes-en-mexico"],"_links":{"self":[{"href":"https:\/\/losperiodistas.com.mx\/portal\/wp-json\/wp\/v2\/posts\/97376","targetHints":{"allow":["GET"]}}],"collection":[{"href":"https:\/\/losperiodistas.com.mx\/portal\/wp-json\/wp\/v2\/posts"}],"about":[{"href":"https:\/\/losperiodistas.com.mx\/portal\/wp-json\/wp\/v2\/types\/post"}],"author":[{"embeddable":true,"href":"https:\/\/losperiodistas.com.mx\/portal\/wp-json\/wp\/v2\/users\/1"}],"replies":[{"embeddable":true,"href":"https:\/\/losperiodistas.com.mx\/portal\/wp-json\/wp\/v2\/comments?post=97376"}],"version-history":[{"count":1,"href":"https:\/\/losperiodistas.com.mx\/portal\/wp-json\/wp\/v2\/posts\/97376\/revisions"}],"predecessor-version":[{"id":97378,"href":"https:\/\/losperiodistas.com.mx\/portal\/wp-json\/wp\/v2\/posts\/97376\/revisions\/97378"}],"wp:featuredmedia":[{"embeddable":true,"href":"https:\/\/losperiodistas.com.mx\/portal\/wp-json\/wp\/v2\/media\/97377"}],"wp:attachment":[{"href":"https:\/\/losperiodistas.com.mx\/portal\/wp-json\/wp\/v2\/media?parent=97376"}],"wp:term":[{"taxonomy":"category","embeddable":true,"href":"https:\/\/losperiodistas.com.mx\/portal\/wp-json\/wp\/v2\/categories?post=97376"},{"taxonomy":"post_tag","embeddable":true,"href":"https:\/\/losperiodistas.com.mx\/portal\/wp-json\/wp\/v2\/tags?post=97376"}],"curies":[{"name":"wp","href":"https:\/\/api.w.org\/{rel}","templated":true}]}}