{"id":97372,"date":"2025-04-08T08:32:40","date_gmt":"2025-04-08T14:32:40","guid":{"rendered":"https:\/\/losperiodistas.com.mx\/portal\/?p=97372"},"modified":"2025-04-08T08:32:42","modified_gmt":"2025-04-08T14:32:42","slug":"las-redes-sociales-antes-de-dormir-causan-estragos-en-nuestro-sueno-un-investigador-del-sueno-explica-por-que-las-pantallas-por-si-solas-no-son-las-principales-culpables-the-conversation","status":"publish","type":"post","link":"https:\/\/losperiodistas.com.mx\/portal\/las-redes-sociales-antes-de-dormir-causan-estragos-en-nuestro-sueno-un-investigador-del-sueno-explica-por-que-las-pantallas-por-si-solas-no-son-las-principales-culpables-the-conversation\/","title":{"rendered":"Las redes sociales antes de dormir causan estragos en nuestro sue\u00f1o: un investigador del sue\u00f1o explica por qu\u00e9 las pantallas por s\u00ed solas no son las principales culpables | The Conversation"},"content":{"rendered":"\n<figure class=\"wp-block-image size-large\"><img fetchpriority=\"high\" decoding=\"async\" width=\"1024\" height=\"504\" src=\"https:\/\/losperiodistas.com.mx\/portal\/wp-content\/uploads\/2025\/04\/file-20250328-56-oymyu5-copia-1024x504.jpg\" alt=\"\" class=\"wp-image-97374\" srcset=\"https:\/\/losperiodistas.com.mx\/portal\/wp-content\/uploads\/2025\/04\/file-20250328-56-oymyu5-copia-1024x504.jpg 1024w, https:\/\/losperiodistas.com.mx\/portal\/wp-content\/uploads\/2025\/04\/file-20250328-56-oymyu5-copia-300x148.jpg 300w, https:\/\/losperiodistas.com.mx\/portal\/wp-content\/uploads\/2025\/04\/file-20250328-56-oymyu5-copia-768x378.jpg 768w, https:\/\/losperiodistas.com.mx\/portal\/wp-content\/uploads\/2025\/04\/file-20250328-56-oymyu5-copia.jpg 1356w\" sizes=\"(max-width: 1024px) 100vw, 1024px\" \/><figcaption class=\"wp-element-caption\">El uso de redes sociales antes de dormir puede ser estimulante de maneras que pasar tiempo solo con pantalla no lo es.\u00a0 <a href=\"https:\/\/www.gettyimages.com\/detail\/photo\/caucasian-woman-using-cell-phone-in-bed-royalty-free-image\/514408535?phrase=sleep%20deprivation%20social%20media&amp;searchscope=image%2Cfilm&amp;adppopup=true\">Adam Hester\/Tetra Images v\u00eda Getty Images<\/a><\/figcaption><\/figure>\n\n\n\n<p class=\"has-vivid-red-color has-text-color has-link-color has-medium-font-size wp-elements-47b8dc4862c228a391c3c3287c18d34f\"><strong><a href=\"https:\/\/theconversation.com\/profiles\/brian-n-chin-1516835\">Brian N. Chin<\/a> \/ The Conversation<\/strong><\/p>\n\n\n\n<p> Profesor adjunto de psicolog\u00eda, Trinity College<\/p>\n\n\n\n<p>\u00abEvita las pantallas antes de dormir\u00bb es uno de los consejos m\u00e1s comunes para dormir. Pero \u00bfy si el verdadero problema no es el tiempo frente a las pantallas, sino c\u00f3mo usamos las redes sociales por la noche?<\/p>\n\n\n\n<p><a href=\"https:\/\/aasm.org\/u-s-surgeon-general-discusses-the-importance-of-healthy-sleep\/\">La falta de sue\u00f1o es uno de los problemas de salud p\u00fablica<\/a>&nbsp;m\u00e1s extendidos pero ignorados&nbsp;, especialmente entre adultos j\u00f3venes y adolescentes.<\/p>\n\n\n\n<p>A pesar de necesitar dormir entre ocho y diez horas,&nbsp;<a href=\"https:\/\/childmind.org\/article\/happens-teenagers-dont-get-enough-sleep\/\">la mayor\u00eda de los adolescentes<\/a>&nbsp;no lo logran, mientras que&nbsp;<a href=\"https:\/\/doi.org\/10.52965\/001c.74555\">casi dos tercios de los adultos j\u00f3venes<\/a>&nbsp;duermen regularmente menos de las&nbsp;<a href=\"https:\/\/www.thensf.org\/how-many-hours-of-sleep-do-you-really-need\/\">siete a nueve horas<\/a>&nbsp;recomendadas .<\/p>\n\n\n\n<p>La falta de sue\u00f1o no se limita s\u00f3lo a sentirse cansado: est\u00e1 asociada a un empeoramiento de&nbsp;<a href=\"https:\/\/theconversation.com\/screen-time-is-contributing-to-chronic-sleep-deprivation-in-tweens-and-teens-a-pediatric-sleep-expert-explains-how-critical-sleep-is-to-kids-mental-health-204436\">la salud mental<\/a>&nbsp;,&nbsp;<a href=\"https:\/\/doi.org\/10.1016\/j.smrv.2015.12.006\">la regulaci\u00f3n de las emociones<\/a>&nbsp;,&nbsp;<a href=\"https:\/\/www.sleepfoundation.org\/how-sleep-works\/memory-and-sleep\">la memoria<\/a>&nbsp;,&nbsp;<a href=\"https:\/\/doi.org\/10.1073\/pnas.2209123120\">el rendimiento acad\u00e9mico<\/a>&nbsp;e incluso un mayor riesgo de padecer&nbsp;<a href=\"https:\/\/www.hopkinsmedicine.org\/health\/wellness-and-prevention\/the-effects-of-sleep-deprivation\">enfermedades cr\u00f3nicas<\/a>&nbsp;y&nbsp;<a href=\"https:\/\/doi.org\/10.1093\/sleep\/33.5.585\">mortalidad precoz<\/a>&nbsp;.<\/p>\n\n\n\n<p>Al mismo tiempo, el&nbsp;<a href=\"https:\/\/www.pewresearch.org\/internet\/2021\/04\/07\/social-media-use-in-2021\/\">uso de las redes sociales es casi universal<\/a>&nbsp;entre los adultos j\u00f3venes, ya que el 84 % utiliza al menos una plataforma a diario. Si bien las investigaciones se han centrado durante mucho tiempo en&nbsp;<a href=\"https:\/\/theconversation.com\/school-start-times-and-screen-time-late-in-the-evening-exacerbate-sleep-deprivation-in-us-teenagers-179178\">el tiempo frente a la pantalla<\/a>&nbsp;como la causa de la falta de sue\u00f1o, cada vez hay m\u00e1s evidencia que sugiere que&nbsp;<a href=\"https:\/\/doi.org\/10.1016\/j.ypmed.2016.01.001\">la frecuencia con la que<\/a>&nbsp;las personas consultan las redes sociales y su nivel&nbsp;<a href=\"https:\/\/doi.org\/10.1016\/j.adolescence.2016.05.008\">de interacci\u00f3n emocional<\/a>&nbsp;son a\u00fan m\u00e1s importantes que el tiempo que pasan en l\u00ednea.<\/p>\n\n\n\n<p>Como\u00a0<a href=\"https:\/\/scholar.google.com\/citations?user=eXIhdAUAAAAJ&amp;hl=en\">psic\u00f3loga social e investigadora del sue\u00f1o<\/a>\u00a0, estudio c\u00f3mo los comportamientos sociales, incluyendo el uso de redes sociales, afectan el sue\u00f1o y el bienestar. El sue\u00f1o no es solo un comportamiento individual; est\u00e1 determinado por nuestro\u00a0<a href=\"https:\/\/doi.org\/10.1016\/j.jsmc.2016.10.012\">entorno social y nuestras relaciones<\/a>\u00a0.<\/p>\n\n\n\n<p>\u00bfY uno de los factores m\u00e1s comunes, aunque subestimados, que influyen en el sue\u00f1o moderno? Nuestra interacci\u00f3n con las redes sociales antes de dormir.<\/p>\n\n\n\n<h2 class=\"wp-block-heading\">Inversi\u00f3n emocional en las redes sociales<\/h2>\n\n\n\n<p>M\u00e1s all\u00e1 de simplemente medir el tiempo pasado en las redes sociales, los investigadores han comenzado a observar qu\u00e9 tan&nbsp;<a href=\"https:\/\/doi.org\/10.1037\/a0030277\">conectadas emocionalmente<\/a>&nbsp;se sienten las personas con su uso de las redes sociales.<\/p>\n\n\n\n<p>Algunos estudios sugieren que la forma en que las personas interact\u00faan emocionalmente con las redes sociales puede tener un mayor impacto en la calidad del sue\u00f1o que el tiempo total que pasan en l\u00ednea.<\/p>\n\n\n\n<p>En un estudio realizado en 2024 con 830 adultos j\u00f3venes, mis colegas y yo examinamos c\u00f3mo diferentes tipos de&nbsp;<a href=\"https:\/\/doi.org\/10.3390\/bs14090794\">interacci\u00f3n en redes sociales predec\u00edan problemas de sue\u00f1o<\/a>&nbsp;. Descubrimos que las visitas frecuentes a redes sociales y la inversi\u00f3n emocional eran predictores m\u00e1s s\u00f3lidos de un sue\u00f1o deficiente que el tiempo total frente a pantallas. Adem\u00e1s, la activaci\u00f3n cognitiva previa al sue\u00f1o y la comparaci\u00f3n social desempe\u00f1aron un papel clave en la vinculaci\u00f3n de la interacci\u00f3n en redes sociales con la interrupci\u00f3n del sue\u00f1o, lo que sugiere que los efectos de las redes sociales sobre el sue\u00f1o van m\u00e1s all\u00e1 de la simple exposici\u00f3n a pantallas.<\/p>\n\n\n\n<p>Creo que estos hallazgos sugieren que reducir el tiempo frente a la pantalla por s\u00ed solo puede no ser suficiente: reducir la frecuencia con la que las personas revisan las redes sociales y cu\u00e1n conectados emocionalmente se sienten con ellas puede ser m\u00e1s eficaz para promover h\u00e1bitos de sue\u00f1o m\u00e1s saludables.<\/p>\n\n\n\n<h2 class=\"wp-block-heading\">C\u00f3mo las redes sociales alteran el sue\u00f1o<\/h2>\n\n\n\n<p>Si alguna vez te ha costado conciliar el sue\u00f1o despu\u00e9s de navegar por las redes sociales, no es solo la pantalla lo que te mantiene despierto. Si bien la luz azul puede&nbsp;<a href=\"https:\/\/www.health.harvard.edu\/staying-healthy\/blue-light-has-a-dark-side\">retrasar la producci\u00f3n de melatonina<\/a>&nbsp;,&nbsp;<a href=\"https:\/\/doi.org\/10.3390\/bs14090794\">la investigaci\u00f3n de mi equipo<\/a>&nbsp;y la de otros sugiere que la forma en que las personas interact\u00faan con las redes sociales puede tener un papel a\u00fan mayor en la&nbsp;<a href=\"https:\/\/www.sleepfoundation.org\/how-sleep-works\/sleep-and-social-media\">interrupci\u00f3n del sue\u00f1o<\/a>&nbsp;.<\/p>\n\n\n\n<p>Estas son algunas de las formas m\u00e1s importantes en que las redes sociales interfieren con tu sue\u00f1o:<\/p>\n\n\n\n<ul class=\"wp-block-list\">\n<li><strong>Despertar antes del sue\u00f1o:\u00a0<\/strong><a href=\"https:\/\/www.health.harvard.edu\/mind-and-mood\/doomscrolling-dangers\">El doomscrolling<\/a>\u00a0y el contenido emocionalmente intenso en redes sociales mantienen el cerebro en un estado de alerta elevado, lo que dificulta la relajaci\u00f3n y el sue\u00f1o. Ya sean debates pol\u00edticos, noticias preocupantes o incluso actualizaciones personales emocionantes, el contenido emocionalmente estimulante puede desencadenar una mayor\u00a0<a href=\"https:\/\/doi.org\/10.1177\/20501579211056116\">activaci\u00f3n cognitiva y fisiol\u00f3gica<\/a>\u00a0que retrasa el inicio del sue\u00f1o.<\/li>\n\n\n\n<li><strong>Comparaci\u00f3n social:<\/strong>\u00a0Ver publicaciones idealizadas en redes sociales antes de dormir puede generar una\u00a0<a href=\"https:\/\/doi.org\/10.1080\/15213269.2023.2180647\">comparaci\u00f3n social ascendente<\/a>\u00a0, lo que aumenta el estr\u00e9s y dificulta el sue\u00f1o. Las personas tienden a compararse con\u00a0<a href=\"https:\/\/doi.org\/10.1556\/2006.2022.00023\">versiones muy elaboradas de la vida de los dem\u00e1s<\/a>\u00a0(vacaciones, progreso f\u00edsico, logros profesionales), lo que puede generar\u00a0<a href=\"https:\/\/doi.org\/10.1080\/15213269.2016.1267647\">sentimientos de incompetencia y ansiedad<\/a>\u00a0que perturban el sue\u00f1o.<\/li>\n\n\n\n<li><strong>Consultas habituales:\u00a0<\/strong><a href=\"https:\/\/www.sleepfoundation.org\/sleep-news\/how-does-social-media-affect-sleep\">El uso de redes sociales despu\u00e9s de apagar la luz<\/a>\u00a0es un fuerte predictor de un sue\u00f1o deficiente, ya que revisar las notificaciones y navegar por internet antes de acostarse puede convertirse r\u00e1pidamente en un h\u00e1bito autom\u00e1tico. Estudios han demostrado que\u00a0<a href=\"https:\/\/doi.org\/10.1016\/j.adolescence.2018.07.009\">el uso de redes sociales durante la noche<\/a>\u00a0, especialmente despu\u00e9s de apagar la luz, se relaciona con una menor duraci\u00f3n del sue\u00f1o, acostarse m\u00e1s tarde y una peor calidad del mismo. Este patr\u00f3n refleja\u00a0<a href=\"https:\/\/time.com\/6957353\/bedtime-procrastination-how-to-go-to-sleep\/\">la procrastinaci\u00f3n a la hora de acostarse<\/a>\u00a0, donde las personas retrasan el sue\u00f1o a pesar de saber que ser\u00eda mejor para su salud y bienestar.<\/li>\n\n\n\n<li><strong>Miedo a perderse algo (FOMO):<\/strong>\u00a0La necesidad de mantenerse conectado tambi\u00e9n hace que muchas personas se queden en la pantalla mucho despu\u00e9s de la hora de acostarse, haciendo que dormir parezca secundario a mantenerse al d\u00eda. Las investigaciones demuestran que un mayor\u00a0<a href=\"https:\/\/theconversation.com\/feeling-fomo-for-something-thats-not-even-fun-its-not-the-event-youre-missing-its-the-bonding-247047\">FOMO<\/a>\u00a0se relaciona con\u00a0<a href=\"https:\/\/doi.org\/10.1016\/j.chb.2020.106487\">un uso m\u00e1s frecuente de las redes sociales por la noche<\/a>\u00a0y\u00a0<a href=\"https:\/\/doi.org\/10.1186\/s12889-023-16061-4\">una peor calidad del sue\u00f1o<\/a>\u00a0. La anticipaci\u00f3n de nuevos mensajes, publicaciones o actualizaciones puede generar una sensaci\u00f3n de presi\u00f3n social para permanecer conectado y reforzar el h\u00e1bito de retrasar el sue\u00f1o.<\/li>\n<\/ul>\n\n\n\n<p>En conjunto, estos factores hacen que las redes sociales sean m\u00e1s que una simple distracci\u00f3n pasiva: se convierten en una barrera activa para un sue\u00f1o reparador. En otras palabras, navegar por ellas a altas horas de la noche no es inofensivo: est\u00e1 alterando silenciosamente tu sue\u00f1o y bienestar.<\/p>\n\n\n\n<h2 class=\"wp-block-heading\">C\u00f3mo usar las redes sociales sin interrumpir el sue\u00f1o<\/h2>\n\n\n\n<p>No es necesario que abandones las redes sociales, pero reestructurar tu forma de interactuar con ellas por la noche podr\u00eda ayudarte. Las investigaciones sugieren que peque\u00f1os&nbsp;<a href=\"https:\/\/theconversation.com\/whats-the-best-diet-for-healthy-sleep-a-nutritional-epidemiologist-explains-what-food-choices-will-help-you-get-more-restful-zs-219955\">cambios de comportamiento<\/a>&nbsp;en tu&nbsp;<a href=\"https:\/\/www.sleepfoundation.org\/sleep-hygiene\/bedtime-routine-for-adults\">rutina a la hora de dormir<\/a>&nbsp;pueden marcar una diferencia significativa en la calidad del sue\u00f1o. Te sugiero probar estas estrategias pr\u00e1cticas y con respaldo cient\u00edfico para mejorar tu sue\u00f1o:<\/p>\n\n\n\n<ul class=\"wp-block-list\">\n<li><strong>Dale tiempo a tu cerebro para que se relaje:<\/strong>\u00a0evita contenidos con mucha carga emocional entre 30 y 60 minutos antes de acostarte para ayudar a tu mente a relajarse y prepararse para dormir.<\/li>\n\n\n\n<li><strong>Crea una separaci\u00f3n entre las redes sociales y el sue\u00f1o:<\/strong>\u00a0configura tu tel\u00e9fono en \u201cNo molestar\u201d o d\u00e9jalo fuera del dormitorio para evitar la tentaci\u00f3n de revisarlo a altas horas de la noche.<\/li>\n\n\n\n<li><strong>Reduce el desplazamiento sin sentido:<\/strong>\u00a0si te das cuenta de que est\u00e1s actualizando la aplicaci\u00f3n sin parar, haz una\u00a0<a href=\"https:\/\/www.activeminds.org\/blog\/mindful-consumption-of-social-media-can-support-our-mental-health\/\">peque\u00f1a pausa consciente<\/a>\u00a0y preg\u00fantate: \u00ab\u00bfRealmente quiero estar en esta aplicaci\u00f3n ahora mismo?\u00bb.<\/li>\n<\/ul>\n\n\n\n<p>Un breve momento de consciencia puede ayudar a romper el c\u00edrculo del h\u00e1bito.<\/p>\n\n\n\n<p>Fuente: <a href=\"https:\/\/theconversation.com\/social-media-before-bedtime-wreaks-havoc-on-our-sleep-a-sleep-researcher-explains-why-screens-alone-arent-the-main-culprit-251453\">https:\/\/theconversation.com\/social-media-before-bedtime-wreaks-havoc-on-our-sleep-a-sleep-researcher-explains-why-screens-alone-arent-the-main-culprit-251453<\/a><\/p>\n","protected":false},"excerpt":{"rendered":"<p>Brian N. Chin \/ The Conversation Profesor adjunto de psicolog\u00eda, Trinity College \u00abEvita las pantallas antes de dormir\u00bb es uno [&hellip;]<\/p>\n","protected":false},"author":1,"featured_media":97374,"comment_status":"open","ping_status":"open","sticky":false,"template":"","format":"standard","meta":{"site-sidebar-layout":"default","site-content-layout":"","ast-site-content-layout":"default","site-content-style":"default","site-sidebar-style":"default","ast-global-header-display":"","ast-banner-title-visibility":"","ast-main-header-display":"","ast-hfb-above-header-display":"","ast-hfb-below-header-display":"","ast-hfb-mobile-header-display":"","site-post-title":"","ast-breadcrumbs-content":"","ast-featured-img":"","footer-sml-layout":"","theme-transparent-header-meta":"","adv-header-id-meta":"","stick-header-meta":"","header-above-stick-meta":"","header-main-stick-meta":"","header-below-stick-meta":"","astra-migrate-meta-layouts":"default","ast-page-background-enabled":"default","ast-page-background-meta":{"desktop":{"background-color":"var(--ast-global-color-4)","background-image":"","background-repeat":"repeat","background-position":"center center","background-size":"auto","background-attachment":"scroll","background-type":"","background-media":"","overlay-type":"","overlay-color":"","overlay-opacity":"","overlay-gradient":""},"tablet":{"background-color":"","background-image":"","background-repeat":"repeat","background-position":"center center","background-size":"auto","background-attachment":"scroll","background-type":"","background-media":"","overlay-type":"","overlay-color":"","overlay-opacity":"","overlay-gradient":""},"mobile":{"background-color":"","background-image":"","background-repeat":"repeat","background-position":"center center","background-size":"auto","background-attachment":"scroll","background-type":"","background-media":"","overlay-type":"","overlay-color":"","overlay-opacity":"","overlay-gradient":""}},"ast-content-background-meta":{"desktop":{"background-color":"var(--ast-global-color-5)","background-image":"","background-repeat":"repeat","background-position":"center center","background-size":"auto","background-attachment":"scroll","background-type":"","background-media":"","overlay-type":"","overlay-color":"","overlay-opacity":"","overlay-gradient":""},"tablet":{"background-color":"var(--ast-global-color-5)","background-image":"","background-repeat":"repeat","background-position":"center center","background-size":"auto","background-attachment":"scroll","background-type":"","background-media":"","overlay-type":"","overlay-color":"","overlay-opacity":"","overlay-gradient":""},"mobile":{"background-color":"var(--ast-global-color-5)","background-image":"","background-repeat":"repeat","background-position":"center center","background-size":"auto","background-attachment":"scroll","background-type":"","background-media":"","overlay-type":"","overlay-color":"","overlay-opacity":"","overlay-gradient":""}},"footnotes":""},"categories":[8],"tags":[37265,12277,1915,14828,37264],"class_list":["post-97372","post","type-post","status-publish","format-standard","has-post-thumbnail","hentry","category-noticias","tag-estragos-de-suenos","tag-falta-de-sueno","tag-redes-sociales","tag-salud-publica","tag-tiempo-frente-a-la-pantalla"],"_links":{"self":[{"href":"https:\/\/losperiodistas.com.mx\/portal\/wp-json\/wp\/v2\/posts\/97372","targetHints":{"allow":["GET"]}}],"collection":[{"href":"https:\/\/losperiodistas.com.mx\/portal\/wp-json\/wp\/v2\/posts"}],"about":[{"href":"https:\/\/losperiodistas.com.mx\/portal\/wp-json\/wp\/v2\/types\/post"}],"author":[{"embeddable":true,"href":"https:\/\/losperiodistas.com.mx\/portal\/wp-json\/wp\/v2\/users\/1"}],"replies":[{"embeddable":true,"href":"https:\/\/losperiodistas.com.mx\/portal\/wp-json\/wp\/v2\/comments?post=97372"}],"version-history":[{"count":1,"href":"https:\/\/losperiodistas.com.mx\/portal\/wp-json\/wp\/v2\/posts\/97372\/revisions"}],"predecessor-version":[{"id":97375,"href":"https:\/\/losperiodistas.com.mx\/portal\/wp-json\/wp\/v2\/posts\/97372\/revisions\/97375"}],"wp:featuredmedia":[{"embeddable":true,"href":"https:\/\/losperiodistas.com.mx\/portal\/wp-json\/wp\/v2\/media\/97374"}],"wp:attachment":[{"href":"https:\/\/losperiodistas.com.mx\/portal\/wp-json\/wp\/v2\/media?parent=97372"}],"wp:term":[{"taxonomy":"category","embeddable":true,"href":"https:\/\/losperiodistas.com.mx\/portal\/wp-json\/wp\/v2\/categories?post=97372"},{"taxonomy":"post_tag","embeddable":true,"href":"https:\/\/losperiodistas.com.mx\/portal\/wp-json\/wp\/v2\/tags?post=97372"}],"curies":[{"name":"wp","href":"https:\/\/api.w.org\/{rel}","templated":true}]}}