{"id":97364,"date":"2025-04-08T06:56:11","date_gmt":"2025-04-08T12:56:11","guid":{"rendered":"https:\/\/losperiodistas.com.mx\/portal\/?p=97364"},"modified":"2025-04-08T06:56:12","modified_gmt":"2025-04-08T12:56:12","slug":"el-torero-rafael-de-julia-se-retira-indefinidamente-por-un-trastorno-alimentario-el-pais","status":"publish","type":"post","link":"https:\/\/losperiodistas.com.mx\/portal\/el-torero-rafael-de-julia-se-retira-indefinidamente-por-un-trastorno-alimentario-el-pais\/","title":{"rendered":"El torero Rafael de Julia se retira \u201cindefinidamente\u201d por un trastorno alimentario | El Pa\u00eds"},"content":{"rendered":"\n<h2 class=\"wp-block-heading has-luminous-vivid-amber-background-color has-background\">El diestro no podr\u00e1 actuar en la corrida goyesca del 2 de mayo en Madrid, aunque asegura que sigue so\u00f1ando con volver a vestir el traje de luces<\/h2>\n\n\n\n<figure class=\"wp-block-image size-large\"><img fetchpriority=\"high\" decoding=\"async\" width=\"1024\" height=\"768\" src=\"https:\/\/losperiodistas.com.mx\/portal\/wp-content\/uploads\/2025\/04\/R3Y64E2VXFD5LEJGIZMCDJP6UA-copia-1024x768.jpg\" alt=\"\" class=\"wp-image-97365\" srcset=\"https:\/\/losperiodistas.com.mx\/portal\/wp-content\/uploads\/2025\/04\/R3Y64E2VXFD5LEJGIZMCDJP6UA-copia-1024x768.jpg 1024w, https:\/\/losperiodistas.com.mx\/portal\/wp-content\/uploads\/2025\/04\/R3Y64E2VXFD5LEJGIZMCDJP6UA-copia-300x225.jpg 300w, https:\/\/losperiodistas.com.mx\/portal\/wp-content\/uploads\/2025\/04\/R3Y64E2VXFD5LEJGIZMCDJP6UA-copia-768x576.jpg 768w, https:\/\/losperiodistas.com.mx\/portal\/wp-content\/uploads\/2025\/04\/R3Y64E2VXFD5LEJGIZMCDJP6UA-copia.jpg 1200w\" sizes=\"(max-width: 1024px) 100vw, 1024px\" \/><figcaption class=\"wp-element-caption\">Rafael de Julia, en la vuelta al ruedo que dio el pasado 15 de septiembre en Las Ventas. Alfredo Ar\u00e9valo (Imagen cedida por Plaza 1).<\/figcaption><\/figure>\n\n\n\n<p class=\"has-vivid-red-color has-text-color has-link-color has-medium-font-size wp-elements-d3350fee0e6f6a61de78d4cdec21acc7\"><strong>EL PA\u00cdS<\/strong><\/p>\n\n\n\n<p>El diestro madrile\u00f1o Rafael de Julia, que tuvo una actuaci\u00f3n extra\u00f1amente deslucida&nbsp;<a href=\"https:\/\/elpais.com\/cultura\/2025-03-23\/damian-castano-herido-grave-en-la-inauguracion-de-la-temporada-taurina-en-las-ventas.html\" target=\"_blank\" rel=\"noreferrer noopener\">el pasado d\u00eda 23 de marzo en Las Ventas<\/a>, ha anunciado en una nota de prensa que deja torear \u201cpor un tiempo indefinido\u201d como consecuencia de \u201csu estado de salud\u201d; con anterioridad, el diario El Mundo hab\u00eda adelantado que se trata de un trastorno alimentario.<\/p>\n\n\n\n<p>La falta de reflejos y de fuerzas que De Julia mostr\u00f3 esa tarde ante los astados de Adolfo Mart\u00edn, de los que tuvo que estoquear hasta tres a causa de la cornada sufrida por su compa\u00f1ero Dami\u00e1n Casta\u00f1o, despert\u00f3 tanta preocupaci\u00f3n como reticencias entre los aficionados.<\/p>\n\n\n\n<p>En el comunicado, el propio torero confirma ese problema de salud que se le atisb\u00f3 entonces, aunque sin especificar cu\u00e1l es el tipo de dolencia que padece, pero advirtiendo de que \u201cen las pr\u00f3ximas semanas\u201d informar\u00e1 \u201ca toda la afici\u00f3n y seguidores de su \u201cevoluci\u00f3n y su cuadro cl\u00ednico\u201d.<\/p>\n\n\n\n<p>As\u00ed mismo, en la nota se expresa el agradecimiento \u201cpor las innumerables muestras de preocupaci\u00f3n, cari\u00f1o y apoyo recibidas por el torero, que asegura que, aun as\u00ed, \u201csu llama no se ha apagado y sigue so\u00f1ando con volver a vestirse de luces\u201d.<\/p>\n\n\n\n<p>De tal forma, Rafael de Julia no podr\u00e1 actuar en la corrida goyesca del pr\u00f3ximo 2 de mayo en Las Ventas, D\u00eda de la Comunidad de Madrid, en la que estaba anunciado con los tambi\u00e9n madrile\u00f1os Francisco Jos\u00e9 Espada y Diego Garc\u00eda, que confirma su alternativa, con toros de Baltasar Ib\u00e1n y Luis Algarra.<\/p>\n\n\n\n<p>Rafael de Julia, natural de Torrej\u00f3n de Ardoz (Madrid), tom\u00f3 la alternativa el 15 de abril de 2001 en la plaza de Las Ventas, y un mes m\u00e1s tarde, el 20 de mayo, consigui\u00f3 salir a hombros por la Puerta Grande. Su \u00faltimo pase\u00edllo lo realiz\u00f3 en la feria del Pilar de Zaragoza en 2013. Al a\u00f1o siguiente se incorpor\u00f3 como profesor de la Escuela de Tauromaquia de Madrid, y en enero de 2023 anunci\u00f3 su vuelta a los ruedos. Esa temporada actu\u00f3 cinco tardes en tierras americanas y una en Espa\u00f1a, y en 2024 fue uno de los toreros destacados en la Copa Chenel. El 15 de septiembre particip\u00f3 en una corrida concurso en Madrid, en la que dio una vuelta al ruedo y se gan\u00f3 su inclusi\u00f3n en el festejo del pasado 23 de marzo y en la corrida goyesca del pr\u00f3ximo 2 de mayo, en la que no podr\u00e1 participar.<\/p>\n\n\n\n<p>Fuente: <a href=\"https:\/\/elpais.com\/cultura\/2025-04-07\/el-torero-rafael-de-julia-se-retira-indefinidamente-por-un-trastorno-alimentario.html\">https:\/\/elpais.com\/cultura\/2025-04-07\/el-torero-rafael-de-julia-se-retira-indefinidamente-por-un-trastorno-alimentario.html<\/a><\/p>\n","protected":false},"excerpt":{"rendered":"<p>El diestro no podr\u00e1 actuar en la corrida goyesca del 2 de mayo en Madrid, aunque asegura que sigue so\u00f1ando [&hellip;]<\/p>\n","protected":false},"author":1,"featured_media":97365,"comment_status":"open","ping_status":"open","sticky":false,"template":"","format":"standard","meta":{"site-sidebar-layout":"default","site-content-layout":"","ast-site-content-layout":"default","site-content-style":"default","site-sidebar-style":"default","ast-global-header-display":"","ast-banner-title-visibility":"","ast-main-header-display":"","ast-hfb-above-header-display":"","ast-hfb-below-header-display":"","ast-hfb-mobile-header-display":"","site-post-title":"","ast-breadcrumbs-content":"","ast-featured-img":"","footer-sml-layout":"","theme-transparent-header-meta":"","adv-header-id-meta":"","stick-header-meta":"","header-above-stick-meta":"","header-main-stick-meta":"","header-below-stick-meta":"","astra-migrate-meta-layouts":"default","ast-page-background-enabled":"default","ast-page-background-meta":{"desktop":{"background-color":"var(--ast-global-color-4)","background-image":"","background-repeat":"repeat","background-position":"center center","background-size":"auto","background-attachment":"scroll","background-type":"","background-media":"","overlay-type":"","overlay-color":"","overlay-opacity":"","overlay-gradient":""},"tablet":{"background-color":"","background-image":"","background-repeat":"repeat","background-position":"center center","background-size":"auto","background-attachment":"scroll","background-type":"","background-media":"","overlay-type":"","overlay-color":"","overlay-opacity":"","overlay-gradient":""},"mobile":{"background-color":"","background-image":"","background-repeat":"repeat","background-position":"center center","background-size":"auto","background-attachment":"scroll","background-type":"","background-media":"","overlay-type":"","overlay-color":"","overlay-opacity":"","overlay-gradient":""}},"ast-content-background-meta":{"desktop":{"background-color":"var(--ast-global-color-5)","background-image":"","background-repeat":"repeat","background-position":"center center","background-size":"auto","background-attachment":"scroll","background-type":"","background-media":"","overlay-type":"","overlay-color":"","overlay-opacity":"","overlay-gradient":""},"tablet":{"background-color":"var(--ast-global-color-5)","background-image":"","background-repeat":"repeat","background-position":"center center","background-size":"auto","background-attachment":"scroll","background-type":"","background-media":"","overlay-type":"","overlay-color":"","overlay-opacity":"","overlay-gradient":""},"mobile":{"background-color":"var(--ast-global-color-5)","background-image":"","background-repeat":"repeat","background-position":"center center","background-size":"auto","background-attachment":"scroll","background-type":"","background-media":"","overlay-type":"","overlay-color":"","overlay-opacity":"","overlay-gradient":""}},"footnotes":""},"categories":[8],"tags":[36833,37263,2745],"class_list":["post-97364","post","type-post","status-publish","format-standard","has-post-thumbnail","hentry","category-noticias","tag-rafael-de-julia","tag-retiro-rafael-de-julia","tag-tauromaquia"],"_links":{"self":[{"href":"https:\/\/losperiodistas.com.mx\/portal\/wp-json\/wp\/v2\/posts\/97364","targetHints":{"allow":["GET"]}}],"collection":[{"href":"https:\/\/losperiodistas.com.mx\/portal\/wp-json\/wp\/v2\/posts"}],"about":[{"href":"https:\/\/losperiodistas.com.mx\/portal\/wp-json\/wp\/v2\/types\/post"}],"author":[{"embeddable":true,"href":"https:\/\/losperiodistas.com.mx\/portal\/wp-json\/wp\/v2\/users\/1"}],"replies":[{"embeddable":true,"href":"https:\/\/losperiodistas.com.mx\/portal\/wp-json\/wp\/v2\/comments?post=97364"}],"version-history":[{"count":1,"href":"https:\/\/losperiodistas.com.mx\/portal\/wp-json\/wp\/v2\/posts\/97364\/revisions"}],"predecessor-version":[{"id":97366,"href":"https:\/\/losperiodistas.com.mx\/portal\/wp-json\/wp\/v2\/posts\/97364\/revisions\/97366"}],"wp:featuredmedia":[{"embeddable":true,"href":"https:\/\/losperiodistas.com.mx\/portal\/wp-json\/wp\/v2\/media\/97365"}],"wp:attachment":[{"href":"https:\/\/losperiodistas.com.mx\/portal\/wp-json\/wp\/v2\/media?parent=97364"}],"wp:term":[{"taxonomy":"category","embeddable":true,"href":"https:\/\/losperiodistas.com.mx\/portal\/wp-json\/wp\/v2\/categories?post=97364"},{"taxonomy":"post_tag","embeddable":true,"href":"https:\/\/losperiodistas.com.mx\/portal\/wp-json\/wp\/v2\/tags?post=97364"}],"curies":[{"name":"wp","href":"https:\/\/api.w.org\/{rel}","templated":true}]}}