{"id":97361,"date":"2025-04-08T06:14:45","date_gmt":"2025-04-08T12:14:45","guid":{"rendered":"https:\/\/losperiodistas.com.mx\/portal\/?p=97361"},"modified":"2025-04-08T06:14:46","modified_gmt":"2025-04-08T12:14:46","slug":"cia-evalua-danos-colaterales-y-represalias-si-se-usa-fuerza-letal-contra-carteles-mexicanos-proceso","status":"publish","type":"post","link":"https:\/\/losperiodistas.com.mx\/portal\/cia-evalua-danos-colaterales-y-represalias-si-se-usa-fuerza-letal-contra-carteles-mexicanos-proceso\/","title":{"rendered":"CIA eval\u00faa da\u00f1os colaterales y represalias si se usa fuerza letal contra c\u00e1rteles mexicanos | Proceso"},"content":{"rendered":"\n<p class=\"has-light-green-cyan-background-color has-background has-medium-font-size\"><strong>La agencia de inteligencia revisa facultades y riesgos potenciales de una operaci\u00f3n contra grupos criminales, reporta CNN.<\/strong><\/p>\n\n\n\n<p><a href=\"javascript:void(0)\"><\/a><\/p>\n\n\n\n<figure class=\"wp-block-image\"><a href=\"https:\/\/www.proceso.com.mx\/u\/fotografias\/fotosnoticias\/2025\/4\/8\/220694.jpg\"><img decoding=\"async\" src=\"https:\/\/www.proceso.com.mx\/u\/fotografias\/m\/2025\/4\/8\/f685x385-220694_258387_5050.jpg\" alt=\"CIA eval\u00faa da\u00f1os colaterales y represalias si se usa fuerza letal contra c\u00e1rteles mexicanos\"\/><\/a><figcaption class=\"wp-element-caption\">Emblema de la agencia. Foto: YouTube Central Intelligence Agency<\/figcaption><\/figure>\n\n\n\n<p class=\"has-vivid-red-color has-text-color has-link-color has-medium-font-size wp-elements-c085433482e4f9e606eefae7f9794e2e\"><strong>Redacci\u00f3n Proceso<\/strong><\/p>\n\n\n\n<p>CIUDAD DE M\u00c9XICO (apro).- La Agencia Central de Inteligencia (CIA, por sus siglas en ingl\u00e9s) est\u00e1 revisando sus facultades para usar \u201cfuerza letal\u201d contra los c\u00e1rteles en M\u00e9xico y otros pa\u00edses, inform\u00f3 la cadena televisiva estadunidense CNN.<\/p>\n\n\n\n<p>Esta revisi\u00f3n va a tono con la intenci\u00f3n del gobierno de Donald Trump de convertir la lucha contra las organizaciones criminales en una prioridad para la agencia de inteligencia, asegura CNN, citando a un funcionario y tres personas informadas sobre el tema.<\/p>\n\n\n\n<p class=\"has-ast-global-color-6-background-color has-background\"><strong>Noticias Relacionadas<\/strong><\/p>\n\n\n\n<ul class=\"wp-block-list\">\n<li><a href=\"https:\/\/www.proceso.com.mx\/nacional\/2025\/2\/18\/tambien-es-parte-de-esta-campanita-fin-dice-sheinbaum-sobre-espionaje-de-la-cia-en-mexico-345846.html\">\u201cTambi\u00e9n es parte de esta campa\u00f1ita, fin\u201d, dice Sheinbaum sobre espionaje de la CIA en M\u00e9xico<\/a><\/li>\n\n\n\n<li><a href=\"https:\/\/www.proceso.com.mx\/nacional\/2025\/2\/18\/la-cia-espia-con-drones-carteles-en-mexico-en-misiones-encubiertas-cnn-345837.html\">La CIA esp\u00eda con drones a c\u00e1rteles en M\u00e9xico en misiones encubiertas: CNN<\/a><\/li>\n\n\n\n<li><a href=\"https:\/\/www.proceso.com.mx\/nacional\/politica\/2025\/2\/5\/la-cia-de-trump-espiaria-al-gobierno-de-mexico-para-sacar-ventaja-en-la-disputa-comercial-wsj-345004.html\">La CIA de Trump espiar\u00eda al gobierno de M\u00e9xico para sacar ventaja en la disputa comercial: WSJ<\/a><\/li>\n\n\n\n<li><a href=\"https:\/\/www.proceso.com.mx\/internacional\/2025\/1\/23\/senado-confirma-john-ratcliffe-como-director-de-la-cia-segundo-miembro-del-gabinete-de-trump-344272.html\">Senado confirma a John Ratcliffe como director de la CIA, segundo miembro del gabinete de Trump<\/a><\/li>\n<\/ul>\n\n\n\n<p>Esto no significa que el magnate ya orden\u00f3 a la agencia tomar medidas, sino que la revisi\u00f3n ayudar\u00eda&nbsp;a determinar qu\u00e9 tipo de acciones puede llevar a cabo legalmente y cu\u00e1les ser\u00edan los riesgos potenciales, indica la nota publicada por el portal web de la televisora.<\/p>\n\n\n\n<h2 class=\"wp-block-heading\"><strong>Da\u00f1os colaterales<\/strong><\/h2>\n\n\n\n<p>Seg\u00fan CNN, hay preocupaci\u00f3n en el gobierno de que el uso de herramientas antiterroristas tradicionales contra los c\u00e1rteles conlleve un riesgo mucho mayor de da\u00f1os colaterales para los ciudadanos estadunidenses, con comparaci\u00f3n con las que se han llevado a cabo en Medio Oriente.<\/p>\n\n\n\n<p>As\u00ed, abogados de la agencia examinan la probable responsabilidad de la CIA y sus agentes en caso de muerte accidental de un estadunidense en cualquier operaci\u00f3n, dice una de las personas informadas citadas por la televisora.<\/p>\n\n\n\n<p>\u201cSi alg\u00fan gobierno nos presiona para hacer algo que pueda tener importantes consecuencias negativas para la agencia, la CIA querr\u00e1 verificar dos y tres veces\u201d, dice un exfuncionario de la agencia citado por CNN.<\/p>\n\n\n\n<p>La nota destaca que es una novedad para la CIA una posible acci\u00f3n contra los c\u00e1rteles en una zona donde, comparativamente, hay muchos m\u00e1s ciudadanos nacidos en Estados Unidos y titulares de tarjetas de residencia permanente. Esto es, personas que podr\u00edan tener legitimidad para demandar al gobierno estadunidense si sufren da\u00f1os.<\/p>\n\n\n\n<p>Asimismo, destaca el medio, exfuncionarios advirtieron sobre los riesgos de represalias por parte de los c\u00e1rteles, algunos de los cuales mantienen presencia en Estados Unidos.<\/p>\n\n\n\n<p>En ese contexto cita una opini\u00f3n de Doug Livermore, exfuncionario del Departamento de Defensa, en un estudio para el centro de estudios para el Atlantic Council: \u201cEs muy probable que los c\u00e1rteles tomen represalias y poseen una capacidad sustancial para el terrorismo que, sumada a su presencia establecida en Estados Unidos, podr\u00eda intensificar el conflicto\u201d.<\/p>\n\n\n\n<p>Fuente: <a href=\"https:\/\/www.proceso.com.mx\/nacional\/2025\/4\/8\/cia-evalua-danos-colaterales-represalias-si-se-usa-fuerza-letal-contra-carteles-mexicanos-348951.html\">https:\/\/www.proceso.com.mx\/nacional\/2025\/4\/8\/cia-evalua-danos-colaterales-represalias-si-se-usa-fuerza-letal-contra-carteles-mexicanos-348951.html<\/a><\/p>\n","protected":false},"excerpt":{"rendered":"<p>La agencia de inteligencia revisa facultades y riesgos potenciales de una operaci\u00f3n contra grupos criminales, reporta CNN. Redacci\u00f3n Proceso CIUDAD [&hellip;]<\/p>\n","protected":false},"author":1,"featured_media":97362,"comment_status":"open","ping_status":"open","sticky":false,"template":"","format":"standard","meta":{"site-sidebar-layout":"default","site-content-layout":"","ast-site-content-layout":"default","site-content-style":"default","site-sidebar-style":"default","ast-global-header-display":"","ast-banner-title-visibility":"","ast-main-header-display":"","ast-hfb-above-header-display":"","ast-hfb-below-header-display":"","ast-hfb-mobile-header-display":"","site-post-title":"","ast-breadcrumbs-content":"","ast-featured-img":"","footer-sml-layout":"","theme-transparent-header-meta":"","adv-header-id-meta":"","stick-header-meta":"","header-above-stick-meta":"","header-main-stick-meta":"","header-below-stick-meta":"","astra-migrate-meta-layouts":"default","ast-page-background-enabled":"default","ast-page-background-meta":{"desktop":{"background-color":"var(--ast-global-color-4)","background-image":"","background-repeat":"repeat","background-position":"center center","background-size":"auto","background-attachment":"scroll","background-type":"","background-media":"","overlay-type":"","overlay-color":"","overlay-opacity":"","overlay-gradient":""},"tablet":{"background-color":"","background-image":"","background-repeat":"repeat","background-position":"center center","background-size":"auto","background-attachment":"scroll","background-type":"","background-media":"","overlay-type":"","overlay-color":"","overlay-opacity":"","overlay-gradient":""},"mobile":{"background-color":"","background-image":"","background-repeat":"repeat","background-position":"center center","background-size":"auto","background-attachment":"scroll","background-type":"","background-media":"","overlay-type":"","overlay-color":"","overlay-opacity":"","overlay-gradient":""}},"ast-content-background-meta":{"desktop":{"background-color":"var(--ast-global-color-5)","background-image":"","background-repeat":"repeat","background-position":"center center","background-size":"auto","background-attachment":"scroll","background-type":"","background-media":"","overlay-type":"","overlay-color":"","overlay-opacity":"","overlay-gradient":""},"tablet":{"background-color":"var(--ast-global-color-5)","background-image":"","background-repeat":"repeat","background-position":"center center","background-size":"auto","background-attachment":"scroll","background-type":"","background-media":"","overlay-type":"","overlay-color":"","overlay-opacity":"","overlay-gradient":""},"mobile":{"background-color":"var(--ast-global-color-5)","background-image":"","background-repeat":"repeat","background-position":"center center","background-size":"auto","background-attachment":"scroll","background-type":"","background-media":"","overlay-type":"","overlay-color":"","overlay-opacity":"","overlay-gradient":""}},"footnotes":""},"categories":[8],"tags":[12165,26496,37261,37262],"class_list":["post-97361","post","type-post","status-publish","format-standard","has-post-thumbnail","hentry","category-noticias","tag-cia","tag-cnn","tag-fueerza-letal-vs-narcos","tag-mexico-carteles"],"_links":{"self":[{"href":"https:\/\/losperiodistas.com.mx\/portal\/wp-json\/wp\/v2\/posts\/97361","targetHints":{"allow":["GET"]}}],"collection":[{"href":"https:\/\/losperiodistas.com.mx\/portal\/wp-json\/wp\/v2\/posts"}],"about":[{"href":"https:\/\/losperiodistas.com.mx\/portal\/wp-json\/wp\/v2\/types\/post"}],"author":[{"embeddable":true,"href":"https:\/\/losperiodistas.com.mx\/portal\/wp-json\/wp\/v2\/users\/1"}],"replies":[{"embeddable":true,"href":"https:\/\/losperiodistas.com.mx\/portal\/wp-json\/wp\/v2\/comments?post=97361"}],"version-history":[{"count":1,"href":"https:\/\/losperiodistas.com.mx\/portal\/wp-json\/wp\/v2\/posts\/97361\/revisions"}],"predecessor-version":[{"id":97363,"href":"https:\/\/losperiodistas.com.mx\/portal\/wp-json\/wp\/v2\/posts\/97361\/revisions\/97363"}],"wp:featuredmedia":[{"embeddable":true,"href":"https:\/\/losperiodistas.com.mx\/portal\/wp-json\/wp\/v2\/media\/97362"}],"wp:attachment":[{"href":"https:\/\/losperiodistas.com.mx\/portal\/wp-json\/wp\/v2\/media?parent=97361"}],"wp:term":[{"taxonomy":"category","embeddable":true,"href":"https:\/\/losperiodistas.com.mx\/portal\/wp-json\/wp\/v2\/categories?post=97361"},{"taxonomy":"post_tag","embeddable":true,"href":"https:\/\/losperiodistas.com.mx\/portal\/wp-json\/wp\/v2\/tags?post=97361"}],"curies":[{"name":"wp","href":"https:\/\/api.w.org\/{rel}","templated":true}]}}