{"id":97358,"date":"2025-04-08T06:01:26","date_gmt":"2025-04-08T12:01:26","guid":{"rendered":"https:\/\/losperiodistas.com.mx\/portal\/?p=97358"},"modified":"2025-04-08T06:01:29","modified_gmt":"2025-04-08T12:01:29","slug":"la-national-gallery-de-londres-sortea-dormir-en-sus-salas-recorrido-privado-cena-y-cama-la-razon","status":"publish","type":"post","link":"https:\/\/losperiodistas.com.mx\/portal\/la-national-gallery-de-londres-sortea-dormir-en-sus-salas-recorrido-privado-cena-y-cama-la-razon\/","title":{"rendered":"La National Gallery de Londres sortea dormir en sus salas: recorrido privado, cena y cama | La Raz\u00f3n"},"content":{"rendered":"\n<h2 class=\"wp-block-heading has-pale-cyan-blue-background-color has-background\">El concurso del museo conmemora el 200.\u00ba aniversario y la apertura de la Sainsbury Wing despu\u00e9s de dos a\u00f1os de remodelaci\u00f3n<\/h2>\n\n\n\n<figure class=\"wp-block-image size-large\"><img fetchpriority=\"high\" decoding=\"async\" width=\"1024\" height=\"576\" src=\"https:\/\/losperiodistas.com.mx\/portal\/wp-content\/uploads\/2025\/04\/noche-rodeado-mas-mil-obras-ganador-tambien-tendra-tiempo-desayuno-dentro-salas_98-1024x576.webp\" alt=\"\" class=\"wp-image-97359\" srcset=\"https:\/\/losperiodistas.com.mx\/portal\/wp-content\/uploads\/2025\/04\/noche-rodeado-mas-mil-obras-ganador-tambien-tendra-tiempo-desayuno-dentro-salas_98-1024x576.webp 1024w, https:\/\/losperiodistas.com.mx\/portal\/wp-content\/uploads\/2025\/04\/noche-rodeado-mas-mil-obras-ganador-tambien-tendra-tiempo-desayuno-dentro-salas_98-300x169.webp 300w, https:\/\/losperiodistas.com.mx\/portal\/wp-content\/uploads\/2025\/04\/noche-rodeado-mas-mil-obras-ganador-tambien-tendra-tiempo-desayuno-dentro-salas_98-768x432.webp 768w, https:\/\/losperiodistas.com.mx\/portal\/wp-content\/uploads\/2025\/04\/noche-rodeado-mas-mil-obras-ganador-tambien-tendra-tiempo-desayuno-dentro-salas_98-1536x864.webp 1536w, https:\/\/losperiodistas.com.mx\/portal\/wp-content\/uploads\/2025\/04\/noche-rodeado-mas-mil-obras-ganador-tambien-tendra-tiempo-desayuno-dentro-salas_98.webp 1900w\" sizes=\"(max-width: 1024px) 100vw, 1024px\" \/><figcaption class=\"wp-element-caption\"><strong>Tras una noche rodeado de m\u00e1s de mil obras, el ganador tambi\u00e9n tendr\u00e1 tiempo para un desayuno dentro de las salas<\/strong> National Gallery<\/figcaption><\/figure>\n\n\n\n<ul class=\"wp-block-list\">\n<li><\/li>\n<\/ul>\n\n\n\n<p class=\"has-vivid-red-color has-text-color has-link-color has-medium-font-size wp-elements-1138e19605c6e89abc225562a3f3cb31\"><strong>Sof\u00eda Campos \/ La Raz\u00f3n<\/strong><\/p>\n\n\n\n<p>Esta&nbsp;<strong>fiesta del pijama<\/strong>&nbsp;es realmente especial, \u00fanica:&nbsp;<strong>pasar la noche en una cama de lujo en mitad de las salas de exposiciones de la National Gallery, en Londres<\/strong>. Un sue\u00f1ecito&nbsp;<a href=\"https:\/\/www.larazon.es\/cultura\/arte\/en-las-entranas-de-la-national-gallery-AF9205244\/\" target=\"_blank\" rel=\"noreferrer noopener\">bajo \u00ablas pinturas m\u00e1s importantes del mundo\u00bb<\/a>, presentan de la iniciativa.<\/p>\n\n\n\n<p>Unos se sentir\u00e1n m\u00e1s inspirados y&nbsp;<a href=\"https:\/\/www.larazon.es\/television\/series\/ben-stiller-tiene-buenas-noticias-temporada-3-severance_2025032167dd649eb425ef0001e60f14.html\" target=\"_blank\" rel=\"noreferrer noopener\">otros, quiz\u00e1, se sientan m\u00e1s Ben Stiller en aquella \u00abNoche en el museo\u00bb<\/a>&nbsp;en la que su personaje, un guardia de seguridad, descubr\u00eda que las obras cobraban vida cuando las puertas se cerraban.<\/p>\n\n\n\n<p>Sea como sea, por primera vez en su historia,&nbsp;<a href=\"https:\/\/www.larazon.es\/cultura\/\" target=\"_blank\" rel=\"noreferrer noopener\">la National Gallery ofrecer\u00e1 una estancia de una noche a gastos pagados<\/a>. Eso s\u00ed, solo ser\u00e1 una persona la afortunada y para ello deber\u00e1 ganar el sorteo que se ha puesto en marcha antes de la reapertura al p\u00fablico el mes que viene.<\/p>\n\n\n\n<blockquote class=\"wp-block-quote has-pale-cyan-blue-background-color has-background has-medium-font-size is-layout-flow wp-block-quote-is-layout-flow\">\n<p>Con esta experiencia es inevitable pensar en Ben Stiller y &#8216;Una noche en el museo&#8217;<\/p>\n<\/blockquote>\n\n\n\n<p>Para conmemorar el 200 aniversario de la galer\u00eda, el concurso seleccionar\u00e1 al primer miembro que ingresar\u00e1 en el museo tras su cierre de dos a\u00f1os. Ser\u00e1 pionero, o pionera, en experimentar la mayor renovaci\u00f3n de toda la colecci\u00f3n, titulada<strong>&nbsp;&#8216;Land: The Wonder of Art&#8217;<\/strong>.<\/p>\n\n\n\n<p>As\u00ed,&nbsp;<strong>cualquier persona mayor de 18 a\u00f1os suscrita al bolet\u00edn informativo de la National Gallery participar\u00e1 en el sorteo para dormir en la cama<\/strong>, ubicada en el \u00abpuente\u00bb que conecta el Ala Sainsbury con el resto de la galer\u00eda. El concurso estar\u00e1 abierto hasta las 18:00 horas del 28 de abril y el ganador se seleccionar\u00e1 al azar.<\/p>\n\n\n\n<p>Seg\u00fan la galer\u00eda, la velada comenzar\u00e1 con una cena para dos en su restaurante, Locatelli; para despu\u00e9s, una vez que las puertas de la galer\u00eda se cierren al p\u00fablico, el ganador recibir\u00e1&nbsp;<strong>su propio recorrido privado de la exposici\u00f3n con Christine Riding<\/strong>, directora de colecciones e investigaci\u00f3n de la Galer\u00eda Nacional.<\/p>\n\n\n\n<p><a href=\"https:\/\/cat.da.us.criteo.com\/delivery\/ckn.php?cppv=3&amp;cpp=VjDc2eWNb-lhp8gEyaZH0_kPbS1YCG26pf-M2WzQqTkloMVLnFuukhBXvn7XEFTH_RbYjJLP8de6TgJGkwMG5XbQcM7MO6jbBRVKYlaMd8XPjbeEt-8hxUF5F78xNBMGgEz9riRcyVmNu2nceAHOISEkzjYwHHQzK313my1hgpQkZE0BKQQ-ew7wEQda8i_S0VlTOOHYLQ6uS2uCQoQYDC6EAVsENYXFD4VgDewnlHeHqQ2SHO45L_6QklCHe1Y6f76nwxHolR2uweVp_tPnOqs5uIXzeHTC9ItC4IiyU4dRc7v13esFeweVtxBz8ZvIu1Pn4nyUAwGUk_uOO7BtN9WkNAHJ0d2HkgO84hEizMibDmIdCCgItWNKAZ0RtJfkomyLZgU2XMVQ3IkLZlEqSvzx3XQ9gjAk26AJwILHldhdrYNV7CDHmlKDnSCSQ9-44IaxczB-0Cdx64j3_cjI932h-EAmiHsn5dNJue54i9e0jyV_731PIUcgS-ZlEfGoQkdjvnkaiiVkDKkUWU7Qk544Fqk782meHvpRnY8SaiwBXnrSUeS-yhp99iHE4UlPaz75_J97xoTHFQsStjFAiDCEJYkBo_ajKz44w6PqmGECbhPwhRbcl4HLyHjy5FQ4gPAeOlnD4YILwYzcw7FhiVPHLcCXXaSJnAq70dtrByjZJriB80nFe3Pc-TBGrb5CO6HSC9k3L3P9LOzdWch2skAd3CJKX-CKgPlhuUK1vggkbjlr&amp;maxdest=https%3A%2F%2Fwww.walmart.com.mx%2Fip%2Fvinos-y-espumosos%2Fpack-de-2-vino-espumoso-pata-negra-cava-brut-750-ml-pata-negra-cava-brut%2F00080822765181%3Futm_source%3Dcriteo%26utm_medium%3Ddisplay%26utm_campaign%3DWeb%2520-%2520Adquisici%25C3%25B3n%2520-%252009%252F11%252F2024%26utm_id%3D471973%26cto_pld%3DfPKCD8VcAAAB4L8nZGkZHg&amp;obOrigUrl=true\" target=\"_blank\" rel=\"noreferrer noopener\"><\/a><a href=\"https:\/\/cat.da.us.criteo.com\/delivery\/ckn.php?cppv=3&amp;cpp=VjDc2eWNb-lhp8gEyaZH0_kPbS1YCG26pf-M2WzQqTkloMVLnFuukhBXvn7XEFTH_RbYjJLP8de6TgJGkwMG5XbQcM7MO6jbBRVKYlaMd8XPjbeEt-8hxUF5F78xNBMGgEz9riRcyVmNu2nceAHOISEkzjYwHHQzK313my1hgpQkZE0BKQQ-ew7wEQda8i_S0VlTOOHYLQ6uS2uCQoQYDC6EAVsENYXFD4VgDewnlHeHqQ2SHO45L_6QklCHe1Y6f76nwxHolR2uweVp_tPnOqs5uIXzeHTC9ItC4IiyU4dRc7v13esFeweVtxBz8ZvIu1Pn4nyUAwGUk_uOO7BtN9WkNAHJ0d2HkgO84hEizMibDmIdCCgItWNKAZ0RtJfkomyLZgU2XMVQ3IkLZlEqSvzx3XQ9gjAk26AJwILHldhdrYNV7CDHmlKDnSCSQ9-44IaxczB-0Cdx64j3_cjI932h-EAmiHsn5dNJue54i9e0jyV_731PIUcgS-ZlEfGoQkdjvnkaiiVkDKkUWU7Qk544Fqk782meHvpRnY8SaiwBXnrSUeS-yhp99iHE4UlPaz75_J97xoTHFQsStjFAiDCEJYkBo_ajKz44w6PqmGECbhPwhRbcl4HLyHjy5FQ4gPAeOlnD4YILwYzcw7FhiVPHLcCXXaSJnAq70dtrByjZJriB80nFe3Pc-TBGrb5CO6HSC9k3L3P9LOzdWch2skAd3CJKX-CKgPlhuUK1vggkbjlr&amp;maxdest=https%3A%2F%2Fwww.walmart.com.mx%2Fip%2Fvinos-y-espumosos%2Fpack-de-2-vino-espumoso-pata-negra-cava-brut-750-ml-pata-negra-cava-brut%2F00080822765181%3Futm_source%3Dcriteo%26utm_medium%3Ddisplay%26utm_campaign%3DWeb%2520-%2520Adquisici%25C3%25B3n%2520-%252009%252F11%252F2024%26utm_id%3D471973%26cto_pld%3DfPKCD8VcAAAB4L8nZGkZHg&amp;obOrigUrl=true\" target=\"_blank\" rel=\"noreferrer noopener\">Pack de 2 vino espumoso pata negra cava brut 750 ml pata negra cava brutPack de 2 vino espumoso pata negra cava brut 750 ml pata negra cava brut pata negra cava brutPatrocinado Walmart Mexico<\/a><\/p>\n\n\n\n<p><a href=\"https:\/\/www.outbrain.com\/what-is\/default\/es\"><\/a><\/p>\n\n\n\n<p>A su paso por la galer\u00eda, ver\u00e1n&nbsp;<strong>m\u00e1s de 1.000 obras de arte&nbsp;<\/strong>que trazan el desarrollo de la pintura en la tradici\u00f3n europea occidental entre los siglos XIII y XX, desde obras maestras conocidas hasta pinturas que nunca se han visto en la Galer\u00eda Nacional.<\/p>\n\n\n\n<blockquote class=\"wp-block-quote is-layout-flow wp-block-quote-is-layout-flow\">\n<p class=\"has-pale-cyan-blue-background-color has-background has-medium-font-size\">Se podr\u00e1n ver m\u00e1s de mil obras de arte que trazan el desarrollo de la pintura en la tradici\u00f3n europea occidental entre los siglos XIII y XX<\/p>\n<\/blockquote>\n\n\n\n<p>\u00abEs la primera vez que tenemos la&nbsp;<strong>emocionante oportunidad de repensar y renovar la forma en que presentamos una de las mayores colecciones de arte del mundo<\/strong>, bajo un mismo techo\u00bb, afirm\u00f3 Riding. \u00abNuestros visitantes descubrir\u00e1n de nuevo algunas de las obras de arte m\u00e1s famosas e ic\u00f3nicas jam\u00e1s creadas, junto con sus favoritas y descubrimientos y adquisiciones recientes\u00bb.<\/p>\n\n\n\n<p>A la ma\u00f1ana siguiente,<strong>&nbsp;el ganador tambi\u00e9n recibir\u00e1 una cesta de desayuno&nbsp;<\/strong>antes de tener la galer\u00eda a su disposici\u00f3n para explorarla antes de la primera inauguraci\u00f3n p\u00fablica del Ala Sainsbury a las 10 de la ma\u00f1ana del 10 de mayo.<\/p>\n\n\n\n<p>La remodelaci\u00f3n de la Galer\u00eda Nacional es la m\u00e1s extensa en a\u00f1os. Las celebraciones del 200.\u00ba aniversario de la galer\u00eda este a\u00f1o tambi\u00e9n incluyen la inauguraci\u00f3n de una casa para simpatizantes, para miembros y otros simpatizantes, y un centro de aprendizaje.<\/p>\n\n\n\n<p>La Galer\u00eda Nacional no es ajena a los eventos nocturnos.&nbsp;<strong>En enero, abri\u00f3 sus puertas durante 24 horas para el \u00faltimo fin de semana de su exposici\u00f3n de Van Gogh<\/strong>, que agot\u00f3 todas sus entradas y fue visitada por m\u00e1s de 200.000 personas. Fue la segunda vez en su historia que la galer\u00eda permaneci\u00f3 abierta durante la noche (la primera fue para Leonardo da Vinci: Pintor en la corte de Mil\u00e1n en 2012).<\/p>\n\n\n\n<p>Fuente: <a href=\"https:\/\/www.larazon.es\/cultura\/arte\/national-gallery-londres-sortea-dormir-sus-salas-recorrido-privado-cena-cama_2025040867f50cfbfd5470000122cd08.html\">https:\/\/www.larazon.es\/cultura\/arte\/national-gallery-londres-sortea-dormir-sus-salas-recorrido-privado-cena-cama_2025040867f50cfbfd5470000122cd08.html<\/a><\/p>\n","protected":false},"excerpt":{"rendered":"<p>El concurso del museo conmemora el 200.\u00ba aniversario y la apertura de la Sainsbury Wing despu\u00e9s de dos a\u00f1os de [&hellip;]<\/p>\n","protected":false},"author":1,"featured_media":97359,"comment_status":"open","ping_status":"open","sticky":false,"template":"","format":"standard","meta":{"site-sidebar-layout":"default","site-content-layout":"","ast-site-content-layout":"default","site-content-style":"default","site-sidebar-style":"default","ast-global-header-display":"","ast-banner-title-visibility":"","ast-main-header-display":"","ast-hfb-above-header-display":"","ast-hfb-below-header-display":"","ast-hfb-mobile-header-display":"","site-post-title":"","ast-breadcrumbs-content":"","ast-featured-img":"","footer-sml-layout":"","theme-transparent-header-meta":"","adv-header-id-meta":"","stick-header-meta":"","header-above-stick-meta":"","header-main-stick-meta":"","header-below-stick-meta":"","astra-migrate-meta-layouts":"default","ast-page-background-enabled":"default","ast-page-background-meta":{"desktop":{"background-color":"var(--ast-global-color-4)","background-image":"","background-repeat":"repeat","background-position":"center center","background-size":"auto","background-attachment":"scroll","background-type":"","background-media":"","overlay-type":"","overlay-color":"","overlay-opacity":"","overlay-gradient":""},"tablet":{"background-color":"","background-image":"","background-repeat":"repeat","background-position":"center center","background-size":"auto","background-attachment":"scroll","background-type":"","background-media":"","overlay-type":"","overlay-color":"","overlay-opacity":"","overlay-gradient":""},"mobile":{"background-color":"","background-image":"","background-repeat":"repeat","background-position":"center center","background-size":"auto","background-attachment":"scroll","background-type":"","background-media":"","overlay-type":"","overlay-color":"","overlay-opacity":"","overlay-gradient":""}},"ast-content-background-meta":{"desktop":{"background-color":"var(--ast-global-color-5)","background-image":"","background-repeat":"repeat","background-position":"center center","background-size":"auto","background-attachment":"scroll","background-type":"","background-media":"","overlay-type":"","overlay-color":"","overlay-opacity":"","overlay-gradient":""},"tablet":{"background-color":"var(--ast-global-color-5)","background-image":"","background-repeat":"repeat","background-position":"center center","background-size":"auto","background-attachment":"scroll","background-type":"","background-media":"","overlay-type":"","overlay-color":"","overlay-opacity":"","overlay-gradient":""},"mobile":{"background-color":"var(--ast-global-color-5)","background-image":"","background-repeat":"repeat","background-position":"center center","background-size":"auto","background-attachment":"scroll","background-type":"","background-media":"","overlay-type":"","overlay-color":"","overlay-opacity":"","overlay-gradient":""}},"footnotes":""},"categories":[8],"tags":[37258,13158,37260,37259],"class_list":["post-97358","post","type-post","status-publish","format-standard","has-post-thumbnail","hentry","category-noticias","tag-fiesta-de-pijama","tag-national-gallery-londres","tag-sainsbury-wing","tag-una-noche-en-la-national-gallery-londres"],"_links":{"self":[{"href":"https:\/\/losperiodistas.com.mx\/portal\/wp-json\/wp\/v2\/posts\/97358","targetHints":{"allow":["GET"]}}],"collection":[{"href":"https:\/\/losperiodistas.com.mx\/portal\/wp-json\/wp\/v2\/posts"}],"about":[{"href":"https:\/\/losperiodistas.com.mx\/portal\/wp-json\/wp\/v2\/types\/post"}],"author":[{"embeddable":true,"href":"https:\/\/losperiodistas.com.mx\/portal\/wp-json\/wp\/v2\/users\/1"}],"replies":[{"embeddable":true,"href":"https:\/\/losperiodistas.com.mx\/portal\/wp-json\/wp\/v2\/comments?post=97358"}],"version-history":[{"count":1,"href":"https:\/\/losperiodistas.com.mx\/portal\/wp-json\/wp\/v2\/posts\/97358\/revisions"}],"predecessor-version":[{"id":97360,"href":"https:\/\/losperiodistas.com.mx\/portal\/wp-json\/wp\/v2\/posts\/97358\/revisions\/97360"}],"wp:featuredmedia":[{"embeddable":true,"href":"https:\/\/losperiodistas.com.mx\/portal\/wp-json\/wp\/v2\/media\/97359"}],"wp:attachment":[{"href":"https:\/\/losperiodistas.com.mx\/portal\/wp-json\/wp\/v2\/media?parent=97358"}],"wp:term":[{"taxonomy":"category","embeddable":true,"href":"https:\/\/losperiodistas.com.mx\/portal\/wp-json\/wp\/v2\/categories?post=97358"},{"taxonomy":"post_tag","embeddable":true,"href":"https:\/\/losperiodistas.com.mx\/portal\/wp-json\/wp\/v2\/tags?post=97358"}],"curies":[{"name":"wp","href":"https:\/\/api.w.org\/{rel}","templated":true}]}}