{"id":97355,"date":"2025-04-08T06:54:22","date_gmt":"2025-04-08T12:54:22","guid":{"rendered":"https:\/\/losperiodistas.com.mx\/portal\/?p=97355"},"modified":"2025-04-08T06:04:48","modified_gmt":"2025-04-08T12:04:48","slug":"las-memorias-del-rey-juan-carlos-a-punto-de-ver-la-luz-la-fecha-de-publicacion-la-editorial-y-con-partes-censuradas-vozpopuli","status":"publish","type":"post","link":"https:\/\/losperiodistas.com.mx\/portal\/las-memorias-del-rey-juan-carlos-a-punto-de-ver-la-luz-la-fecha-de-publicacion-la-editorial-y-con-partes-censuradas-vozpopuli\/","title":{"rendered":"Las memorias del rey Juan Carlos, a punto de ver la luz: la fecha de publicaci\u00f3n, la editorial \u00bfy con partes censuradas? | VozP\u00f3puli"},"content":{"rendered":"\n<p class=\"has-pale-pink-background-color has-background has-medium-font-size\">Tras meses de especulaciones, las memorias del rey Juan Carlos ya tienen fecha de publicaci\u00f3n aunque, seg\u00fan aseguran, \u201cpodr\u00eda salir con recortes\u201d<\/p>\n\n\n\n<figure class=\"wp-block-image\"><img decoding=\"async\" src=\"https:\/\/d30gl8nkrjm6kp.cloudfront.net\/articulos\/articulos-1380426.jpg\" alt=\"Las memorias del rey Juan Carlos, a punto de ver la luz - Europa Press\" title=\"Las memorias del rey Juan Carlos, a punto de ver la luz - Europa Press\"\/><figcaption class=\"wp-element-caption\">Las memorias del rey Juan Carlos, a punto de ver la luz &#8211;&nbsp;Europa Press<\/figcaption><\/figure>\n\n\n\n<h2 class=\"wp-block-heading\"><\/h2>\n\n\n\n<p class=\"has-vivid-red-color has-text-color has-link-color has-medium-font-size wp-elements-cf6139782ec34e3a44c1540a36e50154\"><strong><a href=\"https:\/\/www.vozpopuli.com\/redaccion\/patricia-nunez\">Patricia N\u00fa\u00f1ez<\/a>&#8211;<a href=\"https:\/\/www.vozpopuli.com\/dolcevita\">DolceVita<\/a> \/ VozP\u00f3puli<\/strong><\/p>\n\n\n\n<p>El<strong>&nbsp;<\/strong><a href=\"https:\/\/www.vozpopuli.com\/casa-real\/juan-carlos-i-actuo-contra-revilla-como-aviso-a-navegantes-ante-su-inminente-regreso-a-espana.html\"><strong>rey Juan Carlos<\/strong>&nbsp;<\/a>acapara todas las miradas. Y no solo por su reciente&nbsp;<a href=\"https:\/\/www.vozpopuli.com\/dolcevita\/rey-juan-carlos-demanda-miguel-angel-revilla-difamacion.html\">decisi\u00f3n de demandar a Miguel \u00c1ngel Revilla,&nbsp;<\/a>ahora son de nuevo&nbsp;<strong>sus memorias las que centran la atenci\u00f3n.<\/strong>&nbsp;Una publicaci\u00f3n&nbsp;que&nbsp;<a href=\"https:\/\/www.vozpopuli.com\/dolcevita\/rey-felipe-paraliza-publicacion-memorias-padre.html\">el pasado mes de&nbsp;octubre decidi\u00f3 paralizar,<\/a>&nbsp;seg\u00fan&nbsp;asegur\u00f3 la escritora francesa y bi\u00f3grafa del em\u00e9rito, Laurence Debray, por una petici\u00f3n directa del rey Felipe VI. Un libro que muchos pensaron que no ver\u00eda la luz, y que todo apunta que se publicar\u00e1 en los pr\u00f3ximos meses.<\/p>\n\n\n\n<p>As\u00ed lo han asegurado diferentes fuentes, que confirman que el rey Juan Carlos&nbsp;<strong>ha vuelto a poner en marcha el lanzamiento de sus memorias<\/strong>, que prometen dar mucho de qu\u00e9 hablar.<\/p>\n\n\n\n<p><img decoding=\"async\" alt=\"Tras paralizar su publicaci\u00f3n, las memorias del Em\u00e9rito ver\u00e1n la luz\" src=\"https:\/\/d30gl8nkrjm6kp.cloudfront.net\/articulos\/articulos-1380427.jpg\"><small>Tras paralizar su publicaci\u00f3n, las memorias del Em\u00e9rito ver\u00e1n la luz en los pr\u00f3ximos meses. Foto: EFE<\/small><\/p>\n\n\n\n<h2 class=\"wp-block-heading\"><strong>Las memorias del rey Juan Carlos ya tienen fecha de publicaci\u00f3n aunque \u201cpodr\u00eda salir con recortes\u201d<\/strong><\/h2>\n\n\n\n<p><strong>\u201cVa a ser un bombazo\u201d.<\/strong>&nbsp;Con estas palabras hablan desde el entorno del rey Juan Carlos a \u2018Vanitatis\u2019 sobre las memorias. Unos textos<strong>&nbsp;escritos personalmente por el Em\u00e9rito&nbsp;<\/strong>y revisados y supervisados por Lauren Debray: \u201cEs una persona neutral que no ha intervenido en nada, solo ha corregido y escrito con mejor estilo literario algunos pasajes\u201d.<\/p>\n\n\n\n<p>Seg\u00fan aseguran, finalmente&nbsp;<strong>ser\u00e1 la editorial Planeta<\/strong>&nbsp;la encargada de publicar las memorias del rey Juan Carlos, que ver\u00e1n la luz en varios idiomas. Seg\u00fan lo previsto,&nbsp;<strong>el gran lanzamiento justo antes de Navidades.<\/strong>&nbsp;Una gran noticia para el exmonarca ya que, tal y como ha comentado a su entorno, le hace una \u201cilusi\u00f3n tremenda\u201d.<\/p>\n\n\n\n<p>En este libro, para el que el rey Juan Carlos ha contado con la ayuda de amigos y familiares como las infantas Cristina y Elena, encargadas de llevarle hasta Abu Dabi algunos recuerdos con los que documentar sus cap\u00edtulos, el padre del rey Felipe VI quiere contar su historia, en primera persona por primera vez. Eso s\u00ed, insisten en que&nbsp;<strong>su intenci\u00f3n no es politizar sus memorias<\/strong>, y aunque contar\u00e1 momentos \u00edntimos de su vida tambi\u00e9n habr\u00e1 algunos cap\u00edtulos cargados de&nbsp;<strong>momentos pol\u00e9micos.<\/strong><\/p>\n\n\n\n<p>\u201cHabla de todo lo que le importa y&nbsp;<strong>dice todo lo que piensa, quiere que se sepa la verdad<\/strong>&nbsp;de lo que ha pasado y est\u00e1 harto de las cr\u00edticas, que son injustificadas\u201d se\u00f1alan personas muy pr\u00f3ximas al rey Juan Carlos al portal, donde tambi\u00e9n deslizan la posibilidad de que en nuestro pa\u00eds, sean eliminadas algunas partes.<\/p>\n\n\n\n<p>Y es que, el que sea la editorial Planeta, cercana a Zarzuela, la encargada de publicar estas memorias, resulta \u201ccurioso\u201d a expertos del mundo editorial. As\u00ed lo se\u00f1alan \u2018Vanitatis, citando a sus fuentes:&nbsp;<strong>\u201cLa opini\u00f3n generalizada es que el libro \u201cpodr\u00eda salir con recortes\u2026\u201d<\/strong>. Algo que explicar\u00eda la decisi\u00f3n de WME (William Morris Endevour), la agencia literaria m\u00e1s grande de Estados Unidos y encargada de gestionar el manuscrito, de cerrar la publicaci\u00f3n del libro en tres idiomas diferentes, espa\u00f1ol, franc\u00e9s e ingl\u00e9s.&nbsp;<strong>\u201cAs\u00ed se asegura de que lo que quiere decir salga publicado\u201d<\/strong>&nbsp;insisten al portal.<\/p>\n\n\n\n<p>Adem\u00e1s, insisten en que el rey Juan Carlos no ha comunicado en ning\u00fan momento de manera oficial sus intenciones de publicar estas memorias ni a su hijo, el rey Felipe VI, ni a la Casa Real. Y es que, seg\u00fan apunta su entorno, \u201chace ya tiempo que est\u00e1 cansado de las cr\u00edticas, que quiere dar su versi\u00f3n de todo, y que&nbsp;<strong>no tiene que pedirle permiso a nadie para eso\u201d.<\/strong><\/p>\n\n\n\n<p><img decoding=\"async\" alt=\"Laurence Debray, amiga y bi\u00f3grafa del exmonarca, ha revisado el libro\" src=\"https:\/\/d30gl8nkrjm6kp.cloudfront.net\/articulos\/articulos-1380428.jpg\"><small>Laurence Debray, amiga y bi\u00f3grafa del exmonarca, ha revisado el libro. Foto: Europa Press<\/small><\/p>\n\n\n\n<p>Fuente: <a href=\"https:\/\/www.vozpopuli.com\/dolcevita\/rey-juan-carlos-memorias-fecha-publicacion-editorial-censura.html\">https:\/\/www.vozpopuli.com\/dolcevita\/rey-juan-carlos-memorias-fecha-publicacion-editorial-censura.html<\/a><\/p>\n","protected":false},"excerpt":{"rendered":"<p>Tras meses de especulaciones, las memorias del rey Juan Carlos ya tienen fecha de publicaci\u00f3n aunque, seg\u00fan aseguran, \u201cpodr\u00eda salir [&hellip;]<\/p>\n","protected":false},"author":1,"featured_media":97356,"comment_status":"open","ping_status":"open","sticky":false,"template":"","format":"standard","meta":{"site-sidebar-layout":"default","site-content-layout":"","ast-site-content-layout":"default","site-content-style":"default","site-sidebar-style":"default","ast-global-header-display":"","ast-banner-title-visibility":"","ast-main-header-display":"","ast-hfb-above-header-display":"","ast-hfb-below-header-display":"","ast-hfb-mobile-header-display":"","site-post-title":"","ast-breadcrumbs-content":"","ast-featured-img":"","footer-sml-layout":"","theme-transparent-header-meta":"","adv-header-id-meta":"","stick-header-meta":"","header-above-stick-meta":"","header-main-stick-meta":"","header-below-stick-meta":"","astra-migrate-meta-layouts":"default","ast-page-background-enabled":"default","ast-page-background-meta":{"desktop":{"background-color":"var(--ast-global-color-4)","background-image":"","background-repeat":"repeat","background-position":"center center","background-size":"auto","background-attachment":"scroll","background-type":"","background-media":"","overlay-type":"","overlay-color":"","overlay-opacity":"","overlay-gradient":""},"tablet":{"background-color":"","background-image":"","background-repeat":"repeat","background-position":"center center","background-size":"auto","background-attachment":"scroll","background-type":"","background-media":"","overlay-type":"","overlay-color":"","overlay-opacity":"","overlay-gradient":""},"mobile":{"background-color":"","background-image":"","background-repeat":"repeat","background-position":"center center","background-size":"auto","background-attachment":"scroll","background-type":"","background-media":"","overlay-type":"","overlay-color":"","overlay-opacity":"","overlay-gradient":""}},"ast-content-background-meta":{"desktop":{"background-color":"var(--ast-global-color-5)","background-image":"","background-repeat":"repeat","background-position":"center center","background-size":"auto","background-attachment":"scroll","background-type":"","background-media":"","overlay-type":"","overlay-color":"","overlay-opacity":"","overlay-gradient":""},"tablet":{"background-color":"var(--ast-global-color-5)","background-image":"","background-repeat":"repeat","background-position":"center center","background-size":"auto","background-attachment":"scroll","background-type":"","background-media":"","overlay-type":"","overlay-color":"","overlay-opacity":"","overlay-gradient":""},"mobile":{"background-color":"var(--ast-global-color-5)","background-image":"","background-repeat":"repeat","background-position":"center center","background-size":"auto","background-attachment":"scroll","background-type":"","background-media":"","overlay-type":"","overlay-color":"","overlay-opacity":"","overlay-gradient":""}},"footnotes":""},"categories":[8],"tags":[37257,37256,12216],"class_list":["post-97355","post","type-post","status-publish","format-standard","has-post-thumbnail","hentry","category-noticias","tag-laurence-debray","tag-memorias-rey-juan-carlos-i","tag-rey-juan-carlos-i"],"_links":{"self":[{"href":"https:\/\/losperiodistas.com.mx\/portal\/wp-json\/wp\/v2\/posts\/97355","targetHints":{"allow":["GET"]}}],"collection":[{"href":"https:\/\/losperiodistas.com.mx\/portal\/wp-json\/wp\/v2\/posts"}],"about":[{"href":"https:\/\/losperiodistas.com.mx\/portal\/wp-json\/wp\/v2\/types\/post"}],"author":[{"embeddable":true,"href":"https:\/\/losperiodistas.com.mx\/portal\/wp-json\/wp\/v2\/users\/1"}],"replies":[{"embeddable":true,"href":"https:\/\/losperiodistas.com.mx\/portal\/wp-json\/wp\/v2\/comments?post=97355"}],"version-history":[{"count":1,"href":"https:\/\/losperiodistas.com.mx\/portal\/wp-json\/wp\/v2\/posts\/97355\/revisions"}],"predecessor-version":[{"id":97357,"href":"https:\/\/losperiodistas.com.mx\/portal\/wp-json\/wp\/v2\/posts\/97355\/revisions\/97357"}],"wp:featuredmedia":[{"embeddable":true,"href":"https:\/\/losperiodistas.com.mx\/portal\/wp-json\/wp\/v2\/media\/97356"}],"wp:attachment":[{"href":"https:\/\/losperiodistas.com.mx\/portal\/wp-json\/wp\/v2\/media?parent=97355"}],"wp:term":[{"taxonomy":"category","embeddable":true,"href":"https:\/\/losperiodistas.com.mx\/portal\/wp-json\/wp\/v2\/categories?post=97355"},{"taxonomy":"post_tag","embeddable":true,"href":"https:\/\/losperiodistas.com.mx\/portal\/wp-json\/wp\/v2\/tags?post=97355"}],"curies":[{"name":"wp","href":"https:\/\/api.w.org\/{rel}","templated":true}]}}