{"id":97352,"date":"2025-04-08T05:31:58","date_gmt":"2025-04-08T11:31:58","guid":{"rendered":"https:\/\/losperiodistas.com.mx\/portal\/?p=97352"},"modified":"2025-04-08T05:31:59","modified_gmt":"2025-04-08T11:31:59","slug":"la-esperanza-macarena-portada-del-especial-de-semana-santa-de-national-geographic-efe","status":"publish","type":"post","link":"https:\/\/losperiodistas.com.mx\/portal\/la-esperanza-macarena-portada-del-especial-de-semana-santa-de-national-geographic-efe\/","title":{"rendered":"La Esperanza Macarena, portada del especial de Semana Santa de National Geographic | EFE"},"content":{"rendered":"\n<figure class=\"wp-block-image size-large\"><img fetchpriority=\"high\" decoding=\"async\" width=\"1024\" height=\"683\" src=\"https:\/\/losperiodistas.com.mx\/portal\/wp-content\/uploads\/2025\/04\/GRAF4467-ESPANA-SEMANA-SANTA-1024x683.webp\" alt=\"\" class=\"wp-image-97353\" srcset=\"https:\/\/losperiodistas.com.mx\/portal\/wp-content\/uploads\/2025\/04\/GRAF4467-ESPANA-SEMANA-SANTA-1024x683.webp 1024w, https:\/\/losperiodistas.com.mx\/portal\/wp-content\/uploads\/2025\/04\/GRAF4467-ESPANA-SEMANA-SANTA-300x200.webp 300w, https:\/\/losperiodistas.com.mx\/portal\/wp-content\/uploads\/2025\/04\/GRAF4467-ESPANA-SEMANA-SANTA-768x512.webp 768w, https:\/\/losperiodistas.com.mx\/portal\/wp-content\/uploads\/2025\/04\/GRAF4467-ESPANA-SEMANA-SANTA-1536x1024.webp 1536w, https:\/\/losperiodistas.com.mx\/portal\/wp-content\/uploads\/2025\/04\/GRAF4467-ESPANA-SEMANA-SANTA-2048x1365.webp 2048w\" sizes=\"(max-width: 1024px) 100vw, 1024px\" \/><figcaption class=\"wp-element-caption\">La Virgen de La Esperanza Macarena en la salida de Estaci\u00f3n de Penitencia de la madrugada de la Semana Santa de Sevilla. EFE\/ Ra\u00fal Caro.<\/figcaption><\/figure>\n\n\n\n<p><\/p>\n\n\n\n<p class=\"has-vivid-red-color has-text-color has-link-color has-medium-font-size wp-elements-23db7e95974579b190d8bc7ea9a6cef6\"><strong>Agencia EFE<\/strong><\/p>\n\n\n\n<p>Sevilla, (EFE).- La Esperanza Macarena de Sevilla a su paso por la Plaza de San Francisco de Sevilla es la imagen elegida por la revista National Geographic para la portada de su n\u00famero dedicado a viajes en este abril, en el que recorre varias ciudades de Espa\u00f1a para contar las particularidades de su Semana Santa.<\/p>\n\n\n\n<p>\u00abSeguir el recorrido de una cofrad\u00eda, saborear los dulces locales o cumplir con las liturgias de cada rito supone una forma \u00fanica de visitar\u00bb, dice la cuenta oficial de la revista en X, que en su web oficial relata que \u00abaunque en el sur de Italia y en gran parte de Latinoam\u00e9rica tambi\u00e9n se&nbsp;<a href=\"https:\/\/efe.com\/espana\/2025-04-07\/tiempo-lluvia-primer-fin-de-semana-semana-santa\/\" target=\"_blank\" rel=\"noreferrer noopener\">celebran procesiones<\/a>&nbsp;para conmemorar la Pasi\u00f3n de Jesucristo, ning\u00fan pa\u00eds alcanza a Espa\u00f1a en la variedad ni la riqueza de estas celebraciones\u00bb.<\/p>\n\n\n\n<h2 class=\"wp-block-heading\" id=\"h-fiestas-de-interes-turistico-internacional\">Fiestas de Inter\u00e9s Tur\u00edstico Internacional<\/h2>\n\n\n\n<p>Recuerda que el&nbsp;<a href=\"https:\/\/www.mintur.gob.es\/es-es\/Paginas\/index.aspx\" target=\"_blank\" rel=\"noreferrer noopener\">Ministerio de Industria y Turismo<\/a>&nbsp;reconoce a 25 de las semanas santas que tienen lugar en Espa\u00f1a \u00abcomo Fiestas de Inter\u00e9s Tur\u00edstico Internacional, \u00abpor su valor cultural, tradicional y etnogr\u00e1fico adem\u00e1s de por su magnetismo tur\u00edstico\u00bb.<\/p>\n\n\n\n<figure class=\"wp-block-image\"><img decoding=\"async\" src=\"https:\/\/i0.wp.com\/efe.com\/wp-content\/uploads\/2025\/04\/GRA005-ESPANA-SEMANA-SANTA-MADRUGA.webp?resize=980%2C568&amp;ssl=1\" alt=\"Macarena National Geographic\" class=\"wp-image-1796525\"\/><figcaption class=\"wp-element-caption\">La Esperanza Macarena, portada de National Geographic. La Esperanza Macarena, a su salida para La \u2018Madrug\u00e1\u2019 de 2014. EFE\/Jose Manuel Vidal<\/figcaption><\/figure>\n\n\n\n<p>Por eso, se fija en aquellas manifestaciones singulares \u00abque mejor definen la idiosincrasia de cada lugar\u00bb, sin dejar a un lado \u00ablos atractivos culturales que las rodean ni los monumentos que en estas fechas brillan con luz propia\u00bb.<\/p>\n\n\n\n<p>Para plasmar cada celebraci\u00f3n, se ha analizado en sus p\u00e1ginas la Semana Santa en Sevilla, M\u00e1laga, Granada, Zamora, Le\u00f3n, Murcia, Toledo, Cuenca, C\u00e1ceres y Salamanca. <\/p>\n\n\n\n<p>Fuente: <a href=\"https:\/\/efe.com\/andalucia\/2025-04-08\/la-esperanza-macarena-portada-del-especial-de-semana-santa-de-national-geographic\/\">https:\/\/efe.com\/andalucia\/2025-04-08\/la-esperanza-macarena-portada-del-especial-de-semana-santa-de-national-geographic\/<\/a><\/p>\n","protected":false},"excerpt":{"rendered":"<p>Agencia EFE Sevilla, (EFE).- La Esperanza Macarena de Sevilla a su paso por la Plaza de San Francisco de Sevilla [&hellip;]<\/p>\n","protected":false},"author":1,"featured_media":97353,"comment_status":"open","ping_status":"open","sticky":false,"template":"","format":"standard","meta":{"site-sidebar-layout":"default","site-content-layout":"","ast-site-content-layout":"default","site-content-style":"default","site-sidebar-style":"default","ast-global-header-display":"","ast-banner-title-visibility":"","ast-main-header-display":"","ast-hfb-above-header-display":"","ast-hfb-below-header-display":"","ast-hfb-mobile-header-display":"","site-post-title":"","ast-breadcrumbs-content":"","ast-featured-img":"","footer-sml-layout":"","theme-transparent-header-meta":"","adv-header-id-meta":"","stick-header-meta":"","header-above-stick-meta":"","header-main-stick-meta":"","header-below-stick-meta":"","astra-migrate-meta-layouts":"default","ast-page-background-enabled":"default","ast-page-background-meta":{"desktop":{"background-color":"var(--ast-global-color-4)","background-image":"","background-repeat":"repeat","background-position":"center center","background-size":"auto","background-attachment":"scroll","background-type":"","background-media":"","overlay-type":"","overlay-color":"","overlay-opacity":"","overlay-gradient":""},"tablet":{"background-color":"","background-image":"","background-repeat":"repeat","background-position":"center center","background-size":"auto","background-attachment":"scroll","background-type":"","background-media":"","overlay-type":"","overlay-color":"","overlay-opacity":"","overlay-gradient":""},"mobile":{"background-color":"","background-image":"","background-repeat":"repeat","background-position":"center center","background-size":"auto","background-attachment":"scroll","background-type":"","background-media":"","overlay-type":"","overlay-color":"","overlay-opacity":"","overlay-gradient":""}},"ast-content-background-meta":{"desktop":{"background-color":"var(--ast-global-color-5)","background-image":"","background-repeat":"repeat","background-position":"center center","background-size":"auto","background-attachment":"scroll","background-type":"","background-media":"","overlay-type":"","overlay-color":"","overlay-opacity":"","overlay-gradient":""},"tablet":{"background-color":"var(--ast-global-color-5)","background-image":"","background-repeat":"repeat","background-position":"center center","background-size":"auto","background-attachment":"scroll","background-type":"","background-media":"","overlay-type":"","overlay-color":"","overlay-opacity":"","overlay-gradient":""},"mobile":{"background-color":"var(--ast-global-color-5)","background-image":"","background-repeat":"repeat","background-position":"center center","background-size":"auto","background-attachment":"scroll","background-type":"","background-media":"","overlay-type":"","overlay-color":"","overlay-opacity":"","overlay-gradient":""}},"footnotes":""},"categories":[8],"tags":[37252,37255,37254,37253],"class_list":["post-97352","post","type-post","status-publish","format-standard","has-post-thumbnail","hentry","category-noticias","tag-la-virgen-de-la-esperanza-macarena","tag-national-geographic-espana","tag-procesiones-semana-santa","tag-semana-santa-espana"],"_links":{"self":[{"href":"https:\/\/losperiodistas.com.mx\/portal\/wp-json\/wp\/v2\/posts\/97352","targetHints":{"allow":["GET"]}}],"collection":[{"href":"https:\/\/losperiodistas.com.mx\/portal\/wp-json\/wp\/v2\/posts"}],"about":[{"href":"https:\/\/losperiodistas.com.mx\/portal\/wp-json\/wp\/v2\/types\/post"}],"author":[{"embeddable":true,"href":"https:\/\/losperiodistas.com.mx\/portal\/wp-json\/wp\/v2\/users\/1"}],"replies":[{"embeddable":true,"href":"https:\/\/losperiodistas.com.mx\/portal\/wp-json\/wp\/v2\/comments?post=97352"}],"version-history":[{"count":1,"href":"https:\/\/losperiodistas.com.mx\/portal\/wp-json\/wp\/v2\/posts\/97352\/revisions"}],"predecessor-version":[{"id":97354,"href":"https:\/\/losperiodistas.com.mx\/portal\/wp-json\/wp\/v2\/posts\/97352\/revisions\/97354"}],"wp:featuredmedia":[{"embeddable":true,"href":"https:\/\/losperiodistas.com.mx\/portal\/wp-json\/wp\/v2\/media\/97353"}],"wp:attachment":[{"href":"https:\/\/losperiodistas.com.mx\/portal\/wp-json\/wp\/v2\/media?parent=97352"}],"wp:term":[{"taxonomy":"category","embeddable":true,"href":"https:\/\/losperiodistas.com.mx\/portal\/wp-json\/wp\/v2\/categories?post=97352"},{"taxonomy":"post_tag","embeddable":true,"href":"https:\/\/losperiodistas.com.mx\/portal\/wp-json\/wp\/v2\/tags?post=97352"}],"curies":[{"name":"wp","href":"https:\/\/api.w.org\/{rel}","templated":true}]}}