{"id":973,"date":"2020-11-08T07:45:28","date_gmt":"2020-11-08T13:45:28","guid":{"rendered":"http:\/\/losperiodistas.com.mx\/portal\/?p=973"},"modified":"2020-11-08T07:45:28","modified_gmt":"2020-11-08T13:45:28","slug":"lopez-obrador-evita-felicitar-a-biden-hasta-que-se-terminen-de-resolver-los-asuntos-legales-de-la-eleccion","status":"publish","type":"post","link":"https:\/\/losperiodistas.com.mx\/portal\/lopez-obrador-evita-felicitar-a-biden-hasta-que-se-terminen-de-resolver-los-asuntos-legales-de-la-eleccion\/","title":{"rendered":"L\u00f3pez Obrador evita felicitar a Biden \u201chasta que se terminen de resolver los asuntos legales\u201d de la elecci\u00f3n"},"content":{"rendered":"\n<p><em>El triunfo del candidato dem\u00f3crata abre una etapa de incertidumbre en las relaciones bilaterales con M\u00e9xico<\/em><\/p>\n\n\n\n<p class=\"has-vivid-cyan-blue-color has-text-color has-medium-font-size\">DAVID MARCIAL P\u00c9REZ\/ EL PA\u00cdS<\/p>\n\n\n\n<p>El presidente mexicano, Andr\u00e9s Manuel L\u00f3pez Obrador, ha evitado felicitar a Joe Biden por su victoria en las elecciones de Estados Unidos hasta que se \u201cterminen de resolver los asuntos legales\u201d en los comicios, en referencia a la ofensiva legal que ha iniciado el republicano Donald Trump. El mandatario mexicano dijo, durante una visita de emergencia a Tabasco, su Estado natal, que quiere ser \u00abrespetuoso de la autodeterminaci\u00f3n de los pueblos\u201d y bas\u00f3 su posici\u00f3n en su propia experiencia. Record\u00f3 las elecciones mexicanas de 2006, cuando el expresidente espa\u00f1ol Jos\u00e9 Luis Rodr\u00edguez Zapatero felicit\u00f3 a Felipe Calder\u00f3n poco despu\u00e9s, a pesar de que el actual mandatario mexicano ya hab\u00eda empezado una campa\u00f1a denunciando un supuesto fraude. \u201cFue una imprudencia\u201d, ha a\u00f1adido L\u00f3pez Obrador. El mexicano ha sido una excepci\u00f3n entre los l\u00edderes y dignatarios de todo el mundo, quienes felicitaron al candidato dem\u00f3crata poco despu\u00e9s de que le fuera reconocido el triunfo. Sin embargo, el presidente mexicano, quien tiene una buena relaci\u00f3n con Donald Trump, se ha limitado subrayar que a Biden lo conoce desde hace m\u00e1s de una d\u00e9cada.<\/p>\n\n\n\n<p>Las reacciones no se hicieron esperar en Estados Unidos. El congresista dem\u00f3crata Joaquin Castro fue muy cr\u00edtico con el presidente mexicano. \u201cEsto representa un verdadero fracaso diplom\u00e1tico del presidente de M\u00e9xico, Andr\u00e9s Manuel L\u00f3pez Obrador, en un momento en que la administraci\u00f3n entrante de Biden busca marcar el comienzo de una nueva era de amistad y cooperaci\u00f3n con M\u00e9xico\u201d, escribi\u00f3 en Twitter. Durante la campa\u00f1a, Joe Biden tampoco prodig\u00f3 mucho en referencias a M\u00e9xico, un pa\u00eds que es el principal socio comerical de Estados Unidos. Concentrado en desactivar las mentiras de Trump y proyectar una esperanza de reconciliaci\u00f3n ante la fuerte polarizaci\u00f3n en su pa\u00eds, sus escasos gui\u00f1os al pa\u00eds vecino han sido m\u00e1s el producto de una mirada regional. El inter\u00e9s, por ejemplo, por encontrar soluciones a la crisis migratoria en Centroam\u00e9rica, demostrado ya desde la Administraci\u00f3n Obama. Una pista de lo que podr\u00eda llegar a ser una primera bisagra con el Gobierno mexicano, obligado ante las amenazas del presidente republicano a dar marcha atr\u00e1s a sus promesas humanitarias y&nbsp;<a href=\"https:\/\/elpais.com\/internacional\/elecciones-usa\/2020-10-29\/los-muros-de-trump.html\" target=\"_blank\" rel=\"noreferrer noopener\">convertido hoy en el polic\u00eda fronterizo<\/a>.<\/p>\n\n\n\n<p>En teor\u00eda, el regreso de un presidente dem\u00f3crata a la Casa Blanca representa una mayor sinton\u00eda ideol\u00f3gica con el Gobierno de Morena. Pero en la agenda bilateral hay marcados en rojo una bater\u00eda de asuntos espinosos: las divergencias&nbsp;<a href=\"https:\/\/elpais.com\/mexico\/2020-10-24\/legisladores-de-estados-unidos-piden-a-trump-que-presione-a-mexico-para-que-respete-la-politica-energetica.html\" target=\"_blank\" rel=\"noreferrer noopener\">en el futuro de la pol\u00edtica energ\u00e9tica<\/a>, las presiones dem\u00f3cratas durante la negociaci\u00f3n del tratado de libre comercio,&nbsp;<a href=\"https:\/\/elpais.com\/mexico\/2020-07-08\/lopez-obrador-busca-oxigeno-para-la-economia-de-mexico-a-cambio-de-transigir-con-trump.html\" target=\"_blank\" rel=\"noreferrer noopener\">o la cercan\u00eda de L\u00f3pez Obrador con Trump<\/a>&nbsp;aventuran una relaci\u00f3n futura con m\u00e1s dudas que certezas.<\/p>\n\n\n\n<p>Juega a favor que Biden es un viejo conocido en M\u00e9xico. En marzo de 2002, el entonces vicepresidente de EE UU viaj\u00f3 a la capital mexicana para entrevistarse con los cuatro candidatos presidenciales del momento. Uno de ellos era Andr\u00e9s Manuel L\u00f3pez Obrador. El todav\u00eda candidato del PRD le traslad\u00f3 la necesidad de poner en pie \u201cun nuevo modelo de cooperaci\u00f3n para el desarrollo\u201d que no se base solo en un enfoque militar, en la inseguridad y en la violencia, y que sirva para \u201catemperar el fen\u00f3meno de la migraci\u00f3n con empleos, trabajo y desarrollo\u201d. Sobre esto ha hablado la tarde del s\u00e1bado el mandatario mexicano, quien se ensuentra de visita en Tabasco, su Estado natal, atendiendo a la poblaci\u00f3n afectada por unas inundaciones. \u201cLo conozco desde hace m\u00e1s de 10 a\u00f1os, que nos entrevistamos. No hay malas relaciones\u201d, dijo L\u00f3pez Obrador en una conferencia de prensa.<\/p>\n\n\n\n<p>Ocho a\u00f1os despu\u00e9s y con ambos interlocutores ya como presidentes, los t\u00e9rminos de la conversaci\u00f3n no van a cambiar demasiado. Biden se ha comprometido a recuperar el esp\u00edritu de la diplomacia de Obama. Una apuesta, a\u00fan por concretar, por la cooperaci\u00f3n internacional para atender la pobreza, la violencia y la corrupci\u00f3n, asumidas como las causas principales de la migraci\u00f3n y debilidad institucional en la regi\u00f3n.<\/p>\n\n\n\n<p>El plan de Biden, que ya convenci\u00f3 en 2015 al congreso para que aprobara un paquete de ayuda de 750 millones de d\u00f3lares para la regi\u00f3n, podr\u00eda encajar tambi\u00e9n en la estrategia inicial de M\u00e9xico, y relanzar\u00eda su papel como l\u00edder regional que t\u00edmidamente comenz\u00f3 a mostrar con el asilo a Evo Morales y el apoyo a un Plan Marshall para Centroam\u00e9rica. Una iniciativa auspiciada por la Comisi\u00f3n Econ\u00f3mica para Am\u00e9rica Latina y el Caribe (CEPAL), basada en la inversi\u00f3n y el empleo, con la que M\u00e9xico trat\u00f3 de compensar el manotazo de Trump que le forz\u00f3 a endurecer sobremanera los controles migratorios en su territorio, propinando una dura derrota pol\u00edtica para L\u00f3pez Obrador.<\/p>\n\n\n\n<p>Biden ha prometido demoler el entramado legal levantado por la Administraci\u00f3n anterior. Sus planes pasan incluso por acometer una reforma migratoria, una de las eternas promesas dem\u00f3cratas, adem\u00e1s de echar para atr\u00e1s los acuerdos impuestos por Trump para que terceros pa\u00edses, M\u00e9xico entre ellos, act\u00faen como diques de contenci\u00f3n de los flujos migrantes.<\/p>\n\n\n\n<figure class=\"wp-block-image\"><img decoding=\"async\" src=\"https:\/\/imagenes.elpais.com\/resizer\/mvAoxTIKCOkGKMTbL8ZCJhVP-DI=\/1500x0\/cloudfront-eu-central-1.images.arcpublishing.com\/prisa\/TGHG7J47OBBUCOHCA4RF76GB2E.jpg\" alt=\"Trump y L\u00f3pez Obrador en la Casa Blanca, en julio pasado. \"\/><figcaption>Trump y L\u00f3pez Obrador en la Casa Blanca, en julio pasado.&nbsp;KEVIN LAMARQUE (AFP)<\/figcaption><\/figure>\n\n\n\n<p>M\u00e1s all\u00e1 de las l\u00edneas program\u00e1ticas, al repasar lo sucedido durante la etapa de Obama se detectan profundas contradicciones. Durante su presidencia se registr\u00f3&nbsp;<a href=\"https:\/\/elpais.com\/mexico\/opinion\/2020-11-02\/por-que-es-insuficiente-la-politica-migratoria-de-joe-biden.html\" target=\"_blank\" rel=\"noreferrer noopener\">un r\u00e9cord de deportaciones de inmigrantes<\/a>. Y pese a las grandes palabras sobre cooperaci\u00f3n y entendimiento, Obama apenas cambi\u00f3 un \u00e1pice durante sus dos legislaturas el esquema bilateral con M\u00e9xico en materia de seguridad. Acordado en 2008 por George Bush, la Iniciativa M\u00e9rida es un programa volcado hacia las labores policiales, con entrega de equipo militar estadounidense y formaci\u00f3n de las autoridades fronterizas. La hoja de ruta de L\u00f3pez Obrador era terminar con la Iniciativa M\u00e9rida y dedicar los antiguos recursos al fortalecer el sistema de Justicia. Pero de momento, el cambio est\u00e1 encallado.<\/p>\n\n\n\n<p>El marco bilateral aun vigente permite establecer sanciones econ\u00f3micas, mediante la retirada de los apoyos, en caso de no cumplirse ciertos objetivos. El \u00faltimo amago lleg\u00f3 el plena campa\u00f1a electoral. Trump amenaz\u00f3 de nuevo con sancionar a M\u00e9xico si no \u201chace m\u00e1s\u201d en la lucha con el narcotr\u00e1fico. Pese a reconocer la administraci\u00f3n de Morena ha aumentado el n\u00famero de extradiciones de capos de la droga, las suspicacias han aumentado en los \u00faltimos meses. Como prueba evidente, las dos recientes detenciones en suelo estadounidense de dos poderosos exfuncionarios mexicanos: Genero Garc\u00eda Luna, secretario de Seguridad con Felipe Calder\u00f3n; y Salvador Cienfuegos, jefe del Ej\u00e9rcito con Enrique Pe\u00f1a Nieto. Ambos est\u00e1n acusados de haber trabajado a sueldo para el crimen organizado. Y en ambos casos, el Gobierno mexicano se ha quejado de la nula comunicaci\u00f3n de las autoridades estadounidenses con sus hom\u00f3logos mexicanos.<\/p>\n\n\n\n<p><a href=\"https:\/\/elpais.com\/mexico\/2020-11-06\/el-general-cienfuegos-se-declara-inocente-en-nueva-york.html\" target=\"_blank\" rel=\"noreferrer noopener\">La captura de Cienfuegos&nbsp;<\/a>despert\u00f3 una de las pocas cr\u00edticas mexicanas hacia el vecino del norte durante estos cuatro a\u00f1os. Ante la dimensi\u00f3n que puede alcanzar el medi\u00e1tico juicio y en un intento de mantener al menos algo de control, L\u00f3pez Obrador exigi\u00f3 hace apenas dos semanas a la DEA que comparta la informaci\u00f3n del caso para abrir una investigaci\u00f3n judicial el M\u00e9xico. Est\u00e1 por ver si contin\u00faa con esa l\u00ednea de exigencia en las negociaciones con el nueva Gabinete dem\u00f3crata.<\/p>\n\n\n\n<p>De momento no ha habido noticias de una respuesta satisfactoria por parte de EE UU. Como tampoco la hay en otro de los asuntos recurrentes que M\u00e9xico pone sobre la mesa: el combate contra el tr\u00e1fico de armas. Los intentos de avanzar hacia un mayor control han sido una lucha est\u00e9ril durante al menos dos d\u00e9cadas. Tambi\u00e9n durante la etapa de Obama, que adem\u00e1s carga sobre sus espaldas el estruendoso fracaso de la operaci\u00f3n R\u00e1pido y Furioso (<em>Fast and Furious<\/em>, en ingl\u00e9s). Entre 2009 y 2010, las autoridades norteamericanas entregaron gran cantidad de armamento a los c\u00e1rteles de la droga mexicanos con el objetivo final de hacer un seguimiento de las armas y descubrir as\u00ed los entresijos del crimen organizado. Pero lo \u00fanico que se logr\u00f3 fue perder el rastro de las armas y que algunas de ellas aparecieran en escenas de cr\u00edmenes a ambos lados de la frontera.<\/p>\n\n\n\n<p>La diplomacia mexicana tendr\u00e1 adem\u00e1s el reto de afrontar los objetivos de su agenda en un ambiente inicial de cierta desconfianza por parte del nuevo equipo del presidente estadounidense. En el entorno dem\u00f3crata no han gustado los progresivos acercamientos que ha tenido L\u00f3pez Obrador con Trump. Dos pol\u00edticos en apariencia antag\u00f3nicos ideol\u00f3gicamente, pero que han demostrado compartir una desaforada entrega a las pol\u00edticas de gestos, su ruptura con los c\u00f3digos tradicionales y, al menos en el discurso, una guerra permanente contra el&nbsp;<em>establishment<\/em>. Un bando al que pertenece Biden, con 50 a\u00f1os en la primera fila de la vieja guardia dem\u00f3crata.<\/p>\n\n\n\n<h2 class=\"wp-block-heading\">L\u00f3pez Obrador y Trump<\/h2>\n\n\n\n<p>Pese a los duros ataques iniciales y los pulsos perdidos, L\u00f3pez Obrador se afan\u00f3 desde la llegada del magnate republicano a la Casa Blanca en envolver su posici\u00f3n diplom\u00e1tica en clima de sinton\u00eda y alejamiento de las hostilidades. La mayor escenificaci\u00f3n de esa estrategia de acercamiento fue la reuni\u00f3n de este verano en Washington entre los dos mandatarios. La cita cobr\u00f3 a\u00fan m\u00e1s envergadura al tratarse de la primer y hasta ahora \u00fanica visita internacional del presidente mexicano. En dos a\u00f1os, L\u00f3pez Obrador ha declinado viajar a Jap\u00f3n a la cumbre del G20 o a Nueva York para asistir a la Asamblea de Naciones Unidas. Sin embargo, acept\u00f3 la invitaci\u00f3n de Trump, interpretada como otra concesi\u00f3n a su hom\u00f3logo, al que otorgaba un imagen de estadista conciliador a cuatro meses de las elecciones presidenciales. Algo que no ha sentado nada bien en las filas dem\u00f3cratas.<\/p>\n\n\n\n<p>\u201cSomos amigos contra todo pron\u00f3stico\u201d, afirm\u00f3 entonces Trump desde el Jard\u00edn de las Rosas de la Casa Blanca. El motivo oficial del viaje era sellar la puesta en marcha el nuevo tratado de libre comercio para America de Note (T-MEC) tras m\u00e1s de dos a\u00f1os de duras negociaciones, en las que, nuevamente, M\u00e9xico acab\u00f3 cediendo en los flecos finales. Esta vez, ante las exigencias de \u00faltimo momento de los legisladores dem\u00f3cratas, que obligaron a M\u00e9xico a elevar los est\u00e1ndares de su mercado de trabajo, con el objetivo de rebajar la competencia con los obreros industriales estadounidenses.<\/p>\n\n\n\n<p>A cambio, L\u00f3pez Obrador lograba sacar adelante una de sus mayores esperanzas para relanzar la maltrecha econom\u00eda mexicana, que cerr\u00f3 en negativo el a\u00f1o pasado y, seg\u00fan los pron\u00f3sticos internacionales, ser\u00e1 una de las m\u00e1s afectadas por el golpe de la pandemia.<\/p>\n\n\n\n<p>La derivada econ\u00f3mica es uno de los mayores argumentos para la estrategia diplom\u00e1tica de brazos abiertos hacia Estados Unidos que M\u00e9xico ha seguido hasta ahora. De la frontera dependen m\u00e1s de tres cuartas partes de las exportaciones mexicanas \u2014que a su vez suponen el 35% del PIB del pa\u00eds\u2014 y m\u00e1s de la mitad del turismo, que representa casi el 10%. Si a\u00f1adimos otro 3% del sector automotriz \u2014alimentado a su vez por la demanda de EE UU. El resultado es que casi la mitad de las palancas del PIB mexicano dependen del vecino del norte.<\/p>\n\n\n\n<p>Tambi\u00e9n en esta \u00e1rea aparecen aristas en la nueva relaci\u00f3n entre los dos vecinos. Biden, pese a no abrazar por completo la agenda del llamado Green New Deal, bandera del sector m\u00e1s progresista del bando dem\u00f3crata, s\u00ed se ha mostrado favorable a incentivar la industria de las energ\u00edas renovables. El nuevo presidente ha llegado a prometer una inversi\u00f3n de 2 billones de d\u00f3lares durante los cuatros a\u00f1os de mandato. En M\u00e9xico, por su parte, las energ\u00edas renovables est\u00e1n en retroceso, ante la clara l\u00ednea pol\u00edtica de rescatar a toda costa el esplendor de Pemex y CFE, las dos viejas empresas p\u00fablicas energ\u00e9ticas mexicanas. Las ortodoxas pol\u00edticas de L\u00f3pez Obrador en materia energ\u00e9tica ya han provocado roces diplom\u00e1ticos con la Uni\u00f3n Europea y Canad\u00e1. Un nuevo frente que podr\u00eda incluso empeorar con la estrategia energ\u00e9tica del nuevo gobierno en EE UU.<\/p>\n\n\n\n<p>Fuente: https:\/\/elpais.com\/mexico\/2020-11-07\/la-victoria-de-biden-abre-una-etapa-de-incertidumbre-en-mexico.html<\/p>\n","protected":false},"excerpt":{"rendered":"<p>El triunfo del candidato dem\u00f3crata abre una etapa de incertidumbre en las relaciones bilaterales con M\u00e9xico DAVID MARCIAL P\u00c9REZ\/ EL [&hellip;]<\/p>\n","protected":false},"author":1,"featured_media":974,"comment_status":"open","ping_status":"open","sticky":false,"template":"","format":"standard","meta":{"site-sidebar-layout":"default","site-content-layout":"","ast-site-content-layout":"default","site-content-style":"default","site-sidebar-style":"default","ast-global-header-display":"","ast-banner-title-visibility":"","ast-main-header-display":"","ast-hfb-above-header-display":"","ast-hfb-below-header-display":"","ast-hfb-mobile-header-display":"","site-post-title":"","ast-breadcrumbs-content":"","ast-featured-img":"","footer-sml-layout":"","theme-transparent-header-meta":"","adv-header-id-meta":"","stick-header-meta":"","header-above-stick-meta":"","header-main-stick-meta":"","header-below-stick-meta":"","astra-migrate-meta-layouts":"default","ast-page-background-enabled":"default","ast-page-background-meta":{"desktop":{"background-color":"var(--ast-global-color-4)","background-image":"","background-repeat":"repeat","background-position":"center center","background-size":"auto","background-attachment":"scroll","background-type":"","background-media":"","overlay-type":"","overlay-color":"","overlay-opacity":"","overlay-gradient":""},"tablet":{"background-color":"","background-image":"","background-repeat":"repeat","background-position":"center center","background-size":"auto","background-attachment":"scroll","background-type":"","background-media":"","overlay-type":"","overlay-color":"","overlay-opacity":"","overlay-gradient":""},"mobile":{"background-color":"","background-image":"","background-repeat":"repeat","background-position":"center center","background-size":"auto","background-attachment":"scroll","background-type":"","background-media":"","overlay-type":"","overlay-color":"","overlay-opacity":"","overlay-gradient":""}},"ast-content-background-meta":{"desktop":{"background-color":"var(--ast-global-color-5)","background-image":"","background-repeat":"repeat","background-position":"center center","background-size":"auto","background-attachment":"scroll","background-type":"","background-media":"","overlay-type":"","overlay-color":"","overlay-opacity":"","overlay-gradient":""},"tablet":{"background-color":"var(--ast-global-color-5)","background-image":"","background-repeat":"repeat","background-position":"center center","background-size":"auto","background-attachment":"scroll","background-type":"","background-media":"","overlay-type":"","overlay-color":"","overlay-opacity":"","overlay-gradient":""},"mobile":{"background-color":"var(--ast-global-color-5)","background-image":"","background-repeat":"repeat","background-position":"center center","background-size":"auto","background-attachment":"scroll","background-type":"","background-media":"","overlay-type":"","overlay-color":"","overlay-opacity":"","overlay-gradient":""}},"footnotes":""},"categories":[8],"tags":[],"class_list":["post-973","post","type-post","status-publish","format-standard","has-post-thumbnail","hentry","category-noticias"],"_links":{"self":[{"href":"https:\/\/losperiodistas.com.mx\/portal\/wp-json\/wp\/v2\/posts\/973","targetHints":{"allow":["GET"]}}],"collection":[{"href":"https:\/\/losperiodistas.com.mx\/portal\/wp-json\/wp\/v2\/posts"}],"about":[{"href":"https:\/\/losperiodistas.com.mx\/portal\/wp-json\/wp\/v2\/types\/post"}],"author":[{"embeddable":true,"href":"https:\/\/losperiodistas.com.mx\/portal\/wp-json\/wp\/v2\/users\/1"}],"replies":[{"embeddable":true,"href":"https:\/\/losperiodistas.com.mx\/portal\/wp-json\/wp\/v2\/comments?post=973"}],"version-history":[{"count":1,"href":"https:\/\/losperiodistas.com.mx\/portal\/wp-json\/wp\/v2\/posts\/973\/revisions"}],"predecessor-version":[{"id":975,"href":"https:\/\/losperiodistas.com.mx\/portal\/wp-json\/wp\/v2\/posts\/973\/revisions\/975"}],"wp:featuredmedia":[{"embeddable":true,"href":"https:\/\/losperiodistas.com.mx\/portal\/wp-json\/wp\/v2\/media\/974"}],"wp:attachment":[{"href":"https:\/\/losperiodistas.com.mx\/portal\/wp-json\/wp\/v2\/media?parent=973"}],"wp:term":[{"taxonomy":"category","embeddable":true,"href":"https:\/\/losperiodistas.com.mx\/portal\/wp-json\/wp\/v2\/categories?post=973"},{"taxonomy":"post_tag","embeddable":true,"href":"https:\/\/losperiodistas.com.mx\/portal\/wp-json\/wp\/v2\/tags?post=973"}],"curies":[{"name":"wp","href":"https:\/\/api.w.org\/{rel}","templated":true}]}}