{"id":96758,"date":"2025-03-28T08:05:14","date_gmt":"2025-03-28T14:05:14","guid":{"rendered":"https:\/\/losperiodistas.com.mx\/portal\/?p=96758"},"modified":"2025-03-28T08:05:15","modified_gmt":"2025-03-28T14:05:15","slug":"el-oro-alcanza-un-nuevo-maximo-al-superar-los-3-085-dolares-por-onza-efe","status":"publish","type":"post","link":"https:\/\/losperiodistas.com.mx\/portal\/el-oro-alcanza-un-nuevo-maximo-al-superar-los-3-085-dolares-por-onza-efe\/","title":{"rendered":"El oro alcanza un nuevo m\u00e1ximo al superar los 3.085 d\u00f3lares por onza | EFE"},"content":{"rendered":"\n<figure class=\"wp-block-image size-full\"><img fetchpriority=\"high\" decoding=\"async\" width=\"900\" height=\"579\" src=\"https:\/\/losperiodistas.com.mx\/portal\/wp-content\/uploads\/2025\/03\/oro-mercados-1.webp\" alt=\"\" class=\"wp-image-96759\" srcset=\"https:\/\/losperiodistas.com.mx\/portal\/wp-content\/uploads\/2025\/03\/oro-mercados-1.webp 900w, https:\/\/losperiodistas.com.mx\/portal\/wp-content\/uploads\/2025\/03\/oro-mercados-1-300x193.webp 300w, https:\/\/losperiodistas.com.mx\/portal\/wp-content\/uploads\/2025\/03\/oro-mercados-1-768x494.webp 768w\" sizes=\"(max-width: 900px) 100vw, 900px\" \/><figcaption class=\"wp-element-caption\">Un cliente sostiene una pieza de 10 gramos de oro fino. EFE\/Mast Irham<\/figcaption><\/figure>\n\n\n\n<p><\/p>\n\n\n\n<p class=\"has-vivid-red-color has-text-color has-link-color has-medium-font-size wp-elements-23db7e95974579b190d8bc7ea9a6cef6\"><strong>Agencia EFE<\/strong><\/p>\n\n\n\n<p>Madrid (EFE).- El precio del oro, uno de los activos refugio, ha vuelto a marcar este viernes un nuevo m\u00e1ximo hist\u00f3rico al superar el precio de la onza los 3.085 d\u00f3lares.<\/p>\n\n\n\n<p>A las 8:07 horas, el valor de la onza del metal dorado se situaba en los 3.085,74 d\u00f3lares, para posteriormente bajar a los 3.080,65.<br>En los primeros minutos de sesi\u00f3n de ayer, el oro alcanzaba los 3.075 d\u00f3lares.<\/p>\n\n\n\n<h2 class=\"wp-block-heading\" id=\"h-revalorizacion-en-torno-al-17-en-lo-que-va-de-ano\">Revalorizaci\u00f3n en torno al 17 % en lo que va de a\u00f1o<\/h2>\n\n\n\n<p>De este modo, en lo que va de a\u00f1o, el oro registra ya una revalorizaci\u00f3n en torno al 17 %.<\/p>\n\n\n\n<figure class=\"wp-block-image\"><img decoding=\"async\" src=\"https:\/\/i0.wp.com\/efe.com\/wp-content\/uploads\/2025\/03\/oro-mercados-dos-1.webp?resize=900%2C585&amp;ssl=1\" alt=\"ORO MERCADOS\" class=\"wp-image-1772415\"\/><figcaption class=\"wp-element-caption\">Un lingote de oro de 100 gramos. EFE\/Andrew Gombert<\/figcaption><\/figure>\n\n\n\n<p>La situaci\u00f3n geopol\u00edtica y los<a href=\"https:\/\/efe.com\/economia\/2025-03-27\/trump-aranceles-ue-canada-ee-uu\/\">&nbsp;aranceles de Trump<\/a>&nbsp;, unido a la compra del metal dorado por los bancos centrales, est\u00e1n llevando a la elevaci\u00f3n de su precio.<\/p>\n\n\n\n<figure class=\"wp-block-embed is-type-wp-embed is-provider-efe-noticias wp-block-embed-efe-noticias\"><div class=\"wp-block-embed__wrapper\">\n<blockquote class=\"wp-embedded-content\" data-secret=\"l2wbPc4T3g\"><a href=\"https:\/\/efe.com\/economia\/2025-03-27\/trump-aranceles-ue-canada-ee-uu\/\">Trump asegura que est\u00e1 dispuesto a imponer m\u00e1s aranceles a la UE y Canad\u00e1 si colaboran contra EE.UU.<\/a><\/blockquote><iframe class=\"wp-embedded-content\" sandbox=\"allow-scripts\" security=\"restricted\" style=\"position: absolute; visibility: hidden;\" title=\"\u00abTrump asegura que est\u00e1 dispuesto a imponer m\u00e1s aranceles a la UE y Canad\u00e1 si colaboran contra EE.UU.\u00bb \u2014 EFE Noticias\" src=\"https:\/\/efe.com\/economia\/2025-03-27\/trump-aranceles-ue-canada-ee-uu\/embed\/#?secret=k292cOxscy#?secret=l2wbPc4T3g\" data-secret=\"l2wbPc4T3g\" width=\"500\" height=\"282\" frameborder=\"0\" marginwidth=\"0\" marginheight=\"0\" scrolling=\"no\"><\/iframe>\n<\/div><\/figure>\n\n\n\n<p>Asimismo, los analistas consideran que ante la falta de seguridad que ha dado el d\u00f3lar en los \u00faltimos tiempos, los inversores han decidido invertir en oro.<\/p>\n\n\n\n<p>Fuente: <a href=\"https:\/\/efe.com\/economia\/2025-03-28\/oro-alcanza-nuevo-maximo-superar-3-085-dolares-onza\/\">https:\/\/efe.com\/economia\/2025-03-28\/oro-alcanza-nuevo-maximo-superar-3-085-dolares-onza\/<\/a><\/p>\n","protected":false},"excerpt":{"rendered":"<p>Agencia EFE Madrid (EFE).- El precio del oro, uno de los activos refugio, ha vuelto a marcar este viernes un [&hellip;]<\/p>\n","protected":false},"author":1,"featured_media":96759,"comment_status":"open","ping_status":"open","sticky":false,"template":"","format":"standard","meta":{"site-sidebar-layout":"default","site-content-layout":"","ast-site-content-layout":"default","site-content-style":"default","site-sidebar-style":"default","ast-global-header-display":"","ast-banner-title-visibility":"","ast-main-header-display":"","ast-hfb-above-header-display":"","ast-hfb-below-header-display":"","ast-hfb-mobile-header-display":"","site-post-title":"","ast-breadcrumbs-content":"","ast-featured-img":"","footer-sml-layout":"","theme-transparent-header-meta":"","adv-header-id-meta":"","stick-header-meta":"","header-above-stick-meta":"","header-main-stick-meta":"","header-below-stick-meta":"","astra-migrate-meta-layouts":"default","ast-page-background-enabled":"default","ast-page-background-meta":{"desktop":{"background-color":"var(--ast-global-color-4)","background-image":"","background-repeat":"repeat","background-position":"center center","background-size":"auto","background-attachment":"scroll","background-type":"","background-media":"","overlay-type":"","overlay-color":"","overlay-opacity":"","overlay-gradient":""},"tablet":{"background-color":"","background-image":"","background-repeat":"repeat","background-position":"center center","background-size":"auto","background-attachment":"scroll","background-type":"","background-media":"","overlay-type":"","overlay-color":"","overlay-opacity":"","overlay-gradient":""},"mobile":{"background-color":"","background-image":"","background-repeat":"repeat","background-position":"center center","background-size":"auto","background-attachment":"scroll","background-type":"","background-media":"","overlay-type":"","overlay-color":"","overlay-opacity":"","overlay-gradient":""}},"ast-content-background-meta":{"desktop":{"background-color":"var(--ast-global-color-5)","background-image":"","background-repeat":"repeat","background-position":"center center","background-size":"auto","background-attachment":"scroll","background-type":"","background-media":"","overlay-type":"","overlay-color":"","overlay-opacity":"","overlay-gradient":""},"tablet":{"background-color":"var(--ast-global-color-5)","background-image":"","background-repeat":"repeat","background-position":"center center","background-size":"auto","background-attachment":"scroll","background-type":"","background-media":"","overlay-type":"","overlay-color":"","overlay-opacity":"","overlay-gradient":""},"mobile":{"background-color":"var(--ast-global-color-5)","background-image":"","background-repeat":"repeat","background-position":"center center","background-size":"auto","background-attachment":"scroll","background-type":"","background-media":"","overlay-type":"","overlay-color":"","overlay-opacity":"","overlay-gradient":""}},"footnotes":""},"categories":[8],"tags":[36935,36934],"class_list":["post-96758","post","type-post","status-publish","format-standard","has-post-thumbnail","hentry","category-noticias","tag-3085-dolares-onza-de-oro","tag-precio-record-oro"],"_links":{"self":[{"href":"https:\/\/losperiodistas.com.mx\/portal\/wp-json\/wp\/v2\/posts\/96758","targetHints":{"allow":["GET"]}}],"collection":[{"href":"https:\/\/losperiodistas.com.mx\/portal\/wp-json\/wp\/v2\/posts"}],"about":[{"href":"https:\/\/losperiodistas.com.mx\/portal\/wp-json\/wp\/v2\/types\/post"}],"author":[{"embeddable":true,"href":"https:\/\/losperiodistas.com.mx\/portal\/wp-json\/wp\/v2\/users\/1"}],"replies":[{"embeddable":true,"href":"https:\/\/losperiodistas.com.mx\/portal\/wp-json\/wp\/v2\/comments?post=96758"}],"version-history":[{"count":1,"href":"https:\/\/losperiodistas.com.mx\/portal\/wp-json\/wp\/v2\/posts\/96758\/revisions"}],"predecessor-version":[{"id":96760,"href":"https:\/\/losperiodistas.com.mx\/portal\/wp-json\/wp\/v2\/posts\/96758\/revisions\/96760"}],"wp:featuredmedia":[{"embeddable":true,"href":"https:\/\/losperiodistas.com.mx\/portal\/wp-json\/wp\/v2\/media\/96759"}],"wp:attachment":[{"href":"https:\/\/losperiodistas.com.mx\/portal\/wp-json\/wp\/v2\/media?parent=96758"}],"wp:term":[{"taxonomy":"category","embeddable":true,"href":"https:\/\/losperiodistas.com.mx\/portal\/wp-json\/wp\/v2\/categories?post=96758"},{"taxonomy":"post_tag","embeddable":true,"href":"https:\/\/losperiodistas.com.mx\/portal\/wp-json\/wp\/v2\/tags?post=96758"}],"curies":[{"name":"wp","href":"https:\/\/api.w.org\/{rel}","templated":true}]}}