{"id":96703,"date":"2025-03-27T11:25:00","date_gmt":"2025-03-27T17:25:00","guid":{"rendered":"https:\/\/losperiodistas.com.mx\/portal\/?p=96703"},"modified":"2025-03-27T09:31:22","modified_gmt":"2025-03-27T15:31:22","slug":"las-imagenes-de-un-mundo-en-crisis-world-press-photo-presenta-los-42-ganadores-de-2025-por-regiones-mundiales-el-pais","status":"publish","type":"post","link":"https:\/\/losperiodistas.com.mx\/portal\/las-imagenes-de-un-mundo-en-crisis-world-press-photo-presenta-los-42-ganadores-de-2025-por-regiones-mundiales-el-pais\/","title":{"rendered":"Las im\u00e1genes de un mundo en crisis: World Press Photo presenta los 42 ganadores de 2025 por regiones mundiales | El Pa\u00eds"},"content":{"rendered":"\n<h2 class=\"wp-block-heading\">Una instant\u00e1nea del fotoperiodista colombiano Federico R\u00edos publicada en \u2018El Pa\u00eds Semanal\u2019 es premiada en la categor\u00eda de proyectos a largo plazo en la edici\u00f3n de 2025<\/h2>\n\n\n\n<figure class=\"wp-block-image size-large\"><img fetchpriority=\"high\" decoding=\"async\" width=\"1024\" height=\"682\" src=\"https:\/\/losperiodistas.com.mx\/portal\/wp-content\/uploads\/2025\/03\/P6XJY5NG5NC2BNHK2VOYWDCUPM-copia-1024x682.jpg\" alt=\"\" class=\"wp-image-96704\" srcset=\"https:\/\/losperiodistas.com.mx\/portal\/wp-content\/uploads\/2025\/03\/P6XJY5NG5NC2BNHK2VOYWDCUPM-copia-1024x682.jpg 1024w, https:\/\/losperiodistas.com.mx\/portal\/wp-content\/uploads\/2025\/03\/P6XJY5NG5NC2BNHK2VOYWDCUPM-copia-300x200.jpg 300w, https:\/\/losperiodistas.com.mx\/portal\/wp-content\/uploads\/2025\/03\/P6XJY5NG5NC2BNHK2VOYWDCUPM-copia-768x511.jpg 768w, https:\/\/losperiodistas.com.mx\/portal\/wp-content\/uploads\/2025\/03\/P6XJY5NG5NC2BNHK2VOYWDCUPM-copia.jpg 1200w\" sizes=\"(max-width: 1024px) 100vw, 1024px\" \/><figcaption class=\"wp-element-caption\">Rub\u00e9n Guainora rescata a la migrante venezolana Kimberly Rodr\u00edguez que se desmay\u00f3 cruzando en el Tap\u00f3n del Dari\u00e9n en P\u00e1nama, el 21 de septiembre de 2024. Reportaje publicado el pasado diciembre en El Pa\u00eds Semanal.Federico R\u00edos<\/figcaption><\/figure>\n\n\n\n<p class=\"has-vivid-red-color has-text-color has-link-color has-medium-font-size wp-elements-f21c8e87a659a7ab70430212dd0f70a5\"><strong><a href=\"https:\/\/elpais.com\/autor\/isabel-ferrer\/#?rel=author_top\">Isabel Ferrer<\/a> \/ El Pa\u00eds<\/strong><\/p>\n\n\n\n<p>La Haya <\/p>\n\n\n\n<p>El concurso<a href=\"https:\/\/elpais.com\/noticias\/world-press-photo\/\" target=\"_blank\" rel=\"noreferrer noopener\">&nbsp;World Press Photo<\/a>&nbsp;cumple 70 a\u00f1os y ha anunciado este jueves los 42 ganadores \u2014<a href=\"https:\/\/elpais.com\/cultura\/2024-04-03\/las-fotos-finalistas-del-world-press-photo-2024.html\" target=\"_blank\" rel=\"noreferrer noopener\">en 2024 fueron 30<\/a>\u2014 de las im\u00e1genes y proyectos fotogr\u00e1ficos correspondientes a 2025 y repartidos por regiones del mundo. Son estas: \u00c1frica; Asia-Pac\u00edfico y Ocean\u00eda; Europa; Am\u00e9rica del Norte y Central; Sudam\u00e9rica; Asia Occidental, Central y Meridional. En cada una de ellas hay tres galardonados individuales por una sola foto (<em>Singles<\/em>), otros tres por historias o relatos fotogr\u00e1ficos (<em>Stories<\/em>), y uno por un proyecto a largo plazo (<em>Long-Term Projects<\/em>). El fotoperiodista espa\u00f1ol<a href=\"https:\/\/elpais.com\/elpais\/2014\/05\/29\/album\/1401374506_801709.html\" target=\"_blank\" rel=\"noreferrer noopener\">&nbsp;Luis Tato<\/a>&nbsp;ha obtenido una de las recompensas en la categor\u00eda de&nbsp;<em>Stories&nbsp;<\/em>por sus im\u00e1genes de<a href=\"https:\/\/elpais.com\/internacional\/2024-07-02\/las-manifestaciones-por-una-subida-de-impuestos-en-kenia-derivan-en-una-protesta-contra-el-presidente.html\" target=\"_blank\" rel=\"noreferrer noopener\">&nbsp;las protestas desatadas en Nairobi<\/a>&nbsp;(Kenia) en 2024, para la agencia France Presse, y el catal\u00e1n Samuel Nacar (Barcelona, 1992) ha recibido otra en la de relatos por&nbsp;<em>Las sombras ya tienen nombre<\/em>, para la revista 5W, en la categor\u00eda Asia Occidental, Central y Sur. Su colega Andr\u00e9 Coelho, de la agencia espa\u00f1ola Efe en Brasil, se ha llevado otra en<em>&nbsp;Singles.<\/em>&nbsp;Una instant\u00e1nea&nbsp;<a href=\"https:\/\/elpais.com\/america-colombia\/branded\/los-lideres-de-colombia\/2024-12-05\/federico-rios-la-humanidad-fotografiada-con-humanidad.html\" target=\"_blank\" rel=\"noreferrer noopener\">del colombiano Federico R\u00edos<\/a>&nbsp;sobre los migrantes que&nbsp;<a href=\"https:\/\/elpais.com\/eps\/2024-12-15\/cruzando-el-infierno-del-darien.html\" target=\"_blank\" rel=\"noreferrer noopener\">cruzan Panam\u00e1 publicada el pasado diciembre en<em>&nbsp;El Pa\u00eds Semanal<\/em><\/a>&nbsp;ha sido premiada, adem\u00e1s, en la de proyectos de largo recorrido, que destaca el trabajo conjunto de varios a\u00f1os y que inclu\u00eda reportajes tambi\u00e9n para&nbsp;<em>The New York Times<\/em>. La Foto del A\u00f1o, y sus dos finalistas ser\u00e1n presentados el pr\u00f3ximo 17 de abril.M\u00e1s informaci\u00f3n<\/p>\n\n\n\n<p><a href=\"https:\/\/elpais.com\/cultura\/2024-04-18\/los-premios-world-press-photo-se-reconcilian-con-el-fotoperiodismo.html#?rel=mas_sumario\">Los premios World Press Photo se reconcilian con el fotoperiodismo<\/a><\/p>\n\n\n\n<p>Entre los galardonados hay tambi\u00e9n fot\u00f3grafos latinoamericanos de Colombia, El Salvador, Per\u00fa, M\u00e9xico y Venezuela, adem\u00e1s de Brasil. La serie de Luis Tato (36 a\u00f1os) recoge a manifestantes y polic\u00edas en Nairobi: los primeros envueltos en gases lacrim\u00f3genos y bajo ca\u00f1ones de agua; los agentes, fusil en mano. El 25 de junio, los ciudadanos que protestaban por la imposici\u00f3n de impuestos adicionales sobre art\u00edculos de primera necesidad irrumpieron en el Parlamento. Hubo choques con las fuerzas del orden, muertos y centenares de heridos. El presidente, William Ruto, retir\u00f3 la propuesta impositiva, pero el rechazo se prolong\u00f3 hasta 2025. El fot\u00f3grafo espa\u00f1ol naci\u00f3 en Daimiel (Ciudad Real), trata de mostrar en diez instant\u00e1neas \u201cun movimiento popular que ha cambiado la relaci\u00f3n de los kenianos por los pol\u00edticos\u201d, seg\u00fan explica, en conversaci\u00f3n telef\u00f3nica. Es una causa que contin\u00faa \u201cy que la polic\u00eda y el Gobierno trat\u00f3 de silenciar\u201d, asegura.<\/p>\n\n\n\n<figure class=\"wp-block-image size-full\"><img decoding=\"async\" width=\"828\" height=\"552\" src=\"https:\/\/losperiodistas.com.mx\/portal\/wp-content\/uploads\/2025\/03\/C44DH5XHWZH3PFOE4XXEQJUSCQ.avif\" alt=\"\" class=\"wp-image-96705\" srcset=\"https:\/\/losperiodistas.com.mx\/portal\/wp-content\/uploads\/2025\/03\/C44DH5XHWZH3PFOE4XXEQJUSCQ.avif 828w, https:\/\/losperiodistas.com.mx\/portal\/wp-content\/uploads\/2025\/03\/C44DH5XHWZH3PFOE4XXEQJUSCQ-300x200.avif 300w, https:\/\/losperiodistas.com.mx\/portal\/wp-content\/uploads\/2025\/03\/C44DH5XHWZH3PFOE4XXEQJUSCQ-768x512.avif 768w\" sizes=\"(max-width: 828px) 100vw, 828px\" \/><figcaption class=\"wp-element-caption\">Oficiales de polic\u00eda y personal de seguridad protegen el Parlamento de Kenia mientras los manifestantes intentan asaltar el edificio, el 25 de junio de 2024.Luis Tato (AFP)<\/figcaption><\/figure>\n\n\n\n<figure class=\"wp-block-image\"><img decoding=\"async\" src=\"https:\/\/imagenes.elpais.com\/resizer\/v2\/3R5CUHY7KFCGXAWLJVHDHDKOLY.jpg?auth=02861c644e728220b52a85f3bb20a32a1aa628c9cc672a6727990146120f101b&amp;width=414\" alt=\"Los manifestantes corean consignas mientras utilizan el mobiliario urbano como barricadas para enfrentarse a los agentes de la polic\u00eda de Kenia durante una manifestaci\u00f3n antigubernamental en el centro de Nairobi, el 2 de julio de 2024.\"\/><\/figure>\n\n\n\n<figure class=\"wp-block-image\"><img decoding=\"async\" src=\"https:\/\/imagenes.elpais.com\/resizer\/v2\/DPFEU7SLRFGXHLRNLVIDPXG5KI.jpg?auth=7bf4240548a359d422c4384380c0b28e8097b1c2d203fb3594109ac98d393554&amp;width=414\" alt=\"Un bote de gas lacrim\u00f3geno explota mientras los manifestantes intentan ayudar a las personas heridas durante las protestas ante el Parlamento de Kenia, el 25 de junio de 2024.\"\/><\/figure>\n\n\n\n<figure class=\"wp-block-image\"><img decoding=\"async\" src=\"https:\/\/imagenes.elpais.com\/resizer\/v2\/7JEP6W5NTRH3BNV5PQUK6HJHWI.jpg?auth=9a673119174d77a00d77b5629f9dfe4fb32142ee25544b74774da0767a3c52a2&amp;width=414\" alt=\"Manifestaci\u00f3n contra el aumento de impuestos mientras los miembros del Parlamento votan el proyecto de ley de Finanzas 2024 en el centro de Nairoibi (Kenia), el 20 de junio de 2024.\"\/><\/figure>\n\n\n\n<p>Desde la oficina central de la agencia France Presse en Nairobi, Tato coordina la cobertura fotogr\u00e1fica de 12 pa\u00edses del Este de \u00c1frica. Es la segunda vez que es reconocido por World Press Photo (en 2021 obtuvo un tercer premio, en&nbsp;<em>Stories<\/em>, plasmando una plaga de langostas para&nbsp;<em>The New York Times<\/em>). Admite que \u201cayuda a seguir adelante y a esforzarse\u201d. A punto de salir al norte del pa\u00eds para cubrir un tema sobre el cambio de clima, se\u00f1ala que sobre las historias africanas \u201cse siguen repitiendo un poco los estereotipos, y me motiva romperlos\u201d. La realidad cotidiana, \u201ccon sus evidentes procesos de desarrollo, no se aleja tanto de Europa\u201d, asevera.<\/p>\n\n\n\n<h3 class=\"wp-block-heading\">Un abrazo casi religioso<\/h3>\n\n\n\n<p>Andr\u00e9 Coelho, firma desde Brasil para la agencia Efe otra de las fotos ganadoras en&nbsp;<em>Singles<\/em>, esta vez en Sudam\u00e9rica. Recoge el abrazo casi religioso de los aficionados del Botafogo, uno de los clubes de f\u00fatbol m\u00e1s antiguos del pa\u00eds, despu\u00e9s de ganar por primera vez la Copa Libertadores de la Confederaci\u00f3n Sudamericana. Venci\u00f3 al Atl\u00e9tico Mineiro por 3-1, el 30 de noviembre de 2024.<\/p>\n\n\n\n<figure class=\"wp-block-image size-large\"><img decoding=\"async\" width=\"1024\" height=\"683\" src=\"https:\/\/losperiodistas.com.mx\/portal\/wp-content\/uploads\/2025\/03\/FJNNKSTT75EX3IBVN6CNZG2KEA-1024x683.avif\" alt=\"\" class=\"wp-image-96706\" srcset=\"https:\/\/losperiodistas.com.mx\/portal\/wp-content\/uploads\/2025\/03\/FJNNKSTT75EX3IBVN6CNZG2KEA-1024x683.avif 1024w, https:\/\/losperiodistas.com.mx\/portal\/wp-content\/uploads\/2025\/03\/FJNNKSTT75EX3IBVN6CNZG2KEA-300x200.avif 300w, https:\/\/losperiodistas.com.mx\/portal\/wp-content\/uploads\/2025\/03\/FJNNKSTT75EX3IBVN6CNZG2KEA-768x512.avif 768w, https:\/\/losperiodistas.com.mx\/portal\/wp-content\/uploads\/2025\/03\/FJNNKSTT75EX3IBVN6CNZG2KEA-1536x1024.avif 1536w, https:\/\/losperiodistas.com.mx\/portal\/wp-content\/uploads\/2025\/03\/FJNNKSTT75EX3IBVN6CNZG2KEA.avif 1960w\" sizes=\"(max-width: 1024px) 100vw, 1024px\" \/><figcaption class=\"wp-element-caption\">Hinchas del Botafogo celebran la victoria de su equipo durante la final de la Copa Libertadores 2024, en el estadio Nilton Santos en Rio de Janeiro (Brasil), el 29 de noviembre de 2024.Andr\u00e9 Coelho (EFE)<\/figcaption><\/figure>\n\n\n\n<p>En la convocatoria de este a\u00f1o, el jurado de World Press Photo ha elegido temas que abarcan desde la pol\u00edtica y el g\u00e9nero, a la migraci\u00f3n,&nbsp;<a href=\"https:\/\/elpais.com\/cultura\/2023-12-06\/world-press-photo-excluye-de-la-portada-de-su-catalogo-la-premiada-como-foto-del-ano-por-su-contenido-explicito.html\">conflictos armados<\/a>&nbsp;y la crisis del clima. En el apartado de&nbsp;<em>Singles&nbsp;<\/em>correspondiente a Am\u00e9rica del Norte y Central, destaca el&nbsp;<a href=\"https:\/\/elpais.com\/internacional\/elecciones-usa\/2024-07-13\/trump-evacuado-en-un-mitin-por-el-servicio-secreto-tras-un-aparente-atentado.html\" target=\"_blank\" rel=\"noreferrer noopener\">atentado perpetrado contra el presidente de Estados Unidos<\/a>, Donald Trump, el pasado 13 de julio de 2024, durante la campa\u00f1a que desemboc\u00f3 en su elecci\u00f3n. Firmada por el estadounidense Jabin Botsford, para el diario&nbsp;<em>The Washington Post<\/em>, capta el momento en que Trump es bajado de un estrado por su equipo de seguridad. \u201cPresenta un raro instante de fragilidad en una campa\u00f1a basada en la vitalidad y la fuerza\u201d, seg\u00fan el jurado.M\u00e1s informaci\u00f3n<\/p>\n\n\n\n<p><a href=\"https:\/\/elpais.com\/eps\/2024-12-15\/cruzando-el-infierno-del-darien.html#?rel=mas_sumario\">Cruzando el infierno del Dari\u00e9n<\/a><\/p>\n\n\n\n<p>La imagen de Trump lleg\u00f3 en seguida a la prensa, pero hay otras menos conocidas y de gran hondura en el concurso. As\u00ed, en la misma categor\u00eda de&nbsp;<em>Singles<\/em>, y en Europa, aparece Anhelina, una ni\u00f1a ucrania de seis a\u00f1os que sufre ataques de p\u00e1nico desde que tuvo que huir de su pueblo en marzo de 2024, situado en la l\u00ednea del frente ruso. Echada en la cama, la fotografi\u00f3 el alem\u00e1n Florian Bachmeier que deseaba \u201cmostrar a los ni\u00f1os que han crecido en un entorno de violencia, con su inocencia fracturada pero resistiendo mientras se adaptan a una nueva vida\u201d, en palabras del jurado.<\/p>\n\n\n\n<figure class=\"wp-block-image size-large\"><img loading=\"lazy\" decoding=\"async\" width=\"1024\" height=\"683\" src=\"https:\/\/losperiodistas.com.mx\/portal\/wp-content\/uploads\/2025\/03\/GSPWOTEVCJFZHMVSTIHVEL7MLY-1024x683.avif\" alt=\"\" class=\"wp-image-96707\" srcset=\"https:\/\/losperiodistas.com.mx\/portal\/wp-content\/uploads\/2025\/03\/GSPWOTEVCJFZHMVSTIHVEL7MLY-1024x683.avif 1024w, https:\/\/losperiodistas.com.mx\/portal\/wp-content\/uploads\/2025\/03\/GSPWOTEVCJFZHMVSTIHVEL7MLY-300x200.avif 300w, https:\/\/losperiodistas.com.mx\/portal\/wp-content\/uploads\/2025\/03\/GSPWOTEVCJFZHMVSTIHVEL7MLY-768x512.avif 768w, https:\/\/losperiodistas.com.mx\/portal\/wp-content\/uploads\/2025\/03\/GSPWOTEVCJFZHMVSTIHVEL7MLY-1536x1024.avif 1536w, https:\/\/losperiodistas.com.mx\/portal\/wp-content\/uploads\/2025\/03\/GSPWOTEVCJFZHMVSTIHVEL7MLY.avif 1960w\" sizes=\"(max-width: 1024px) 100vw, 1024px\" \/><figcaption class=\"wp-element-caption\">Miembros del Servicio Secreto de los Estados Unidos sacan a Donald Trump del escenario tras el intento de asesinato en un mitin en Butler (Pensilvania), el 13 de julio de 2024.Jabin Botsford (The Washington Post)<\/figcaption><\/figure>\n\n\n\n<p>Tambi\u00e9n en Europa y en igual secci\u00f3n, le acompa\u00f1a la imagen de Mika, de 21 a\u00f1os, que muestra una gran cicatriz donde antes estaban sus pechos. Residente en Pa\u00edses Bajos, ha pagado de su bolsillo el coste de la operaci\u00f3n y el tratamiento hormonal ante una lista de espera de 22 meses para una primera consulta en una cl\u00ednica especializada en g\u00e9nero. La foto, firmada por el neerland\u00e9s Prins de Vos, trata de \u201cfomentar la comprensi\u00f3n del efecto de la espera m\u00e9dica en la vida de las personas, y animar a un enfoque m\u00e1s inclusivo y compasivo en el cuidado de la afirmaci\u00f3n de g\u00e9nero\u201d, dice el jurado.<\/p>\n\n\n\n<p>Desde Asia Occidental, Central y Meridional, y de nuevo en&nbsp;<em>Single<\/em>s, mira con tristeza Mahmoud Ajjour, un ni\u00f1o gazat\u00ed con los brazos mutilados en marzo de 2024 por las bombas. Evacuado con su familia a Qatar, le fotografi\u00f3 Samar Abu Elouf, evacuada ella misma de Gaza en 2023 y que vive ahora en el mismo bloque de apartamentos que el chico. Fue publicada por&nbsp;<em>The New York Times<\/em>. Mahmoud sue\u00f1a con unas pr\u00f3tesis y llevar la vida de un ni\u00f1o m\u00e1s.M\u00e1s informaci\u00f3n<\/p>\n\n\n\n<figure class=\"wp-block-image\"><a href=\"https:\/\/elpais.com\/cultura\/2025-03-27\/las-fotografias-ganadoras-del-world-press-photo-2025.html\"><img decoding=\"async\" src=\"https:\/\/imagenes.elpais.com\/resizer\/v2\/RQ6AXHK2YRAH7I6A5Q4AZH267Y.jpg?auth=8a7261b8223fe7abd5bdfc9c63b4b60939e4fea7935b6022c499644662b2ce60&amp;width=414&amp;height=311&amp;smart=true\" alt=\"KAMPALA, UGANDA - Tamale Safalu trains in front of his home in Kampala, Uganda. Since he was little, he wanted to become a body builder. He succeeded but got a terrible motorcycle accident, causing him to loose one of his legs. Despite losing his leg, Tamale did not give up on body building. He now competes against able bodied people. He became the first athlete ever in Africa to compete against abled bodied athletes.\"\/><\/a><\/figure>\n\n\n\n<p><a href=\"https:\/\/elpais.com\/cultura\/2025-03-27\/las-fotografias-ganadoras-del-world-press-photo-2025.html#?rel=mas_sumario\">Las fotograf\u00edas ganadoras del World Press Photo 2025<\/a><\/p>\n\n\n\n<p>En \u00c1frica, una de las im\u00e1genes elegidas en<em>&nbsp;Singles<\/em>&nbsp;es la del culturista Tamale Safalu, que perdi\u00f3 una pierna en un accidente de tr\u00e1fico en 2020. A pesar de ello, es el primer atleta discapacitado que compite en Uganda contra rivales que no lo son. \u201cAl hacerlo, quiero animar a otras personas con discapacidad a reconocer sus talentos y a que nunca agachen la cabeza\u201d, dice Safalu. La firma la neerlandesa Marijn Fidder. Otra foto que se hizo famosa antes de llegar al concurso se ha llevado un premio en<em>&nbsp;Singles<\/em>. Corresponde a Asia-Pac\u00edfico y Ocean\u00eda y en la misma aparece flotado por un momento en el aire el surfista brasile\u00f1o Gabriel Medina. Hab\u00eda superado una gran ola durante los Juegos Ol\u00edmpicos de Par\u00eds de 2024, que en su deporte tuvieron lugar en la Polinesia francesa. Medina se llev\u00f3 la medalla de bronce y lo capt\u00f3 el franc\u00e9s Jerome Brouillet para la agencia France Presse.<\/p>\n\n\n\n<h3 class=\"wp-block-heading\">Fronteras<\/h3>\n\n\n\n<p>En la regi\u00f3n definida como Am\u00e9rica del Norte y Central, y tambi\u00e9n en<em>&nbsp;Singles<\/em>, ha ganado un premio el estadounidense John Moore, para Getty Images. Ha captado a unos inmigrantes chinos protegi\u00e9ndose de la lluvia despu\u00e9s de cruzar la frontera entre Estados Unidos y M\u00e9xico. Las salidas desde China han aumentado en los \u00faltimos a\u00f1os, y esta imagen \u201crefleja la compleja realidad de la migraci\u00f3n justo en la frontera\u201d, indica el jurado.<\/p>\n\n\n\n<figure class=\"wp-block-image size-large\"><img loading=\"lazy\" decoding=\"async\" width=\"1024\" height=\"683\" src=\"https:\/\/losperiodistas.com.mx\/portal\/wp-content\/uploads\/2025\/03\/EQKCRU4FJNHOHHOYP3ZD52HJAQ-1024x683.avif\" alt=\"\" class=\"wp-image-96708\" srcset=\"https:\/\/losperiodistas.com.mx\/portal\/wp-content\/uploads\/2025\/03\/EQKCRU4FJNHOHHOYP3ZD52HJAQ-1024x683.avif 1024w, https:\/\/losperiodistas.com.mx\/portal\/wp-content\/uploads\/2025\/03\/EQKCRU4FJNHOHHOYP3ZD52HJAQ-300x200.avif 300w, https:\/\/losperiodistas.com.mx\/portal\/wp-content\/uploads\/2025\/03\/EQKCRU4FJNHOHHOYP3ZD52HJAQ-768x512.avif 768w, https:\/\/losperiodistas.com.mx\/portal\/wp-content\/uploads\/2025\/03\/EQKCRU4FJNHOHHOYP3ZD52HJAQ-1536x1024.avif 1536w, https:\/\/losperiodistas.com.mx\/portal\/wp-content\/uploads\/2025\/03\/EQKCRU4FJNHOHHOYP3ZD52HJAQ.avif 1960w\" sizes=\"(max-width: 1024px) 100vw, 1024px\" \/><figcaption class=\"wp-element-caption\">Varias personas son rescatadas durante las inundaciones en Canoas, en el estado de Rio Grande do Sul, Brasil, el 5 de mayo de 2024.AMANDA PEROBELLI (REUTERS)<\/figcaption><\/figure>\n\n\n\n<p>En Sudam\u00e9rica, es otro momento de&nbsp;<em>Singles<\/em>, mientras que el cap\u00edtulo de&nbsp;<em>Stories<\/em>, la brasile\u00f1a Amanda Perobelli ha recogido las inundaciones registradas en el estado de R\u00edo Grande do Sul (Brasil) que causaron un desastre ecol\u00f3gico, 183 muertes y el desplazamiento forzoso de unos 600.000 residentes. Calles anegadas, barrios enteros casi sumergidos y casas marcadas por el barro recuerdan que estos fen\u00f3menos son cada vez m\u00e1s frecuentes. Tambi\u00e9n en&nbsp;<em>Stories<\/em>&nbsp;y en la misma regi\u00f3n,&nbsp;<a href=\"https:\/\/elpais.com\/cultura\/2018\/06\/06\/actualidad\/1528318512_452934.html\" target=\"_blank\" rel=\"noreferrer noopener\">el mexicano Musuk Bolte<\/a>&nbsp;retrata lo contrario: los efectos de la<a href=\"https:\/\/elpais.com\/america-futura\/2025-03-25\/la-sequia-un-nuevo-obstaculo-para-las-parteras-del-amazonas.html\" target=\"_blank\" rel=\"noreferrer noopener\">&nbsp;sequ\u00eda en el r\u00edo Amazonas.<\/a>&nbsp;Hay una imagen de un hombre que lleva comida a su madre, residente en el pueblo de Manacapuru. Solo se puede acceder en barca, pero \u00e9l cargaba sus bolsas el 5 de octubre de 2024 por un desierto de 2 kil\u00f3metros que antes fue cauce fluvial.<\/p>\n\n\n\n<p>En el cap\u00edtulo de<em>&nbsp;Long-Term Projects<\/em>&nbsp;destacan dos. Por un lado, el borrado de las mujeres afganas impuesto por el Gobierno talib\u00e1n. A pesar de las restricciones, sin embargo, la resistencia de las mujeres sigue viva tras los muros de sus casas, en clases secretas, en celebraciones privadas. Las fotos reflejan tanto a unas j\u00f3venes estudiando con gran peligro en un instituto privado, como una madre que ve como la historia del yugo talib\u00e1n de los a\u00f1os noventa se repite con su hija. La nota de color es amarga: unos maniqu\u00edes en una tienda de vestidos de novia, todos con la cabeza tapada. La fot\u00f3grafa es la iran\u00ed canadiense Kiana Hayeri, para la Fundaci\u00f3n francesa de arte y fotoperiodismo Carmignac.Fotogaler\u00eda<\/p>\n\n\n\n<figure class=\"wp-block-image\"><a href=\"https:\/\/elpais.com\/cultura\/2025-03-27\/las-fotografias-ganadoras-del-world-press-photo-2025.html\"><img decoding=\"async\" src=\"https:\/\/imagenes.elpais.com\/resizer\/v2\/MBDUWJYP3JHTBA3DWXRW5HSVVA.jpg?auth=f80d243614f06ae6dd968afb3c5a34c19b1833d0fc626cce4b1f00912393794f&amp;width=414&amp;height=311&amp;smart=true\" alt=\"COLOMBIA - FEDERICO RIOS - WORLD PRESS PHOTO\"\/><\/a><\/figure>\n\n\n\n<p><a href=\"https:\/\/elpais.com\/cultura\/2025-03-27\/las-fotografias-ganadoras-del-world-press-photo-2025.html#?rel=mas_sumario\">Las fotos ganadoras del World Press Photo 2025<\/a><\/p>\n\n\n\n<p>El otro reportaje gr\u00e1fico es el viaje de los&nbsp;<em>kolbars<\/em>&nbsp;(mensajeros de fronteras) que llevan ropa, tel\u00e9fonos m\u00f3viles o peque\u00f1os electrodom\u00e9sticos por terrenos inh\u00f3spitos desde Irak a Turqu\u00eda hasta llegar al Kurdist\u00e1n iran\u00ed. El Gobierno de Ir\u00e1n proh\u00edbe la importaci\u00f3n de varios de estos productos, pero d\u00e9cadas de desempleo y marginaci\u00f3n han abocado a muchos kurdos a esta actividad. Se arriesgan a ser tiroteados por las fuerzas de seguridad y de fronteras, y han muerto as\u00ed miles. El autor de la serie es el iran\u00ed Ebrahim Alipoor.<\/p>\n\n\n\n<p><a href=\"https:\/\/elpais.com\/internacional\/2012\/04\/04\/actualidad\/1333550793_104937.html\">Federico R\u00edos Escobar<\/a>&nbsp;(Manizales, 44 a\u00f1os), por su parte, ha ganado el premio a mejor proyecto de largo recorrido por su trabajo, durante cuatro a\u00f1os, en el que ha documentado el cruce de migrantes por la&nbsp;<a href=\"https:\/\/elpais.com\/america\/2025-03-13\/panama-anuncia-el-cierre-de-la-ruta-del-tapon-del-darien-por-la-que-han-cruzado-mas-de-un-millon-de-inmigrantes-camino-a-estados-unidos.html\">selva del Dari\u00e9n<\/a>, entre Colombia y Panam\u00e1, y cuyo \u00faltimo trabajo se public\u00f3 en&nbsp;<em>El Pa\u00eds Semanal<\/em>.&nbsp;<a href=\"https:\/\/elpais.com\/america-colombia\/2025-03-27\/federico-rios-lo-mas-dificil-de-la-fotografia-documental-es-tener-la-humanidad-para-capturar-con-respeto-el-momento-mas-dificil-de-una-vida.html\">El fotoperiodista ha explicado<\/a>&nbsp;que \u201clo m\u00e1s dif\u00edcil de la fotograf\u00eda documental es tener la humanidad para capturar con respeto el momento m\u00e1s dif\u00edcil de una vida\u201d.<\/p>\n\n\n\n<figure class=\"wp-block-image\"><img decoding=\"async\" src=\"https:\/\/imagenes.elpais.com\/resizer\/v2\/P6JAXY6SLVCXNGPZOGMYNUYO4E.jpg?auth=1122739044a3d2f56fea55f8ed53957cab09f5551a063198f5d48ab5da37972b&amp;width=1200&amp;height=675&amp;smart=true\" alt=\"\"\/><figcaption class=\"wp-element-caption\">Federico R\u00edos, en su casa de Medell\u00edn (Colombia).<\/figcaption><\/figure>\n\n\n\n<p>A la convocatoria de 2025 de&nbsp;<a href=\"https:\/\/elpais.com\/cultura\/2024-04-18\/los-premios-world-press-photo-se-reconcilian-con-el-fotoperiodismo.html\">World Press Photo<\/a>&nbsp;se han presentado 53.320 im\u00e1genes de 3.778 autores de 141 pa\u00edses.&nbsp;<a href=\"https:\/\/elpais.com\/cultura\/2023-11-22\/world-press-photo-rectifica-y-excluye-la-inteligencia-artificial-de-todas-sus-categorias.html\">La inteligencia artificial est\u00e1 prohibida<\/a>&nbsp;y se comprueba tanto su posible uso como los hechos recogidos en cada foto. Los jurados regionales han preparado primero una selecci\u00f3n de candidaturas. A partir de ah\u00ed, un jurado mundial, formado por los seis presidentes de los regionales y el del jurado mundial, elige a los ganadores.<\/p>\n\n\n\n<p>Fuente: <a href=\"https:\/\/elpais.com\/cultura\/2025-03-27\/las-imagenes-de-un-mundo-en-crisis-world-press-photo-presenta-los-42-ganadores-de-2025-por-regiones-mundiales.html\">https:\/\/elpais.com\/cultura\/2025-03-27\/las-imagenes-de-un-mundo-en-crisis-world-press-photo-presenta-los-42-ganadores-de-2025-por-regiones-mundiales.html<\/a><\/p>\n\n\n\n<p><\/p>\n","protected":false},"excerpt":{"rendered":"<p>Una instant\u00e1nea del fotoperiodista colombiano Federico R\u00edos publicada en \u2018El Pa\u00eds Semanal\u2019 es premiada en la categor\u00eda de proyectos a [&hellip;]<\/p>\n","protected":false},"author":1,"featured_media":96704,"comment_status":"open","ping_status":"open","sticky":false,"template":"","format":"standard","meta":{"site-sidebar-layout":"default","site-content-layout":"","ast-site-content-layout":"default","site-content-style":"default","site-sidebar-style":"default","ast-global-header-display":"","ast-banner-title-visibility":"","ast-main-header-display":"","ast-hfb-above-header-display":"","ast-hfb-below-header-display":"","ast-hfb-mobile-header-display":"","site-post-title":"","ast-breadcrumbs-content":"","ast-featured-img":"","footer-sml-layout":"","theme-transparent-header-meta":"","adv-header-id-meta":"","stick-header-meta":"","header-above-stick-meta":"","header-main-stick-meta":"","header-below-stick-meta":"","astra-migrate-meta-layouts":"default","ast-page-background-enabled":"default","ast-page-background-meta":{"desktop":{"background-color":"var(--ast-global-color-4)","background-image":"","background-repeat":"repeat","background-position":"center center","background-size":"auto","background-attachment":"scroll","background-type":"","background-media":"","overlay-type":"","overlay-color":"","overlay-opacity":"","overlay-gradient":""},"tablet":{"background-color":"","background-image":"","background-repeat":"repeat","background-position":"center center","background-size":"auto","background-attachment":"scroll","background-type":"","background-media":"","overlay-type":"","overlay-color":"","overlay-opacity":"","overlay-gradient":""},"mobile":{"background-color":"","background-image":"","background-repeat":"repeat","background-position":"center center","background-size":"auto","background-attachment":"scroll","background-type":"","background-media":"","overlay-type":"","overlay-color":"","overlay-opacity":"","overlay-gradient":""}},"ast-content-background-meta":{"desktop":{"background-color":"var(--ast-global-color-5)","background-image":"","background-repeat":"repeat","background-position":"center center","background-size":"auto","background-attachment":"scroll","background-type":"","background-media":"","overlay-type":"","overlay-color":"","overlay-opacity":"","overlay-gradient":""},"tablet":{"background-color":"var(--ast-global-color-5)","background-image":"","background-repeat":"repeat","background-position":"center center","background-size":"auto","background-attachment":"scroll","background-type":"","background-media":"","overlay-type":"","overlay-color":"","overlay-opacity":"","overlay-gradient":""},"mobile":{"background-color":"var(--ast-global-color-5)","background-image":"","background-repeat":"repeat","background-position":"center center","background-size":"auto","background-attachment":"scroll","background-type":"","background-media":"","overlay-type":"","overlay-color":"","overlay-opacity":"","overlay-gradient":""}},"footnotes":""},"categories":[8],"tags":[36918],"class_list":["post-96703","post","type-post","status-publish","format-standard","has-post-thumbnail","hentry","category-noticias","tag-world-press-photo-2025"],"_links":{"self":[{"href":"https:\/\/losperiodistas.com.mx\/portal\/wp-json\/wp\/v2\/posts\/96703","targetHints":{"allow":["GET"]}}],"collection":[{"href":"https:\/\/losperiodistas.com.mx\/portal\/wp-json\/wp\/v2\/posts"}],"about":[{"href":"https:\/\/losperiodistas.com.mx\/portal\/wp-json\/wp\/v2\/types\/post"}],"author":[{"embeddable":true,"href":"https:\/\/losperiodistas.com.mx\/portal\/wp-json\/wp\/v2\/users\/1"}],"replies":[{"embeddable":true,"href":"https:\/\/losperiodistas.com.mx\/portal\/wp-json\/wp\/v2\/comments?post=96703"}],"version-history":[{"count":1,"href":"https:\/\/losperiodistas.com.mx\/portal\/wp-json\/wp\/v2\/posts\/96703\/revisions"}],"predecessor-version":[{"id":96709,"href":"https:\/\/losperiodistas.com.mx\/portal\/wp-json\/wp\/v2\/posts\/96703\/revisions\/96709"}],"wp:featuredmedia":[{"embeddable":true,"href":"https:\/\/losperiodistas.com.mx\/portal\/wp-json\/wp\/v2\/media\/96704"}],"wp:attachment":[{"href":"https:\/\/losperiodistas.com.mx\/portal\/wp-json\/wp\/v2\/media?parent=96703"}],"wp:term":[{"taxonomy":"category","embeddable":true,"href":"https:\/\/losperiodistas.com.mx\/portal\/wp-json\/wp\/v2\/categories?post=96703"},{"taxonomy":"post_tag","embeddable":true,"href":"https:\/\/losperiodistas.com.mx\/portal\/wp-json\/wp\/v2\/tags?post=96703"}],"curies":[{"name":"wp","href":"https:\/\/api.w.org\/{rel}","templated":true}]}}