{"id":967,"date":"2020-11-07T12:03:51","date_gmt":"2020-11-07T18:03:51","guid":{"rendered":"http:\/\/losperiodistas.com.mx\/portal\/?p=967"},"modified":"2020-11-07T12:03:51","modified_gmt":"2020-11-07T18:03:51","slug":"joe-biden-un-catolico-al-que-la-fe-le-ha-ayudado-a-seguir-adelante-de-sus-dramas-familiares","status":"publish","type":"post","link":"https:\/\/losperiodistas.com.mx\/portal\/joe-biden-un-catolico-al-que-la-fe-le-ha-ayudado-a-seguir-adelante-de-sus-dramas-familiares\/","title":{"rendered":"Joe Biden: un cat\u00f3lico al que la fe le ha ayudado a seguir adelante de sus dramas familiares"},"content":{"rendered":"\n<p><em>El pr\u00f3ximo inquilino de la Casa Blanca cit\u00f3 al Papa Francisco durante la campa\u00f1a norteamericana con esta profunda reflexi\u00f3n<\/em><\/p>\n\n\n\n<p class=\"has-vivid-cyan-blue-color has-text-color has-medium-font-size\">CADENA COPE<\/p>\n\n\n\n<p><a href=\"https:\/\/www.cope.es\/actualidad\/elecciones\/elecciones-eeuu\/noticias\/joe-biden-gana-las-elecciones-estados-unidos-tras-asegurarse-victoria-pensilvania-20201107_986126\">El candidato dem\u00f3crata, Joe Biden, se impone a Donald Trump en los comicios norteamericanos y se convierte en el presidente n\u00famero 46 de EEUU<\/a>.&nbsp;<strong>El pr\u00f3ximo inquilino de la Casa Blanca ha logrado el triunfo en estados clave como Pensilvania.<\/strong>&nbsp;A sus 78 a\u00f1os, ser\u00e1 el presidente de m\u00e1s edad de la historia de Am\u00e9rica.<\/p>\n\n\n\n<p>El exvicepresidente y \u00abamigo\u00bb de<a href=\"https:\/\/www.cope.es\/actualidad\/elecciones\/elecciones-eeuu\/noticias\/biden-20201107_979354\">&nbsp;Barack Obama<\/a>&nbsp;(2009-2017) recurri\u00f3 a su experiencia y moderaci\u00f3n para presentarse como el candidato dem\u00f3crata ideal para enfrentarse al populismo de Trump,<strong>&nbsp;en unas elecciones condicionadas por la crisis y la pandemia de la&nbsp;<a href=\"https:\/\/www.cope.es\/actualidad\/sociedad\/noticias\/prestigioso-epidemiologo-vaticina-fecha-que-recuperaremos-vieja-normalidad-estoy-seguro-20201107_986129\">covid-19<\/a><\/strong><a href=\"https:\/\/www.cope.es\/actualidad\/sociedad\/noticias\/prestigioso-epidemiologo-vaticina-fecha-que-recuperaremos-vieja-normalidad-estoy-seguro-20201107_986129\">.&nbsp;<\/a>Despu\u00e9s de que su campa\u00f1a se diera pr\u00e1cticamente por muerta en las primarias de su partido, Biden resurgi\u00f3 de las cenizas y arras\u00f3 en el llamado \u00absupermartes\u00bb en los estados del sur, con los que ahora cuenta para arrebatar la presidencia a Trump.<\/p>\n\n\n\n<h2 class=\"wp-block-heading\"><strong>Un cat\u00f3lico practicante al frente de EEUU<\/strong><\/h2>\n\n\n\n<p>Biden, con frecuencia, ha hecho referencia al gran consuelo que le ha brindado su fe cat\u00f3lica para superar las tragedias que han marcado su vida:<strong>&nbsp;la muerte de su esposa e hija, y luego la muerte de otro hijo. Adem\u00e1s, una cirug\u00eda lo tuvo casi al borde de la muerte.<\/strong><\/p>\n\n\n\n<p>Hay muchas factores que unen al pr\u00f3ximo presidente norteamericano con la Santa Sede, que van desde temas como acoger a los inmigrantes y a los refugiados.<\/p>\n\n\n\n<p>Son m\u00e1s de 51 millones los que profesan la religi\u00f3n cat\u00f3lica en Estados Unidos, por lo que la conquista de este colectivo ha sido clave durante las elecciones americanas.<strong>&nbsp;\u201cVemos que el voto cat\u00f3lico en todos los \u00e1mbitos es un electorado fundamental para esta campa\u00f1a\u201d,&nbsp;<\/strong>dijo Josh Dickson, director de asuntos de la fe de la campa\u00f1a de Biden. El candidato dem\u00f3crata se encomend\u00f3 a Dios antes de arrancar las elecciones.&nbsp;<strong>Adem\u00e1s, una persona del entorno de Biden asegur\u00f3 que siempre lleva consigo un rosario.<\/strong><\/p>\n\n\n\n<figure class=\"wp-block-image\"><img decoding=\"async\" src=\"https:\/\/cope-cdnmed.agilecontent.com\/resources\/jpg\/5\/6\/1604685066565.jpg\" alt=\"ctv-crk-papa-y-biden\" title=\"ctv-crk-papa-y-biden\"\/><\/figure>\n\n\n\n<h2 class=\"wp-block-heading\"><strong>Joe Biden y el Papa Francisco<\/strong><\/h2>\n\n\n\n<p><strong>Biden mantuvo encuentros con<a href=\"http:\/\/www.vatican.va\/content\/benedict-xvi\/es.html\" target=\"_blank\" rel=\"noreferrer noopener\">&nbsp;Benedicto XVI&nbsp;<\/a>para abordar la situaci\u00f3n en Oriente Medio y asisti\u00f3 a la inauguraci\u00f3n del papado de Francisco, en 2013<\/strong>. Tres a\u00f1os m\u00e1s tarde, asisti\u00f3 de nuevo al Vaticano para ofrecer una conferencia sobre medicina regenerativa. Puede que una parte del electorado cat\u00f3lico simpatice con ideas de Biden sobre la justicia y el medio ambiente, pues coinciden con aspectos de la Doctrina Social de la Iglesia.<\/p>\n\n\n\n<p>Adem\u00e1s, el pr\u00f3ximo inquilino de la Casa Blanca cit\u00f3 al&nbsp;<a href=\"https:\/\/twitter.com\/Pontifex_es?ref_src=twsrc%5Egoogle%7Ctwcamp%5Eserp%7Ctwgr%5Eauthor\" target=\"_blank\" rel=\"noreferrer noopener\">Papa Francisco<\/a>&nbsp;durante el debate final de la campa\u00f1a presidencial en la Universidad de Belmont en Nashville, Tennessee.<\/p>\n\n\n\n<p><strong>\u201cA veces, al pensar en el futuro, hacemos bien en preguntarnos: \u00bfPor qu\u00e9 estoy haciendo esto?, \u00bfcu\u00e1l es mi objetivo real?\u201d,\u00a0<\/strong>se preguntabaBiden, haciendo referencia a las palabras escritas por el Papa en la enc\u00edclica. \u201cEl Papa Francisco ha hecho preguntas que cualquier persona que busque liderar esta gran naci\u00f3n deber\u00eda responder\u201d, afirm\u00f3.<\/p>\n\n\n\n<p>Fuente: https:\/\/www.cope.es\/religion\/hoy-en-dia\/iglesia-universal\/noticias\/joe-biden-catolico-que-ayudado-seguir-adelante-sus-dramas-familiares-20201107_985478<\/p>\n","protected":false},"excerpt":{"rendered":"<p>El pr\u00f3ximo inquilino de la Casa Blanca cit\u00f3 al Papa Francisco durante la campa\u00f1a norteamericana con esta profunda reflexi\u00f3n CADENA [&hellip;]<\/p>\n","protected":false},"author":1,"featured_media":968,"comment_status":"open","ping_status":"open","sticky":false,"template":"","format":"standard","meta":{"site-sidebar-layout":"default","site-content-layout":"","ast-site-content-layout":"default","site-content-style":"default","site-sidebar-style":"default","ast-global-header-display":"","ast-banner-title-visibility":"","ast-main-header-display":"","ast-hfb-above-header-display":"","ast-hfb-below-header-display":"","ast-hfb-mobile-header-display":"","site-post-title":"","ast-breadcrumbs-content":"","ast-featured-img":"","footer-sml-layout":"","theme-transparent-header-meta":"","adv-header-id-meta":"","stick-header-meta":"","header-above-stick-meta":"","header-main-stick-meta":"","header-below-stick-meta":"","astra-migrate-meta-layouts":"default","ast-page-background-enabled":"default","ast-page-background-meta":{"desktop":{"background-color":"var(--ast-global-color-4)","background-image":"","background-repeat":"repeat","background-position":"center center","background-size":"auto","background-attachment":"scroll","background-type":"","background-media":"","overlay-type":"","overlay-color":"","overlay-opacity":"","overlay-gradient":""},"tablet":{"background-color":"","background-image":"","background-repeat":"repeat","background-position":"center center","background-size":"auto","background-attachment":"scroll","background-type":"","background-media":"","overlay-type":"","overlay-color":"","overlay-opacity":"","overlay-gradient":""},"mobile":{"background-color":"","background-image":"","background-repeat":"repeat","background-position":"center center","background-size":"auto","background-attachment":"scroll","background-type":"","background-media":"","overlay-type":"","overlay-color":"","overlay-opacity":"","overlay-gradient":""}},"ast-content-background-meta":{"desktop":{"background-color":"var(--ast-global-color-5)","background-image":"","background-repeat":"repeat","background-position":"center center","background-size":"auto","background-attachment":"scroll","background-type":"","background-media":"","overlay-type":"","overlay-color":"","overlay-opacity":"","overlay-gradient":""},"tablet":{"background-color":"var(--ast-global-color-5)","background-image":"","background-repeat":"repeat","background-position":"center center","background-size":"auto","background-attachment":"scroll","background-type":"","background-media":"","overlay-type":"","overlay-color":"","overlay-opacity":"","overlay-gradient":""},"mobile":{"background-color":"var(--ast-global-color-5)","background-image":"","background-repeat":"repeat","background-position":"center center","background-size":"auto","background-attachment":"scroll","background-type":"","background-media":"","overlay-type":"","overlay-color":"","overlay-opacity":"","overlay-gradient":""}},"footnotes":""},"categories":[8],"tags":[],"class_list":["post-967","post","type-post","status-publish","format-standard","has-post-thumbnail","hentry","category-noticias"],"_links":{"self":[{"href":"https:\/\/losperiodistas.com.mx\/portal\/wp-json\/wp\/v2\/posts\/967","targetHints":{"allow":["GET"]}}],"collection":[{"href":"https:\/\/losperiodistas.com.mx\/portal\/wp-json\/wp\/v2\/posts"}],"about":[{"href":"https:\/\/losperiodistas.com.mx\/portal\/wp-json\/wp\/v2\/types\/post"}],"author":[{"embeddable":true,"href":"https:\/\/losperiodistas.com.mx\/portal\/wp-json\/wp\/v2\/users\/1"}],"replies":[{"embeddable":true,"href":"https:\/\/losperiodistas.com.mx\/portal\/wp-json\/wp\/v2\/comments?post=967"}],"version-history":[{"count":1,"href":"https:\/\/losperiodistas.com.mx\/portal\/wp-json\/wp\/v2\/posts\/967\/revisions"}],"predecessor-version":[{"id":969,"href":"https:\/\/losperiodistas.com.mx\/portal\/wp-json\/wp\/v2\/posts\/967\/revisions\/969"}],"wp:featuredmedia":[{"embeddable":true,"href":"https:\/\/losperiodistas.com.mx\/portal\/wp-json\/wp\/v2\/media\/968"}],"wp:attachment":[{"href":"https:\/\/losperiodistas.com.mx\/portal\/wp-json\/wp\/v2\/media?parent=967"}],"wp:term":[{"taxonomy":"category","embeddable":true,"href":"https:\/\/losperiodistas.com.mx\/portal\/wp-json\/wp\/v2\/categories?post=967"},{"taxonomy":"post_tag","embeddable":true,"href":"https:\/\/losperiodistas.com.mx\/portal\/wp-json\/wp\/v2\/tags?post=967"}],"curies":[{"name":"wp","href":"https:\/\/api.w.org\/{rel}","templated":true}]}}