{"id":96697,"date":"2025-03-27T07:58:20","date_gmt":"2025-03-27T13:58:20","guid":{"rendered":"https:\/\/losperiodistas.com.mx\/portal\/?p=96697"},"modified":"2025-03-27T07:58:21","modified_gmt":"2025-03-27T13:58:21","slug":"asia-critica-el-proteccionismo-de-trump-y-promete-una-respuesta-apropiada-a-los-nuevos-aranceles-efe","status":"publish","type":"post","link":"https:\/\/losperiodistas.com.mx\/portal\/asia-critica-el-proteccionismo-de-trump-y-promete-una-respuesta-apropiada-a-los-nuevos-aranceles-efe\/","title":{"rendered":"Asia critica el proteccionismo de Trump y promete una respuesta apropiada a los nuevos aranceles | EFE"},"content":{"rendered":"\n<figure class=\"wp-block-image size-full\"><img fetchpriority=\"high\" decoding=\"async\" width=\"900\" height=\"591\" src=\"https:\/\/losperiodistas.com.mx\/portal\/wp-content\/uploads\/2025\/03\/aranceles-trump-japon.webp\" alt=\"\" class=\"wp-image-96698\" srcset=\"https:\/\/losperiodistas.com.mx\/portal\/wp-content\/uploads\/2025\/03\/aranceles-trump-japon.webp 900w, https:\/\/losperiodistas.com.mx\/portal\/wp-content\/uploads\/2025\/03\/aranceles-trump-japon-300x197.webp 300w, https:\/\/losperiodistas.com.mx\/portal\/wp-content\/uploads\/2025\/03\/aranceles-trump-japon-768x504.webp 768w\" sizes=\"(max-width: 900px) 100vw, 900px\" \/><figcaption class=\"wp-element-caption\">Fotograf\u00eda de archivo de una cadena de montaje de Toyota &#8216;Prius&#8217; en la f\u00e1brica Toyota Tsutsumi en la ciudad de Toyota (Jap\u00f3n). EFE\/Everett Kennedy Brown<\/figcaption><\/figure>\n\n\n\n<p><\/p>\n\n\n\n<p class=\"has-vivid-red-color has-text-color has-link-color has-medium-font-size wp-elements-23db7e95974579b190d8bc7ea9a6cef6\"><strong>Agencia EFE<\/strong><\/p>\n\n\n\n<p>Redacci\u00f3n Asia (EFE).- El nuevo arancel adicional del 25 % anunciado la v\u00edspera por el presidente de EE.UU., Donald Trump, para las importaciones de veh\u00edculos extranjeros ha provocado este jueves reacciones en Asia contra el proteccionismo, as\u00ed como la ca\u00edda en bolsa de grandes fabricantes automovil\u00edsticos, sobre todo de Corea del Sur y Jap\u00f3n, pa\u00edses que han prometido respuestas \u00abapropiadas\u00bb.<\/p>\n\n\n\n<p>El primer ministro japon\u00e9s, Shigeru Ishiba, ha afirmado hoy que responder\u00e1n \u00abapropiadamente\u00bb y \u00abcon todas las opciones disponibles\u00bb a los grav\u00e1menes sobre el motor, que entrar\u00e1n en vigor el 2 de abril.<\/p>\n\n\n\n<figure class=\"wp-block-image\"><img decoding=\"async\" src=\"https:\/\/i0.wp.com\/efe.com\/wp-content\/uploads\/2025\/03\/aranceles-trump-asia-tres.webp?resize=900%2C573&amp;ssl=1\" alt=\"ARANCELES TRUMP ASIA\" class=\"wp-image-1770242\"\/><figcaption class=\"wp-element-caption\">Un empleado trabaja en la cadena de montaje de Nissan cargando bater\u00edas de litio-ion en el chasis de uno de los veh\u00edculos. EFE\/Everett Kennedy Brown<\/figcaption><\/figure>\n\n\n\n<p>\u00abDebemos considerar medidas para responder apropiadamente. Tenemos todas las opciones posibles sobre la mesa\u00bb, ha dicho Ishiba en una sesi\u00f3n en la C\u00e1mara de Consejeros.<\/p>\n\n\n\n<h2 class=\"wp-block-heading\" id=\"h-coste-de-hasta-3-2-billones-de-yenes-a-fabricantes-japoneses\">Coste de hasta 3,2 billones de yenes a fabricantes japoneses<\/h2>\n\n\n\n<p>Los&nbsp;<a href=\"https:\/\/efe.com\/economia\/2025-03-26\/donald-trump-aranceles-automovil\/\">nuevos aranceles<\/a>&nbsp;podr\u00edan costar a los principales fabricantes japoneses hasta 3,2 billones de yenes (unos 19.800 millones de euros).<\/p>\n\n\n\n<figure class=\"wp-block-embed is-type-wp-embed is-provider-efe-noticias wp-block-embed-efe-noticias\"><div class=\"wp-block-embed__wrapper\">\n<blockquote class=\"wp-embedded-content\" data-secret=\"YSYXYPfq6i\"><a href=\"https:\/\/efe.com\/economia\/2025-03-26\/donald-trump-aranceles-automovil\/\">Trump anuncia un arancel del 25 % para los autom\u00f3viles fabricados fuera de EE.UU.<\/a><\/blockquote><iframe class=\"wp-embedded-content\" sandbox=\"allow-scripts\" security=\"restricted\" style=\"position: absolute; visibility: hidden;\" title=\"\u00abTrump anuncia un arancel del 25 % para los autom\u00f3viles fabricados fuera de EE.UU.\u00bb \u2014 EFE Noticias\" src=\"https:\/\/efe.com\/economia\/2025-03-26\/donald-trump-aranceles-automovil\/embed\/#?secret=QuEK9kbbOq#?secret=YSYXYPfq6i\" data-secret=\"YSYXYPfq6i\" width=\"500\" height=\"282\" frameborder=\"0\" marginwidth=\"0\" marginheight=\"0\" scrolling=\"no\"><\/iframe>\n<\/div><\/figure>\n\n\n\n<p>El 28,3 % de todas las exportaciones de Jap\u00f3n a EE.UU. son del sector de la automoci\u00f3n, a las que hay que unir los env\u00edos de componentes para veh\u00edculos, que representan el 5,8 %.<\/p>\n\n\n\n<p>Mazda, que exporta desde Jap\u00f3n la mitad de los veh\u00edculos que vende en EE.UU., unos 220.000, podr\u00eda ser una de las mayores perjudicadas e incurrir en p\u00e9rdidas operativas, seg\u00fan un an\u00e1lisis de la firma Nomura Securities.<\/p>\n\n\n\n<p>Sus acciones cayeron este jueves cerca del 6 %, m\u00e1s que las de los tres mayores fabricantes automovil\u00edsticos japoneses, Toyota, Honda y Nissan, que perdieron un 2,04 %, un 2,47 % y un 1,67 %, respectivamente.<\/p>\n\n\n\n<p>El Nikkei, que agrupa a los 225 t\u00edtulos m\u00e1s representativos del mercado nip\u00f3n, termin\u00f3 la jornada con un retroceso del 0,6 %.<\/p>\n\n\n\n<figure class=\"wp-block-image\"><img decoding=\"async\" src=\"https:\/\/i0.wp.com\/efe.com\/wp-content\/uploads\/2025\/03\/aranceles-trump-asia-dos.webp?resize=900%2C643&amp;ssl=1\" alt=\"ARANCELES TRUMP ASIA\" class=\"wp-image-1770245\"\/><figcaption class=\"wp-element-caption\">Trabajadores de Toyota montan un motor. EFE\/Kimimasa Mayama<\/figcaption><\/figure>\n\n\n\n<p>Por su parte, Hyundai, el mayor fabricante de autom\u00f3viles surcoreano, cay\u00f3 el 4,28 % ante el anuncio de Trump, que se produce pocos d\u00edas despu\u00e9s de que la empresa anunciara una multimillonaria inversi\u00f3n en EE.UU., y su filial Kia Motors perdi\u00f3 un 3,45 %.<br>El principal \u00edndice de la bolsa de Se\u00fal, el Kospi, cay\u00f3 un 1,39 %.<\/p>\n\n\n\n<p>El presidente interino surcoreano, Han Duck-soo, dijo hoy que el Gobierno elaborar\u00e1 una propuesta de estrategia para apoyar a las automovil\u00edsticas en la \u00abguerra comercial\u00bb.<\/p>\n\n\n\n<h2 class=\"wp-block-heading\" id=\"h-china-pide-union-a-asia\">China pide uni\u00f3n a Asia<\/h2>\n\n\n\n<p>Por su parte, China, que celebra esta semana el Foro de Boao, conocido como el \u00abDavos Asi\u00e1tico\u00bb, ha aprovechado para mandar un mensaje a favor del libre comercio y pedir a los pa\u00edses asi\u00e1ticos que \u00abse opongan decididamente al proteccionismo\u00bb.<\/p>\n\n\n\n<p>El llamamiento lo ha hecho el viceprimer ministro, Ding Xuexiang, durante su intervenci\u00f3n en el foro, donde ha afirmado que una \u00ablecci\u00f3n importante es que Asia ha abierto activamente sus puertas y ha tomado la iniciativa de integrarse en el mundo\u00bb.<\/p>\n\n\n\n<p>El portavoz de Exteriores chino, Guo Jiakun, ha asegurado en rueda de prensa que lo que \u00abEstados Unidos ha hecho viola las normas de la Organizaci\u00f3n Mundial de Comercio (OMS)\u00bb.<\/p>\n\n\n\n<h2 class=\"wp-block-heading\" id=\"h-impacto-en-las-bolsas-asiaticas\">Impacto en las bolsas asi\u00e1ticas<\/h2>\n\n\n\n<p>Las principales automovil\u00edsticas chinas que cotizan en Hong Kong no se vieron impactadas: BYD, el mayor vendedor de el\u00e9ctricos del mundo, cerraba con un aumento del 2,79 %, Geely sub\u00eda el 1,38 % y Li Auto un 0,49 %.<\/p>\n\n\n\n<p>El Hang Seng, \u00edndice de referencia del parqu\u00e9 de Hong Kong, subi\u00f3 un 0,41 % al cierre; y el de Shangh\u00e1i gan\u00f3 hoy un 0,15 %.<\/p>\n\n\n\n<p>La anterior administraci\u00f3n estadounidense de Joe Biden (2021-2025) ya impuso aranceles del 100 % a la importaci\u00f3n de veh\u00edculos el\u00e9ctricos procedentes de China.<\/p>\n\n\n\n<p>La intensificaci\u00f3n de la guerra arancelaria est\u00e1 detr\u00e1s del intenso ritmo de visitas de altos cargos y l\u00edderes extranjeros a pa\u00edses asi\u00e1ticos, en busca de alternativas comerciales.<\/p>\n\n\n\n<h2 class=\"wp-block-heading\" id=\"h-viaje-a-china-del-comisario-europeo-de-comercio\">Viaje a China del comisario europeo de Comercio<\/h2>\n\n\n\n<p>El ministro de Exteriores de Francia, Jean-No\u00ebl Barrot, y&nbsp;<a href=\"https:\/\/efe.com\/euro-efe\/2025-03-27\/comisario-comercio-ue-china\/\">el comisario europeo de Comercio<\/a>, Maros Sefcovic, se encuentran este jueves en China, donde tambi\u00e9n estuvo esta semana el jefe de la diplomacia portuguesa, Paulo Rangel, y a donde en abril se desplazar\u00e1 el presidente espa\u00f1ol, Pedro S\u00e1nchez.<\/p>\n\n\n\n<figure class=\"wp-block-embed is-type-wp-embed is-provider-efe-noticias wp-block-embed-efe-noticias\"><div class=\"wp-block-embed__wrapper\">\n<blockquote class=\"wp-embedded-content\" data-secret=\"6QvUuWzTvm\"><a href=\"https:\/\/efe.com\/euro-efe\/2025-03-27\/comisario-comercio-ue-china\/\">El comisario europeo de Comercio llega a China con objetivo de reequilibrar las relaciones<\/a><\/blockquote><iframe class=\"wp-embedded-content\" sandbox=\"allow-scripts\" security=\"restricted\" style=\"position: absolute; visibility: hidden;\" title=\"\u00abEl comisario europeo de Comercio llega a China con objetivo de reequilibrar las relaciones\u00bb \u2014 EFE Noticias\" src=\"https:\/\/efe.com\/euro-efe\/2025-03-27\/comisario-comercio-ue-china\/embed\/#?secret=LYgfAEC3VA#?secret=6QvUuWzTvm\" data-secret=\"6QvUuWzTvm\" width=\"500\" height=\"282\" frameborder=\"0\" marginwidth=\"0\" marginheight=\"0\" scrolling=\"no\"><\/iframe>\n<\/div><\/figure>\n\n\n\n<p>S\u00e1nchez tambi\u00e9n viajar\u00e1 a Vietnam, que hoy recibe al presidente brasile\u00f1o, Luiz In\u00e1cio Lula da Silva, procedente de Jap\u00f3n, donde hoy dijo que Trump \u00abno es el sheriff del mundo\u00bb y manifest\u00f3 su preocupaci\u00f3n por el perjuicio al \u00ablibre comercio\u00bb.<\/p>\n\n\n\n<p>Fuente: <a href=\"https:\/\/efe.com\/economia\/2025-03-27\/asia-critica-proteccionismo-trump-promete-respuesta-apropiada-nuevos-aranceles\/\">https:\/\/efe.com\/economia\/2025-03-27\/asia-critica-proteccionismo-trump-promete-respuesta-apropiada-nuevos-aranceles\/<\/a><\/p>\n","protected":false},"excerpt":{"rendered":"<p>Agencia EFE Redacci\u00f3n Asia (EFE).- El nuevo arancel adicional del 25 % anunciado la v\u00edspera por el presidente de EE.UU., [&hellip;]<\/p>\n","protected":false},"author":1,"featured_media":96698,"comment_status":"open","ping_status":"open","sticky":false,"template":"","format":"standard","meta":{"site-sidebar-layout":"default","site-content-layout":"","ast-site-content-layout":"default","site-content-style":"default","site-sidebar-style":"default","ast-global-header-display":"","ast-banner-title-visibility":"","ast-main-header-display":"","ast-hfb-above-header-display":"","ast-hfb-below-header-display":"","ast-hfb-mobile-header-display":"","site-post-title":"","ast-breadcrumbs-content":"","ast-featured-img":"","footer-sml-layout":"","theme-transparent-header-meta":"","adv-header-id-meta":"","stick-header-meta":"","header-above-stick-meta":"","header-main-stick-meta":"","header-below-stick-meta":"","astra-migrate-meta-layouts":"default","ast-page-background-enabled":"default","ast-page-background-meta":{"desktop":{"background-color":"var(--ast-global-color-4)","background-image":"","background-repeat":"repeat","background-position":"center center","background-size":"auto","background-attachment":"scroll","background-type":"","background-media":"","overlay-type":"","overlay-color":"","overlay-opacity":"","overlay-gradient":""},"tablet":{"background-color":"","background-image":"","background-repeat":"repeat","background-position":"center center","background-size":"auto","background-attachment":"scroll","background-type":"","background-media":"","overlay-type":"","overlay-color":"","overlay-opacity":"","overlay-gradient":""},"mobile":{"background-color":"","background-image":"","background-repeat":"repeat","background-position":"center center","background-size":"auto","background-attachment":"scroll","background-type":"","background-media":"","overlay-type":"","overlay-color":"","overlay-opacity":"","overlay-gradient":""}},"ast-content-background-meta":{"desktop":{"background-color":"var(--ast-global-color-5)","background-image":"","background-repeat":"repeat","background-position":"center center","background-size":"auto","background-attachment":"scroll","background-type":"","background-media":"","overlay-type":"","overlay-color":"","overlay-opacity":"","overlay-gradient":""},"tablet":{"background-color":"var(--ast-global-color-5)","background-image":"","background-repeat":"repeat","background-position":"center center","background-size":"auto","background-attachment":"scroll","background-type":"","background-media":"","overlay-type":"","overlay-color":"","overlay-opacity":"","overlay-gradient":""},"mobile":{"background-color":"var(--ast-global-color-5)","background-image":"","background-repeat":"repeat","background-position":"center center","background-size":"auto","background-attachment":"scroll","background-type":"","background-media":"","overlay-type":"","overlay-color":"","overlay-opacity":"","overlay-gradient":""}},"footnotes":""},"categories":[8],"tags":[36915,36917,7599,36916],"class_list":["post-96697","post","type-post","status-publish","format-standard","has-post-thumbnail","hentry","category-noticias","tag-asia-arabceles","tag-caida-bolsas-corea-del-sur-y-japon","tag-industria-automotriz","tag-proteccionismo-trump"],"_links":{"self":[{"href":"https:\/\/losperiodistas.com.mx\/portal\/wp-json\/wp\/v2\/posts\/96697","targetHints":{"allow":["GET"]}}],"collection":[{"href":"https:\/\/losperiodistas.com.mx\/portal\/wp-json\/wp\/v2\/posts"}],"about":[{"href":"https:\/\/losperiodistas.com.mx\/portal\/wp-json\/wp\/v2\/types\/post"}],"author":[{"embeddable":true,"href":"https:\/\/losperiodistas.com.mx\/portal\/wp-json\/wp\/v2\/users\/1"}],"replies":[{"embeddable":true,"href":"https:\/\/losperiodistas.com.mx\/portal\/wp-json\/wp\/v2\/comments?post=96697"}],"version-history":[{"count":1,"href":"https:\/\/losperiodistas.com.mx\/portal\/wp-json\/wp\/v2\/posts\/96697\/revisions"}],"predecessor-version":[{"id":96699,"href":"https:\/\/losperiodistas.com.mx\/portal\/wp-json\/wp\/v2\/posts\/96697\/revisions\/96699"}],"wp:featuredmedia":[{"embeddable":true,"href":"https:\/\/losperiodistas.com.mx\/portal\/wp-json\/wp\/v2\/media\/96698"}],"wp:attachment":[{"href":"https:\/\/losperiodistas.com.mx\/portal\/wp-json\/wp\/v2\/media?parent=96697"}],"wp:term":[{"taxonomy":"category","embeddable":true,"href":"https:\/\/losperiodistas.com.mx\/portal\/wp-json\/wp\/v2\/categories?post=96697"},{"taxonomy":"post_tag","embeddable":true,"href":"https:\/\/losperiodistas.com.mx\/portal\/wp-json\/wp\/v2\/tags?post=96697"}],"curies":[{"name":"wp","href":"https:\/\/api.w.org\/{rel}","templated":true}]}}