{"id":96682,"date":"2025-03-27T06:58:01","date_gmt":"2025-03-27T12:58:01","guid":{"rendered":"https:\/\/losperiodistas.com.mx\/portal\/?p=96682"},"modified":"2025-03-27T07:41:39","modified_gmt":"2025-03-27T13:41:39","slug":"academicos-exigen-mayor-democratizacion-en-la-buap","status":"publish","type":"post","link":"https:\/\/losperiodistas.com.mx\/portal\/academicos-exigen-mayor-democratizacion-en-la-buap\/","title":{"rendered":"Acad\u00e9micos exigen mayor democratizaci\u00f3n en la BUAP"},"content":{"rendered":"\n<p class=\"has-medium-font-size\">Blanca Cordero y Germ\u00e1n S\u00e1nchez piden la no intervenci\u00f3n del gobierno o pol\u00edticos en el di\u00e1logo por el paro estudiantil<\/p>\n\n\n\n<figure class=\"wp-block-image size-full\"><img fetchpriority=\"high\" decoding=\"async\" width=\"640\" height=\"426\" src=\"https:\/\/losperiodistas.com.mx\/portal\/wp-content\/uploads\/2025\/03\/academicos_exigen_mayor_democratizacion_en_la_buap_2-1.webp\" alt=\"\" class=\"wp-image-96683\" srcset=\"https:\/\/losperiodistas.com.mx\/portal\/wp-content\/uploads\/2025\/03\/academicos_exigen_mayor_democratizacion_en_la_buap_2-1.webp 640w, https:\/\/losperiodistas.com.mx\/portal\/wp-content\/uploads\/2025\/03\/academicos_exigen_mayor_democratizacion_en_la_buap_2-1-300x200.webp 300w\" sizes=\"(max-width: 640px) 100vw, 640px\" \/><figcaption class=\"wp-element-caption\">Cortes\u00eda<\/figcaption><\/figure>\n\n\n\n<p><\/p>\n\n\n\n<p class=\"has-vivid-red-color has-text-color has-link-color has-medium-font-size wp-elements-1c3186cbd1127c890afc5f1cb395dc23\"><strong>Por Carlos Moreno \/ e-consulta<\/strong><\/p>\n\n\n\n<p>Los problemas que causaron el paro en la\u00a0<strong>Benem\u00e9rita Universidad Aut\u00f3noma de Puebla (BUAP)<\/strong>\u00a0deben ser resueltos por la\u00a0<strong>comunidad universitaria<\/strong>, estudiantes, docentes, directivos e investigadores con una discusi\u00f3n respetuosa con la\u00a0<strong>rectora<\/strong>\u00a0<strong>Lilia Cedillo Ram\u00edrez<\/strong>.<\/p>\n\n\n\n<p>As\u00ed lo se\u00f1alaron&nbsp;<strong>Blanca Cordero D\u00edaz<\/strong>, profesora e investigadora del Instituto de Ciencias Sociales y Humanidades Alfonso V\u00e9lez Pliego, y&nbsp;<strong>Germ\u00e1n S\u00e1nchez Daza<\/strong>, acad\u00e9mico de la&nbsp;<a href=\"https:\/\/www.e-consulta.com\/nota\/2025-03-25\/educacion\/licenciatura-en-contaduria-buap-en-el-top-ten-de-mejores-planes-de-estudio\" target=\"_blank\" rel=\"noreferrer noopener\">Facultad de Econom\u00eda<\/a>, Germ\u00e1n S\u00e1nchez Daza, quienes abogaron por la&nbsp;<strong>no intervenci\u00f3n del gobierno<\/strong>&nbsp;o grupos pol\u00edticos.<\/p>\n\n\n\n<p>Durante el&nbsp;<strong>programa&nbsp;<\/strong><a href=\"https:\/\/www.youtube.com\/watch?v=X_2IWDPlpzA\" target=\"_blank\" rel=\"noreferrer noopener\">Cuchara Cuchillo Tenedor<\/a>&nbsp;ambos&nbsp;<strong>acad\u00e9micos de la BUAP<\/strong>&nbsp;se\u00f1alaron que la M\u00e1xima Casa de Estudios poblana debe trabajar por un consejo universitario que represente a la&nbsp;<strong>comunidad estudiantil<\/strong>.<\/p>\n\n\n\n<figure class=\"wp-block-embed is-type-video is-provider-youtube wp-block-embed-youtube wp-embed-aspect-16-9 wp-has-aspect-ratio\"><div class=\"wp-block-embed__wrapper\">\n<iframe title=\"En la BUAP la falta de di\u00e1logo desencaden\u00f3 los paros estudiantiles\" width=\"500\" height=\"281\" src=\"https:\/\/www.youtube.com\/embed\/blZkY5Z0r74?feature=oembed\" frameborder=\"0\" allow=\"accelerometer; autoplay; clipboard-write; encrypted-media; gyroscope; picture-in-picture; web-share\" referrerpolicy=\"strict-origin-when-cross-origin\" allowfullscreen><\/iframe>\n<\/div><\/figure>\n\n\n\n<p><\/p>\n\n\n\n<p>Aseveraron que hay&nbsp;<strong>fallas en los procesos&nbsp;<\/strong>para elegir a los&nbsp;<strong>representantes de unidad<\/strong>&nbsp;y al&nbsp;<strong>consejo universitario<\/strong>, pues ha habido elecciones a modo, que no representan la comunidad estudiantil, adem\u00e1s de que las convocatorias son publicadas 15 minutos antes de que cierre el proceso. De hacerse de esta manera, advirtieron que los&nbsp;<strong>estudiantes no confiar\u00e1n<\/strong>&nbsp;en los \u00f3rganos.<\/p>\n\n\n\n<p>Indicaron tambi\u00e9n que el paro se debe a que en 2020 quedaron pendientes los se\u00f1alamientos de&nbsp;<strong>acoso, violencia e inseguridad<\/strong>, as\u00ed como la desconexi\u00f3n que existe con los&nbsp;<strong>intereses de los estudiantes<\/strong>&nbsp;y la efectividad de los&nbsp;<strong>\u00f3rganos universitarios<\/strong>, indicaron S\u00e1nchez Daza y Cordero D\u00edaz.<\/p>\n\n\n\n<figure class=\"wp-block-embed is-type-video is-provider-youtube wp-block-embed-youtube wp-embed-aspect-16-9 wp-has-aspect-ratio\"><div class=\"wp-block-embed__wrapper\">\n<iframe title=\"Neoliberal y gerencial, lo que el exceso de administrativos dice de la BUAP: Blanca Cordero\" width=\"500\" height=\"281\" src=\"https:\/\/www.youtube.com\/embed\/IaL7tsJNaSQ?feature=oembed\" frameborder=\"0\" allow=\"accelerometer; autoplay; clipboard-write; encrypted-media; gyroscope; picture-in-picture; web-share\" referrerpolicy=\"strict-origin-when-cross-origin\" allowfullscreen><\/iframe>\n<\/div><\/figure>\n\n\n\n<p>Otro de los problemas que han presenciado&nbsp;<strong>Germ\u00e1n S\u00e1nchez y Blanca Cordero<\/strong>&nbsp;es que&nbsp;<strong>hay m\u00e1s personal administrativo que docentes<\/strong>&nbsp;en la n\u00f3mina, cuando deber\u00edan contar con&nbsp;<strong>m\u00e1s acad\u00e9micos e investigadores<\/strong>&nbsp;para cubrir la demanda de&nbsp;<a href=\"https:\/\/www.e-consulta.com\/nota\/2025-03-26\/educacion\/paristas-buap-intercambian-acceso-cu-por-suspension-total-de-clases\" target=\"_blank\" rel=\"noreferrer noopener\">130 mil estudiantes<\/a>.<\/p>\n\n\n\n<p>Te puede interesar:<\/p>\n\n\n\n<p><a href=\"https:\/\/www.e-consulta.com\/nota\/2025-03-26\/educacion\/paro-buap-electronica-y-cultura-fisica-entregan-instalaciones\">Paro BUAP: Electr\u00f3nica y Cultura F\u00edsica entregan instalaciones<\/a><\/p>\n\n\n\n<p>\u201cSon&nbsp;<strong>3 mil 200 administrativos<\/strong>&nbsp;contra&nbsp;<strong>mil 984 docentes<\/strong>&nbsp;a tiempo completo, un poco m\u00e1s que el doble, pero esto te habla de las prioridades en la&nbsp;<strong>estructura universitaria<\/strong>\u201d, mencion\u00f3 S\u00e1nchez Daza.<\/p>\n\n\n\n<figure class=\"wp-block-image\"><img decoding=\"async\" src=\"https:\/\/www.e-consulta.com\/_next\/image?url=https%3A%2F%2Ffotos.e-consulta.com%2Fsite_uploads%2F2025%2Fenero%2Facademicos_exigen_mayor_democratizacion_en_la_buap_1.jpg&amp;w=3840&amp;q=75\" alt=\"Acad\u00e9micos exigen mayor democratizaci\u00f3n en la BUAP\"\/><\/figure>\n\n\n\n<h2 class=\"wp-block-heading\"><strong>Fallos en los procesos democr\u00e1ticos<\/strong><\/h2>\n\n\n\n<p>El integrante del&nbsp;<strong>Centro de Estudios de Desarrollo Econ\u00f3mico y Social<\/strong>&nbsp;de la BUAP enfatiz\u00f3 que la universidad necesita de una reforma que transforme la manera en que opera la&nbsp;<strong>democracia en la instituci\u00f3n<\/strong>&nbsp;para elegir a sus consejeros.<\/p>\n\n\n\n<p>Los candidatos que forman parte de las&nbsp;<strong>planillas a consejeros<\/strong>&nbsp;son&nbsp;<strong>elegidos a modo<\/strong>, enfatiz\u00f3 Blanca Cordero.<\/p>\n\n\n\n<p>\u201cHay que&nbsp;<strong>democratizar a la universidad<\/strong>&nbsp;porque ha generado pol\u00edticas de&nbsp;<strong>control y cooptaci\u00f3n de estudiantes y profesores<\/strong>&nbsp;para desactivar resistencias y garantizar lealtades mediante beneficios\u201d, refiri\u00f3 la doctora en Antropolog\u00eda Blanca Cordero.<\/p>\n\n\n\n<p>El hecho de que una&nbsp;<a href=\"https:\/\/www.e-consulta.com\/nota\/2025-03-24\/educacion\/mas-de-4-mil-alumnos-de-la-buap-regresan-clases-presenciales\" target=\"_blank\" rel=\"noreferrer noopener\">universidad<\/a>&nbsp;tenga&nbsp;<strong>pr\u00e1cticas antidemocr\u00e1ticas<\/strong>&nbsp;impide que se pueda conocer a fondo c\u00f3mo se gastan los&nbsp;<strong>recursos p\u00fablicos<\/strong>, ya que la BUAP recibe un&nbsp;<strong>ingreso de 10 millones de pesos al a\u00f1o<\/strong>, asegur\u00f3 el docente de Econom\u00eda.<\/p>\n\n\n\n<figure class=\"wp-block-embed is-type-video is-provider-youtube wp-block-embed-youtube wp-embed-aspect-16-9 wp-has-aspect-ratio\"><div class=\"wp-block-embed__wrapper\">\n<iframe title=\"As\u00ed funciona la aristocracia de la BUAP, de Doger a Cedillo: Germ\u00e1n S\u00e1nchez Daza\" width=\"500\" height=\"281\" src=\"https:\/\/www.youtube.com\/embed\/TY4FIfilnJ0?feature=oembed\" frameborder=\"0\" allow=\"accelerometer; autoplay; clipboard-write; encrypted-media; gyroscope; picture-in-picture; web-share\" referrerpolicy=\"strict-origin-when-cross-origin\" allowfullscreen><\/iframe>\n<\/div><\/figure>\n\n\n\n<p>Para que el problema termine debe&nbsp;<strong>reformarse la manera en que se elige al rector<\/strong>, luego a los consejeros universitarios y a los dem\u00e1s representantes, indicaron los&nbsp;<strong>acad\u00e9micos de la BUAP<\/strong>.<\/p>\n\n\n\n<p>Tambi\u00e9n se deben atender las&nbsp;<strong>denuncias de los universitarios<\/strong>, quienes piden que&nbsp;<strong>se frene el acoso<\/strong>&nbsp;por parte de los&nbsp;<strong>docentes<\/strong>&nbsp;que exceden su autoridad en las aulas o los que s\u00f3lo llegan a leer l\u00e1minas en sus clases, afirmaron los acad\u00e9micos.<\/p>\n\n\n\n<p>\u201cEs terrible que los maestros lleguen a leer l\u00e1minas porque esto te dice que&nbsp;<strong>no hay una pedagog\u00eda<\/strong>&nbsp;o un conocimiento por parte del docente\u201d, coment\u00f3 Gerardo S\u00e1nchez.<\/p>\n\n\n\n<p>Otras de las&nbsp;<a href=\"https:\/\/www.e-consulta.com\/nota\/2025-03-14\/educacion\/dos-facultades-de-cu-levantan-paro-estudiantes-chocan-y-rectora-se-retira\" target=\"_blank\" rel=\"noreferrer noopener\">peticiones de los estudiantes<\/a>&nbsp;es que no cuentan con espacios suficientes para acudir a&nbsp;<strong>hacer sus tareas en la instituci\u00f3n<\/strong>, a pesar de que la universidad tiene espacios como los&nbsp;<strong>Edificios Multi Aulas (EMA)<\/strong>.<\/p>\n\n\n\n<p>\u201cEn pliegos petitorios denuncian el&nbsp;<strong>mal funcionamiento de los edificios EMA<\/strong>&nbsp;porque no son f\u00e1ciles de acceder para los estudiantes si es que quieren realizar un&nbsp;<strong>trabajo extracurricular<\/strong>&nbsp;y les dicen \u2018si no tienes clase no se te presta el aula\u2019\u201d; indicaron los docentes.<\/p>\n\n\n\n<p>Para que el paro termine, la&nbsp;<strong>rectora Lilia Cedillo<\/strong>&nbsp;debe ser sensible al problema y las exigencias de la&nbsp;<a href=\"https:\/\/www.e-consulta.com\/nota\/2025-03-25\/educacion\/convocatoria-buap-2025-en-riesgo-por-paro-afectarian-90-mil-aspirantes\" target=\"_blank\" rel=\"noreferrer noopener\">comunidad acad\u00e9mica<\/a>, ya que el asunto no se trata sobre la rectora sino los fallos democr\u00e1ticos. (MCJ)<\/p>\n\n\n\n<figure class=\"wp-block-image\"><img decoding=\"async\" src=\"https:\/\/www.e-consulta.com\/_next\/image?url=https%3A%2F%2Ffotos.e-consulta.com%2Fsite_uploads%2F2025%2Fenero%2Facademicos_exigen_mayor_democratizacion_en_la_buap_3.jpg&amp;w=3840&amp;q=75\" alt=\"Acad\u00e9micos exigen mayor democratizaci\u00f3n en la BUAP\"\/><\/figure>\n\n\n\n<p><\/p>\n\n\n\n<p>Fuente: <a href=\"https:\/\/www.e-consulta.com\/nota\/2025-03-26\/educacion\/academicos-exigen-mayor-democratizacion-en-la-buap\">https:\/\/www.e-consulta.com\/nota\/2025-03-26\/educacion\/academicos-exigen-mayor-democratizacion-en-la-buap<\/a><\/p>\n","protected":false},"excerpt":{"rendered":"<p>Blanca Cordero y Germ\u00e1n S\u00e1nchez piden la no intervenci\u00f3n del gobierno o pol\u00edticos en el di\u00e1logo por el paro estudiantil [&hellip;]<\/p>\n","protected":false},"author":1,"featured_media":96690,"comment_status":"open","ping_status":"open","sticky":false,"template":"","format":"standard","meta":{"site-sidebar-layout":"default","site-content-layout":"","ast-site-content-layout":"default","site-content-style":"default","site-sidebar-style":"default","ast-global-header-display":"","ast-banner-title-visibility":"","ast-main-header-display":"","ast-hfb-above-header-display":"","ast-hfb-below-header-display":"","ast-hfb-mobile-header-display":"","site-post-title":"","ast-breadcrumbs-content":"","ast-featured-img":"","footer-sml-layout":"","theme-transparent-header-meta":"","adv-header-id-meta":"","stick-header-meta":"","header-above-stick-meta":"","header-main-stick-meta":"","header-below-stick-meta":"","astra-migrate-meta-layouts":"default","ast-page-background-enabled":"default","ast-page-background-meta":{"desktop":{"background-color":"var(--ast-global-color-4)","background-image":"","background-repeat":"repeat","background-position":"center center","background-size":"auto","background-attachment":"scroll","background-type":"","background-media":"","overlay-type":"","overlay-color":"","overlay-opacity":"","overlay-gradient":""},"tablet":{"background-color":"","background-image":"","background-repeat":"repeat","background-position":"center center","background-size":"auto","background-attachment":"scroll","background-type":"","background-media":"","overlay-type":"","overlay-color":"","overlay-opacity":"","overlay-gradient":""},"mobile":{"background-color":"","background-image":"","background-repeat":"repeat","background-position":"center center","background-size":"auto","background-attachment":"scroll","background-type":"","background-media":"","overlay-type":"","overlay-color":"","overlay-opacity":"","overlay-gradient":""}},"ast-content-background-meta":{"desktop":{"background-color":"var(--ast-global-color-5)","background-image":"","background-repeat":"repeat","background-position":"center center","background-size":"auto","background-attachment":"scroll","background-type":"","background-media":"","overlay-type":"","overlay-color":"","overlay-opacity":"","overlay-gradient":""},"tablet":{"background-color":"var(--ast-global-color-5)","background-image":"","background-repeat":"repeat","background-position":"center center","background-size":"auto","background-attachment":"scroll","background-type":"","background-media":"","overlay-type":"","overlay-color":"","overlay-opacity":"","overlay-gradient":""},"mobile":{"background-color":"var(--ast-global-color-5)","background-image":"","background-repeat":"repeat","background-position":"center center","background-size":"auto","background-attachment":"scroll","background-type":"","background-media":"","overlay-type":"","overlay-color":"","overlay-opacity":"","overlay-gradient":""}},"footnotes":""},"categories":[8],"tags":[36907,2376,36905,36903,36904,36908,36902,36906],"class_list":["post-96682","post","type-post","status-publish","format-standard","has-post-thumbnail","hentry","category-noticias","tag-blanca-cordero-diaz","tag-buap","tag-democratizar-buap","tag-dialogo-buap","tag-dra-lilia-cedillo","tag-german-sanchez-daza","tag-paros-estudiantiles","tag-pliegos-petitorios-estudiantes-buap"],"_links":{"self":[{"href":"https:\/\/losperiodistas.com.mx\/portal\/wp-json\/wp\/v2\/posts\/96682","targetHints":{"allow":["GET"]}}],"collection":[{"href":"https:\/\/losperiodistas.com.mx\/portal\/wp-json\/wp\/v2\/posts"}],"about":[{"href":"https:\/\/losperiodistas.com.mx\/portal\/wp-json\/wp\/v2\/types\/post"}],"author":[{"embeddable":true,"href":"https:\/\/losperiodistas.com.mx\/portal\/wp-json\/wp\/v2\/users\/1"}],"replies":[{"embeddable":true,"href":"https:\/\/losperiodistas.com.mx\/portal\/wp-json\/wp\/v2\/comments?post=96682"}],"version-history":[{"count":1,"href":"https:\/\/losperiodistas.com.mx\/portal\/wp-json\/wp\/v2\/posts\/96682\/revisions"}],"predecessor-version":[{"id":96684,"href":"https:\/\/losperiodistas.com.mx\/portal\/wp-json\/wp\/v2\/posts\/96682\/revisions\/96684"}],"wp:featuredmedia":[{"embeddable":true,"href":"https:\/\/losperiodistas.com.mx\/portal\/wp-json\/wp\/v2\/media\/96690"}],"wp:attachment":[{"href":"https:\/\/losperiodistas.com.mx\/portal\/wp-json\/wp\/v2\/media?parent=96682"}],"wp:term":[{"taxonomy":"category","embeddable":true,"href":"https:\/\/losperiodistas.com.mx\/portal\/wp-json\/wp\/v2\/categories?post=96682"},{"taxonomy":"post_tag","embeddable":true,"href":"https:\/\/losperiodistas.com.mx\/portal\/wp-json\/wp\/v2\/tags?post=96682"}],"curies":[{"name":"wp","href":"https:\/\/api.w.org\/{rel}","templated":true}]}}