{"id":96668,"date":"2025-03-26T09:21:14","date_gmt":"2025-03-26T15:21:14","guid":{"rendered":"https:\/\/losperiodistas.com.mx\/portal\/?p=96668"},"modified":"2025-03-26T09:21:16","modified_gmt":"2025-03-26T15:21:16","slug":"siempre-apoyaremos-a-las-mujeres-pero-con-pruebas-suficientes-sheinbaum-sobre-desafuero-del-cuau-el-financiero","status":"publish","type":"post","link":"https:\/\/losperiodistas.com.mx\/portal\/siempre-apoyaremos-a-las-mujeres-pero-con-pruebas-suficientes-sheinbaum-sobre-desafuero-del-cuau-el-financiero\/","title":{"rendered":"\u2018Siempre apoyaremos a las mujeres, pero con pruebas suficientes\u2019: Sheinbaum sobre desafuero del \u2018Cuau\u2019 | El Financiero"},"content":{"rendered":"\n<h2 class=\"wp-block-heading\">Estos son los temas m\u00e1s importantes de la conferencia matutina de la presidenta Sheinbaum.<\/h2>\n\n\n\n<figure class=\"wp-block-image size-large\"><img fetchpriority=\"high\" decoding=\"async\" width=\"1024\" height=\"576\" src=\"https:\/\/losperiodistas.com.mx\/portal\/wp-content\/uploads\/2025\/03\/5LRRJGEQIBCWPMGPN62G5NKAS4-1024x576.jpeg\" alt=\"\" class=\"wp-image-96669\" srcset=\"https:\/\/losperiodistas.com.mx\/portal\/wp-content\/uploads\/2025\/03\/5LRRJGEQIBCWPMGPN62G5NKAS4-1024x576.jpeg 1024w, https:\/\/losperiodistas.com.mx\/portal\/wp-content\/uploads\/2025\/03\/5LRRJGEQIBCWPMGPN62G5NKAS4-300x169.jpeg 300w, https:\/\/losperiodistas.com.mx\/portal\/wp-content\/uploads\/2025\/03\/5LRRJGEQIBCWPMGPN62G5NKAS4-768x432.jpeg 768w, https:\/\/losperiodistas.com.mx\/portal\/wp-content\/uploads\/2025\/03\/5LRRJGEQIBCWPMGPN62G5NKAS4.jpeg 1200w\" sizes=\"(max-width: 1024px) 100vw, 1024px\" \/><figcaption class=\"wp-element-caption\">Claudia Sheinbaum, presidenta de M\u00e9xico, encabez\u00f3 la conferencia \u201cMa\u00f1anera\u00bb de este mi\u00e9rcoles.\u00a0(Galo Ca\u00f1as Rodr\u00edguez)<\/figcaption><\/figure>\n\n\n\n<p><\/p>\n\n\n\n<p class=\"has-vivid-red-color has-text-color has-link-color has-medium-font-size wp-elements-3602f9e358963aba7754162d9e4dec47\"><strong>Redacci\u00f3n El Financiero<\/strong><\/p>\n\n\n\n<p>La&nbsp;<strong>presidenta&nbsp;<\/strong><a href=\"https:\/\/www.elfinanciero.com.mx\/nacional\/2025\/03\/25\/claudia-sheinbaum-mananera-temas-hoy-25-de-marzo-de-2025-en-vivo\/\" target=\"_blank\" rel=\"noreferrer noopener\">Claudia Sheinbaum encabeza su conferencia \u2018ma\u00f1anera\u2019<\/a>&nbsp;de este mi\u00e9rcoles 26 de marzo de 2025 desde Palacio Nacional, donde se presenta la secci\u00f3n \u2018Detector de mentiras\u2019. Tambi\u00e9n est\u00e1n los secretarios de Educaci\u00f3n, Mario Delgado, y de Infraestructura, Comunicaciones y Transportes, Jes\u00fas Esteva.<\/p>\n\n\n\n<h2 class=\"wp-block-heading\">\u00bfQu\u00e9 dijo Sheinbaum sobre decisi\u00f3n de los diputados por desafuero de Cuauht\u00e9moc Blanco?<\/h2>\n\n\n\n<p>Al ser cuestionada sobre la decisi\u00f3n de la C\u00e1mara de Diputados que \u2018desech\u00f3&#8217; el desafuero contra Cuauht\u00e9moc Blanco, la presidenta dijo que no conoce a detalle la carpeta de investigaci\u00f3n y, adem\u00e1s, fue una decisi\u00f3n del Congreso.<\/p>\n\n\n\n<p>\u201cSiempre vamos a apoyar a las mujeres, pero tiene que haber pruebas suficientes para un caso como este\u201d, agreg\u00f3 la mandataria.<\/p>\n\n\n\n<p>Sheinbaum tambi\u00e9n record\u00f3 que la denuncia y solicitud de desafuero fue presentada por la Fiscal\u00eda de Morelos, encabezada por Uriel Carmona, quien hab\u00eda sido se\u00f1alado por \u201cocultar feminicidios\u201d y por casos de corrupci\u00f3n.<\/p>\n\n\n\n<p><a href=\"https:\/\/www.elfinanciero.com.mx\/nacional\/2025\/03\/25\/claudia-sheinbaum-explica-visita-de-kristi-noem-a-palacio-nacional\/\"><\/a><\/p>\n\n\n\n<figure class=\"wp-block-image\"><a href=\"https:\/\/www.elfinanciero.com.mx\/nacional\/2025\/03\/25\/claudia-sheinbaum-explica-visita-de-kristi-noem-a-palacio-nacional\/\"><img decoding=\"async\" src=\"https:\/\/www.elfinanciero.com.mx\/resizer\/v2\/UD5ZFTFH5VGUPJDMPDZHHWDGFI.jpg?smart=true&amp;auth=7d94c07612198e5a200d97ca6b8d8d4d1ac6af244c5bbc8be0bed7cd59f7081a&amp;width=200&amp;height=112\" alt=\"\u2018No es que le vayamos a dar un informe\u2019: Sheinbaum explica por qu\u00e9 recibir\u00e1 a Kristi Noem\"\/><\/a><\/figure>\n\n\n\n<p><a href=\"https:\/\/www.elfinanciero.com.mx\/nacional\/2025\/03\/25\/claudia-sheinbaum-explica-visita-de-kristi-noem-a-palacio-nacional\/\"><\/a><a href=\"https:\/\/www.elfinanciero.com.mx\/nacional\/2025\/03\/25\/claudia-sheinbaum-explica-visita-de-kristi-noem-a-palacio-nacional\/\">\u2018No es que le vayamos a dar un informe\u2019: Sheinbaum explica por qu\u00e9 recibir\u00e1 a Kristi Noem<\/a><\/p>\n\n\n\n<hr class=\"wp-block-separator has-alpha-channel-opacity\"\/>\n\n\n\n<p>Luego de que se destac\u00f3 la votaci\u00f3n de diputados del PRI junto con los de Morena, la mandataria rechaz\u00f3 que haya una alianza con el partido tricolor.<\/p>\n\n\n\n<h2 class=\"wp-block-heading\">\u00bfQu\u00e9 dijo Sheinbaum sobre reconocimiento de Ron Johnson acerca de la seguridad en la frontera?<\/h2>\n\n\n\n<p>La presidenta Sheinbaum destac\u00f3 el reconocimiento que hizo&nbsp;<a href=\"https:\/\/www.elfinanciero.com.mx\/mundo\/2025\/03\/13\/ron-johnson-nominado-de-trump-a-embajador-en-mexico-sugiere-intervenir-militarmente-contra-carteles\/\" target=\"_blank\" rel=\"noreferrer noopener\">Ron Johnson<\/a>, pr\u00f3ximo embajador de Estados Unidos en M\u00e9xico, quien asegur\u00f3 que se ha intensificado la seguridad en la frontera.<\/p>\n\n\n\n<p>\u201c<strong>Estados Unidos lo ve, ve el trabajo en seguridad,&nbsp;<\/strong>lo ve el embajador, que todav\u00eda no llega a M\u00e9xico y que ayer se reuni\u00f3 con el presidente Trump y que estar\u00e1 llegando pronto a nuestro pa\u00eds\u201d, agreg\u00f3.<\/p>\n\n\n\n<p>Durante una reuni\u00f3n con Donald Trump en la Casa Blanca, Johnson dijo estar \u201cmuy alentado\u201d por las conversaciones que Trump ha tenido con la presidenta Sheinbaum, y por el \u201capoyo\u201d que Estados Unidos ha recibido de M\u00e9xico en materia fronteriza.<\/p>\n\n\n\n<p><a href=\"https:\/\/www.elfinanciero.com.mx\/nacional\/2025\/03\/24\/sheinbaum-se-reunira-con-kristi-noem-secretaria-de-seguridad-nacional-de-trump-que-caza-a-migrantes\/\"><\/a><\/p>\n\n\n\n<figure class=\"wp-block-image\"><a href=\"https:\/\/www.elfinanciero.com.mx\/nacional\/2025\/03\/24\/sheinbaum-se-reunira-con-kristi-noem-secretaria-de-seguridad-nacional-de-trump-que-caza-a-migrantes\/\"><img decoding=\"async\" src=\"https:\/\/www.elfinanciero.com.mx\/resizer\/v2\/TIL3ZGT2YFB33EFKBNC4UP5QPU.jpeg?smart=true&amp;auth=c7d0d5dda2cb7305ec4c7ed4871b8ce1cf4219311a943469dff44dff40fbec6e&amp;width=200&amp;height=112\" alt=\"Sheinbaum se reunir\u00e1 con Kristi Noem, secretaria de Seguridad Nacional de Trump que \u2018caza\u2019 a migrantes\"\/><\/a><\/figure>\n\n\n\n<p><a href=\"https:\/\/www.elfinanciero.com.mx\/nacional\/2025\/03\/24\/sheinbaum-se-reunira-con-kristi-noem-secretaria-de-seguridad-nacional-de-trump-que-caza-a-migrantes\/\"><\/a><a href=\"https:\/\/www.elfinanciero.com.mx\/nacional\/2025\/03\/24\/sheinbaum-se-reunira-con-kristi-noem-secretaria-de-seguridad-nacional-de-trump-que-caza-a-migrantes\/\">Sheinbaum se reunir\u00e1 con Kristi Noem, secretaria de Seguridad Nacional de Trump que \u2018caza\u2019 a migrantes<\/a><\/p>\n\n\n\n<hr class=\"wp-block-separator has-alpha-channel-opacity\"\/>\n\n\n\n<p>\u201c<a href=\"https:\/\/www.elfinanciero.com.mx\/mundo\/2025\/03\/25\/les-pone-estrellita-trump-reconoce-que-mexico-y-canada-han-mejorado-tras-amenaza-de-aranceles\/\" target=\"_blank\" rel=\"noreferrer noopener\">M\u00e9xico y Canad\u00e1 han mejorado mucho<\/a>.&nbsp;<strong>Veremos c\u00f3mo funciona<\/strong>\u201d, agreg\u00f3 Donald Trump tras el encuentro.<\/p>\n\n\n\n<h2 class=\"wp-block-heading\">Sheinbaum reprueba arancel de Trump a pa\u00edses que compren petr\u00f3leo venezolano<\/h2>\n\n\n\n<p>La presidenta Sheinbaum rechaz\u00f3 el&nbsp;<a href=\"https:\/\/www.elfinanciero.com.mx\/mundo\/2025\/03\/24\/trump-anuncia-arancel-de-25-por-ciento-a-paises-que-compren-petroleo-a-venezuela\/\" target=\"_blank\" rel=\"noreferrer noopener\">nuevo arancel anunciado por Donald Trump sobre los pa\u00edses que le compren petr\u00f3leo a Venezuela<\/a>.<\/p>\n\n\n\n<p>\u201c<strong>No estamos de acuerdo con las sanciones econ\u00f3micas a los pa\u00edses<\/strong>&nbsp;porque afecta a los pueblos, para eso siempre est\u00e1 la pol\u00edtica, para llegar a acuerdos\u201d, agreg\u00f3 la mandataria.<\/p>\n\n\n\n<p>Al ser cuestionada sobre el plan que tiene M\u00e9xico ante esta sanci\u00f3n, Sheinbaum explic\u00f3 que se tiene una pol\u00edtica para el petr\u00f3leo que es consumir todo el petr\u00f3leo que se produce en el pa\u00eds.<\/p>\n\n\n\n<p><a href=\"https:\/\/www.elfinanciero.com.mx\/mundo\/2025\/03\/26\/trump-pega-a-venezuela-refineria-de-india-suspende-compra-de-petroleo-venezolano-por-arancel-del-25\/\" target=\"_blank\" rel=\"noreferrer noopener\">Trump anunci\u00f3 aranceles de 25 por ciento<\/a>&nbsp;a&nbsp;<strong>pa\u00edses que compren petr\u00f3leo venezolano<\/strong>&nbsp;como \u2018castigo\u2019 por Tren de Aragua. Este gravamen comenzar\u00eda a partir del 2 de abril.<\/p>\n\n\n\n<h2 class=\"wp-block-heading\">\u00bfCu\u00e1ndo se enviar\u00e1n al Congreso las leyes para atender la desaparici\u00f3n de personas?<\/h2>\n\n\n\n<p>Claudia Sheinbaum adelant\u00f3 que ser\u00e1 el jueves 27 de marzo cuando la consejera Jur\u00eddica de la Presidencia, Ernestina Godoy, env\u00ede al Congreso las iniciativas de reforma para atender la desaparici\u00f3n de personas en M\u00e9xico.<\/p>\n\n\n\n<p>Las&nbsp;<strong>modificaciones<\/strong>&nbsp;incluyen la creaci\u00f3n de la Plataforma \u00danica de Identidad y se incorpora la&nbsp;<a href=\"https:\/\/www.elfinanciero.com.mx\/estados\/2024\/11\/21\/curp-biometrico-2025-donde-y-como-se-tramita\/\">CURP<\/a>&nbsp;como mecanismo de identidad oficial con fotograf\u00eda y huellas dactilares.<\/p>\n\n\n\n<p>Tambi\u00e9n se establecer\u00e1n obligaciones y sanciones a servidores p\u00fablicos para quienes no cumplan con la generaci\u00f3n, actualizaci\u00f3n y compartici\u00f3n de informaci\u00f3n.<\/p>\n\n\n\n<p>Otras de las obligaciones ser\u00e1n&nbsp;<strong>alimentar y actualizar el Banco Nacional de Datos Forenses&nbsp;<\/strong>a cargo de la FGR, por lo que se obliga a las fiscal\u00edas estatales a fortalecer sus capacidades para tareas de b\u00fasqueda.<\/p>\n\n\n\n<h2 class=\"wp-block-heading\"><\/h2>\n\n\n\n<h2 class=\"wp-block-heading\">Sheinbaum reconvertir\u00e1 secundarias a prepas: As\u00ed ser\u00e1 el proceso para abrir espacios de bachillerato<\/h2>\n\n\n\n<p>La presidenta Sheinbaum explic\u00f3 que uno de los planes para ofrecer m\u00e1s espacios de preparatoria para los estudiantes es reutilizar los espacios de las secundarias p\u00fablicas, es decir, las que no tienen turnos vespertinos, durante la tarde se convertir\u00e1n en sedes para estudiar el bachillerato.<\/p>\n\n\n\n<p>En total,&nbsp;<strong>se acondicionar\u00e1n 35 planteles en 17 estados&nbsp;<\/strong>que ser\u00e1n reconvertidos de secundarias matutinas a bachilleratos vespertinos. Estos son los lugares donde habr\u00e1 nuevos planteles:<\/p>\n\n\n\n<ul class=\"wp-block-list\">\n<li>2 planteles en Jalisco.<\/li>\n\n\n\n<li>2 planteles en Sinaloa.<\/li>\n\n\n\n<li>2 planteles en Yucat\u00e1n.<\/li>\n\n\n\n<li>1 plantel en San Luis.<\/li>\n\n\n\n<li>2 planteles en Michoac\u00e1n.<\/li>\n\n\n\n<li>1 plantel en Baja California.<\/li>\n\n\n\n<li>1 plantel en Chiapas.<\/li>\n\n\n\n<li>1 plantel en Durango.<\/li>\n\n\n\n<li>4 planteles en Guanajuato.<\/li>\n\n\n\n<li>2 planteles en Chihuahua.<\/li>\n\n\n\n<li>2 planteles en Coahuila.<\/li>\n\n\n\n<li>1 plantel en Sonora.<\/li>\n\n\n\n<li>1 plantel en Tamaulipas.<\/li>\n\n\n\n<li>1 plantel en Zacatecas.<\/li>\n\n\n\n<li>1 plantel en Nayarit.<\/li>\n\n\n\n<li>10 planteles en Edomex.<\/li>\n\n\n\n<li>1 plantel en Morelos.<\/li>\n<\/ul>\n\n\n\n<h2 class=\"wp-block-heading\">Sheinbaum quiere que estudies la prepa: \u00bfD\u00f3nde construir\u00e1n nuevas escuelas?<\/h2>\n\n\n\n<p>Jes\u00fas Esteva, titular de la Secretar\u00eda de Comunicaciones y Transportes, anunci\u00f3 la construcci\u00f3n de&nbsp;<strong>nuevas preparatorias&nbsp;<\/strong>en al menos 12 estados y 18 municipios, entre ellos est\u00e1n los siguientes:<\/p>\n\n\n\n<p><\/p>\n\n\n\n<ul class=\"wp-block-list\">\n<li>Baja California.<\/li>\n\n\n\n<li>Chihuahua.<\/li>\n\n\n\n<li>Guanajuato.<\/li>\n\n\n\n<li>Jalisco.<\/li>\n\n\n\n<li>Estado de M\u00e9xico-6 planteles.<\/li>\n\n\n\n<li>Nuevo Le\u00f3n-2 planteles.<\/li>\n\n\n\n<li>Oaxaca.<\/li>\n\n\n\n<li>Puebla.<\/li>\n\n\n\n<li>Quer\u00e9taro.<\/li>\n\n\n\n<li>Quintana Roo.<\/li>\n\n\n\n<li>Yucat\u00e1n.<\/li>\n<\/ul>\n\n\n\n<p>Fuente: <a href=\"https:\/\/www.elfinanciero.com.mx\/nacional\/2025\/03\/26\/claudia-sheinbaum-mananera-temas-hoy-26-de-marzo-de-2025-en-vivo\/\">https:\/\/www.elfinanciero.com.mx\/nacional\/2025\/03\/26\/claudia-sheinbaum-mananera-temas-hoy-26-de-marzo-de-2025-en-vivo\/<\/a><\/p>\n","protected":false},"excerpt":{"rendered":"<p>Estos son los temas m\u00e1s importantes de la conferencia matutina de la presidenta Sheinbaum. Redacci\u00f3n El Financiero La&nbsp;presidenta&nbsp;Claudia Sheinbaum encabeza [&hellip;]<\/p>\n","protected":false},"author":1,"featured_media":96669,"comment_status":"open","ping_status":"open","sticky":false,"template":"","format":"standard","meta":{"site-sidebar-layout":"default","site-content-layout":"","ast-site-content-layout":"default","site-content-style":"default","site-sidebar-style":"default","ast-global-header-display":"","ast-banner-title-visibility":"","ast-main-header-display":"","ast-hfb-above-header-display":"","ast-hfb-below-header-display":"","ast-hfb-mobile-header-display":"","site-post-title":"","ast-breadcrumbs-content":"","ast-featured-img":"","footer-sml-layout":"","theme-transparent-header-meta":"","adv-header-id-meta":"","stick-header-meta":"","header-above-stick-meta":"","header-main-stick-meta":"","header-below-stick-meta":"","astra-migrate-meta-layouts":"default","ast-page-background-enabled":"default","ast-page-background-meta":{"desktop":{"background-color":"var(--ast-global-color-4)","background-image":"","background-repeat":"repeat","background-position":"center center","background-size":"auto","background-attachment":"scroll","background-type":"","background-media":"","overlay-type":"","overlay-color":"","overlay-opacity":"","overlay-gradient":""},"tablet":{"background-color":"","background-image":"","background-repeat":"repeat","background-position":"center center","background-size":"auto","background-attachment":"scroll","background-type":"","background-media":"","overlay-type":"","overlay-color":"","overlay-opacity":"","overlay-gradient":""},"mobile":{"background-color":"","background-image":"","background-repeat":"repeat","background-position":"center center","background-size":"auto","background-attachment":"scroll","background-type":"","background-media":"","overlay-type":"","overlay-color":"","overlay-opacity":"","overlay-gradient":""}},"ast-content-background-meta":{"desktop":{"background-color":"var(--ast-global-color-5)","background-image":"","background-repeat":"repeat","background-position":"center center","background-size":"auto","background-attachment":"scroll","background-type":"","background-media":"","overlay-type":"","overlay-color":"","overlay-opacity":"","overlay-gradient":""},"tablet":{"background-color":"var(--ast-global-color-5)","background-image":"","background-repeat":"repeat","background-position":"center center","background-size":"auto","background-attachment":"scroll","background-type":"","background-media":"","overlay-type":"","overlay-color":"","overlay-opacity":"","overlay-gradient":""},"mobile":{"background-color":"var(--ast-global-color-5)","background-image":"","background-repeat":"repeat","background-position":"center center","background-size":"auto","background-attachment":"scroll","background-type":"","background-media":"","overlay-type":"","overlay-color":"","overlay-opacity":"","overlay-gradient":""}},"footnotes":""},"categories":[8],"tags":[36897,36896,12777,36898,16903],"class_list":["post-96668","post","type-post","status-publish","format-standard","has-post-thumbnail","hentry","category-noticias","tag-apoyo-a-mujeres","tag-cuau-blanco","tag-desafuero","tag-pruebas-acoso-sexual","tag-sheinbaum"],"_links":{"self":[{"href":"https:\/\/losperiodistas.com.mx\/portal\/wp-json\/wp\/v2\/posts\/96668","targetHints":{"allow":["GET"]}}],"collection":[{"href":"https:\/\/losperiodistas.com.mx\/portal\/wp-json\/wp\/v2\/posts"}],"about":[{"href":"https:\/\/losperiodistas.com.mx\/portal\/wp-json\/wp\/v2\/types\/post"}],"author":[{"embeddable":true,"href":"https:\/\/losperiodistas.com.mx\/portal\/wp-json\/wp\/v2\/users\/1"}],"replies":[{"embeddable":true,"href":"https:\/\/losperiodistas.com.mx\/portal\/wp-json\/wp\/v2\/comments?post=96668"}],"version-history":[{"count":1,"href":"https:\/\/losperiodistas.com.mx\/portal\/wp-json\/wp\/v2\/posts\/96668\/revisions"}],"predecessor-version":[{"id":96670,"href":"https:\/\/losperiodistas.com.mx\/portal\/wp-json\/wp\/v2\/posts\/96668\/revisions\/96670"}],"wp:featuredmedia":[{"embeddable":true,"href":"https:\/\/losperiodistas.com.mx\/portal\/wp-json\/wp\/v2\/media\/96669"}],"wp:attachment":[{"href":"https:\/\/losperiodistas.com.mx\/portal\/wp-json\/wp\/v2\/media?parent=96668"}],"wp:term":[{"taxonomy":"category","embeddable":true,"href":"https:\/\/losperiodistas.com.mx\/portal\/wp-json\/wp\/v2\/categories?post=96668"},{"taxonomy":"post_tag","embeddable":true,"href":"https:\/\/losperiodistas.com.mx\/portal\/wp-json\/wp\/v2\/tags?post=96668"}],"curies":[{"name":"wp","href":"https:\/\/api.w.org\/{rel}","templated":true}]}}