{"id":96653,"date":"2025-03-26T06:53:05","date_gmt":"2025-03-26T12:53:05","guid":{"rendered":"https:\/\/losperiodistas.com.mx\/portal\/?p=96653"},"modified":"2025-03-26T06:53:07","modified_gmt":"2025-03-26T12:53:07","slug":"dia-de-conciencia-sobre-la-epilepsia-o-dia-purpura-did","status":"publish","type":"post","link":"https:\/\/losperiodistas.com.mx\/portal\/dia-de-conciencia-sobre-la-epilepsia-o-dia-purpura-did\/","title":{"rendered":"D\u00eda de Conciencia sobre la Epilepsia o D\u00eda P\u00farpura | DID"},"content":{"rendered":"\n<figure class=\"wp-block-image aligncenter size-full is-resized\"><img fetchpriority=\"high\" decoding=\"async\" width=\"305\" height=\"203\" src=\"https:\/\/losperiodistas.com.mx\/portal\/wp-content\/uploads\/2025\/03\/03-26_dia-purpura-epilepsia.jpg\" alt=\"\" class=\"wp-image-96654\" style=\"width:575px;height:auto\" srcset=\"https:\/\/losperiodistas.com.mx\/portal\/wp-content\/uploads\/2025\/03\/03-26_dia-purpura-epilepsia.jpg 305w, https:\/\/losperiodistas.com.mx\/portal\/wp-content\/uploads\/2025\/03\/03-26_dia-purpura-epilepsia-300x200.jpg 300w\" sizes=\"(max-width: 305px) 100vw, 305px\" \/><\/figure>\n\n\n\n<p class=\"has-vivid-red-color has-text-color has-link-color has-medium-font-size wp-elements-3aa118b0468398fc8c867f42a873ef01\"><strong>REDACCI\u00d3N D\u00cdA INTERNACIONAL DE<\/strong><\/p>\n\n\n\n<p>El 26 de marzo se celebra el&nbsp;<strong>D\u00eda de Conciencia sobre la Epilepsia o D\u00eda P\u00farpura<\/strong>, con la finalidad de concienciar a la poblaci\u00f3n mundial acerca de la epilepsia, as\u00ed como visibilizar los derechos de las personas que la padecen.<\/p>\n\n\n\n<h2 class=\"wp-block-heading\" id=\"resTit_1\">Origen de este d\u00eda sobre la epilepsia<\/h2>\n\n\n\n<p>La creaci\u00f3n del&nbsp;<strong>D\u00eda de Conciencia sobre la Epilepsia o D\u00eda P\u00farpura<\/strong>&nbsp;en el a\u00f1o 2008 ha sido gracias a la iniciativa de&nbsp;<em><strong>Cassidy Megan<\/strong><\/em>, motivada por su propia lucha contra la epilepsia.Es un acto de bondad, para apoyar a las personas con epilepsia y derrumbar los mitos en torno a esta enfermedad.<\/p>\n\n\n\n<p>El&nbsp;<strong>D\u00eda P\u00farpura o Purple Day<\/strong>&nbsp;cuenta con el apoyo de diversas organizaciones a nivel mundial para promover acciones de concientizaci\u00f3n sobre la epilepsia, tales como la&nbsp;<strong>Asociaci\u00f3n de Epilepsia de The Maritimes<\/strong>&nbsp;y&nbsp;<strong>The Anita Kaufmann Foundation<\/strong>. Asimismo, participan escuelas, empresas y personalidades de todo el mundo.<\/p>\n\n\n\n<p><\/p>\n\n\n\n<h2 class=\"wp-block-heading\" id=\"resTit_2\">La Epilepsia: una enfermedad del sistema nervioso<\/h2>\n\n\n\n<p>La&nbsp;<strong>epilepsia&nbsp;<\/strong>es un trastorno neurol\u00f3gico generado por la actividad el\u00e9ctrica anormal en la corteza cerebral, ocasionando convulsiones moderadas o fuertes y p\u00e9rdida del conocimiento.Las posibles causas de la epilepsia son: una lesi\u00f3n en la cabeza, accidentes cerebrovasculares, tumores, infecciones, envenenamiento y lesiones maternas.<\/p>\n\n\n\n<p>Actualmente, no existe una cura para la epilepsia. Sin embargo, se puede controlar con medicamentos, intervenci\u00f3n quir\u00fargica y otras opciones de tratamiento.Esta enfermedad afecta a unas 65 millones de personas en todo el mundo. Las personas que la padecen suelen ser v\u00edctimas de estigmas y rechazos.<\/p>\n\n\n\n<h2 class=\"wp-block-heading\" id=\"resTit_3\">\u00bfC\u00f3mo se celebra el d\u00eda p\u00farpura?<\/h2>\n\n\n\n<p>En la celebraci\u00f3n del&nbsp;<strong>D\u00eda de Conciencia sobre la Epilepsia o D\u00eda P\u00farpura<\/strong>&nbsp;se llevan a cabo diversos eventos y actividades, tales como charlas, conferencias y seminarios web sobre este trastorno. Est\u00e1n dirigidos a profesionales de la salud y p\u00fablico en general.<\/p>\n\n\n\n<p>Asimismo, se divulgan videos educativos en colegios y universidades, para educar a las personas sobre las convulsiones y la epilepsia.<\/p>\n\n\n\n<p>Por otra parte, se iluminan de color p\u00farpura diversos monumentos y edificios emblem\u00e1ticos, sum\u00e1ndose a esta campa\u00f1a internacional por la epilepsia.<\/p>\n\n\n\n<p>La Asociaci\u00f3n de Epilepsia promueve la campa\u00f1a&nbsp;<em><strong>Purple Your Year<\/strong><\/em>, mediante la organizaci\u00f3n de eventos para recaudar fondos en escuelas, sector privado y comunidades.<\/p>\n\n\n\n<p>Puedes sumarte a la celebraci\u00f3n de este d\u00eda, usando una prenda de vestir de color morado y mostrar tu apoyo.<\/p>\n\n\n\n<p>Comparte informaci\u00f3n \u00fatil e interesante sobre el\u00a0<strong>D\u00eda de Conciencia sobre la Epilepsia o D\u00eda P\u00farpura\u00a0<\/strong>en las redes sociales. Utiliza los hashtags\u00a0<em><strong>#purpleday #purpleday2025 #diapurpura #WorldEpilepsyDay #epilepsia<\/strong><\/em><\/p>\n\n\n\n<p><img decoding=\"async\" src=\"https:\/\/www.diainternacionalde.com\/imagenes\/equipo-humano\/patricia-lopez-redactora-jefa.jpg\">Patricia L\u00f3pez. Periodista.<a href=\"https:\/\/twitter.com\/plcasalengua\" target=\"_blank\" rel=\"noreferrer noopener\">plcasalengua<\/a><\/p>\n\n\n\n<p>Fuente: <a href=\"https:\/\/www.diainternacionalde.com\/ficha\/dia-purpura-epilepsia\">https:\/\/www.diainternacionalde.com\/ficha\/dia-purpura-epilepsia<\/a><\/p>\n","protected":false},"excerpt":{"rendered":"<p>REDACCI\u00d3N D\u00cdA INTERNACIONAL DE El 26 de marzo se celebra el&nbsp;D\u00eda de Conciencia sobre la Epilepsia o D\u00eda P\u00farpura, con [&hellip;]<\/p>\n","protected":false},"author":1,"featured_media":96654,"comment_status":"open","ping_status":"open","sticky":false,"template":"","format":"standard","meta":{"site-sidebar-layout":"default","site-content-layout":"","ast-site-content-layout":"default","site-content-style":"default","site-sidebar-style":"default","ast-global-header-display":"","ast-banner-title-visibility":"","ast-main-header-display":"","ast-hfb-above-header-display":"","ast-hfb-below-header-display":"","ast-hfb-mobile-header-display":"","site-post-title":"","ast-breadcrumbs-content":"","ast-featured-img":"","footer-sml-layout":"","theme-transparent-header-meta":"","adv-header-id-meta":"","stick-header-meta":"","header-above-stick-meta":"","header-main-stick-meta":"","header-below-stick-meta":"","astra-migrate-meta-layouts":"default","ast-page-background-enabled":"default","ast-page-background-meta":{"desktop":{"background-color":"var(--ast-global-color-4)","background-image":"","background-repeat":"repeat","background-position":"center center","background-size":"auto","background-attachment":"scroll","background-type":"","background-media":"","overlay-type":"","overlay-color":"","overlay-opacity":"","overlay-gradient":""},"tablet":{"background-color":"","background-image":"","background-repeat":"repeat","background-position":"center center","background-size":"auto","background-attachment":"scroll","background-type":"","background-media":"","overlay-type":"","overlay-color":"","overlay-opacity":"","overlay-gradient":""},"mobile":{"background-color":"","background-image":"","background-repeat":"repeat","background-position":"center center","background-size":"auto","background-attachment":"scroll","background-type":"","background-media":"","overlay-type":"","overlay-color":"","overlay-opacity":"","overlay-gradient":""}},"ast-content-background-meta":{"desktop":{"background-color":"var(--ast-global-color-5)","background-image":"","background-repeat":"repeat","background-position":"center center","background-size":"auto","background-attachment":"scroll","background-type":"","background-media":"","overlay-type":"","overlay-color":"","overlay-opacity":"","overlay-gradient":""},"tablet":{"background-color":"var(--ast-global-color-5)","background-image":"","background-repeat":"repeat","background-position":"center center","background-size":"auto","background-attachment":"scroll","background-type":"","background-media":"","overlay-type":"","overlay-color":"","overlay-opacity":"","overlay-gradient":""},"mobile":{"background-color":"var(--ast-global-color-5)","background-image":"","background-repeat":"repeat","background-position":"center center","background-size":"auto","background-attachment":"scroll","background-type":"","background-media":"","overlay-type":"","overlay-color":"","overlay-opacity":"","overlay-gradient":""}},"footnotes":""},"categories":[8],"tags":[36887,36888,35686],"class_list":["post-96653","post","type-post","status-publish","format-standard","has-post-thumbnail","hentry","category-noticias","tag-dia-purpura","tag-enfermedades-sistema-nervioso","tag-epilepsia"],"_links":{"self":[{"href":"https:\/\/losperiodistas.com.mx\/portal\/wp-json\/wp\/v2\/posts\/96653","targetHints":{"allow":["GET"]}}],"collection":[{"href":"https:\/\/losperiodistas.com.mx\/portal\/wp-json\/wp\/v2\/posts"}],"about":[{"href":"https:\/\/losperiodistas.com.mx\/portal\/wp-json\/wp\/v2\/types\/post"}],"author":[{"embeddable":true,"href":"https:\/\/losperiodistas.com.mx\/portal\/wp-json\/wp\/v2\/users\/1"}],"replies":[{"embeddable":true,"href":"https:\/\/losperiodistas.com.mx\/portal\/wp-json\/wp\/v2\/comments?post=96653"}],"version-history":[{"count":1,"href":"https:\/\/losperiodistas.com.mx\/portal\/wp-json\/wp\/v2\/posts\/96653\/revisions"}],"predecessor-version":[{"id":96655,"href":"https:\/\/losperiodistas.com.mx\/portal\/wp-json\/wp\/v2\/posts\/96653\/revisions\/96655"}],"wp:featuredmedia":[{"embeddable":true,"href":"https:\/\/losperiodistas.com.mx\/portal\/wp-json\/wp\/v2\/media\/96654"}],"wp:attachment":[{"href":"https:\/\/losperiodistas.com.mx\/portal\/wp-json\/wp\/v2\/media?parent=96653"}],"wp:term":[{"taxonomy":"category","embeddable":true,"href":"https:\/\/losperiodistas.com.mx\/portal\/wp-json\/wp\/v2\/categories?post=96653"},{"taxonomy":"post_tag","embeddable":true,"href":"https:\/\/losperiodistas.com.mx\/portal\/wp-json\/wp\/v2\/tags?post=96653"}],"curies":[{"name":"wp","href":"https:\/\/api.w.org\/{rel}","templated":true}]}}