{"id":96650,"date":"2025-03-26T06:49:11","date_gmt":"2025-03-26T12:49:11","guid":{"rendered":"https:\/\/losperiodistas.com.mx\/portal\/?p=96650"},"modified":"2025-03-26T06:49:12","modified_gmt":"2025-03-26T12:49:12","slug":"catequesis-de-francisco-dios-es-misericordia-y-nos-espera-siempre-vatican-news","status":"publish","type":"post","link":"https:\/\/losperiodistas.com.mx\/portal\/catequesis-de-francisco-dios-es-misericordia-y-nos-espera-siempre-vatican-news\/","title":{"rendered":"Catequesis de Francisco: \u00ab\u00a1Dios es misericordia y nos espera siempre!\u00bb | Vatican News"},"content":{"rendered":"\n<p class=\"has-luminous-vivid-amber-background-color has-background has-medium-font-size\">En su catequesis preparada para la Audiencia General del mi\u00e9rcoles 26 de marzo, que ha sido cancelada debido a la convalecencia del Pont\u00edfice en Casa Santa Marta, el Santo Padre exhorta a los fieles a no perder nunca la esperanza, sugiriendo que nunca es demasiado tarde para encomendarlo todo a Dios y comenzar de nuevo nuestro camino.<\/p>\n\n\n\n<figure class=\"wp-block-image size-large\"><img fetchpriority=\"high\" decoding=\"async\" width=\"1024\" height=\"576\" src=\"https:\/\/losperiodistas.com.mx\/portal\/wp-content\/uploads\/2025\/03\/cq5dam.thumbnail.cropped.1500.844-10-1024x576.jpeg\" alt=\"\" class=\"wp-image-96651\" srcset=\"https:\/\/losperiodistas.com.mx\/portal\/wp-content\/uploads\/2025\/03\/cq5dam.thumbnail.cropped.1500.844-10-1024x576.jpeg 1024w, https:\/\/losperiodistas.com.mx\/portal\/wp-content\/uploads\/2025\/03\/cq5dam.thumbnail.cropped.1500.844-10-300x169.jpeg 300w, https:\/\/losperiodistas.com.mx\/portal\/wp-content\/uploads\/2025\/03\/cq5dam.thumbnail.cropped.1500.844-10-768x432.jpeg 768w, https:\/\/losperiodistas.com.mx\/portal\/wp-content\/uploads\/2025\/03\/cq5dam.thumbnail.cropped.1500.844-10.jpeg 1500w\" sizes=\"(max-width: 1024px) 100vw, 1024px\" \/><figcaption class=\"wp-element-caption\">Audiencia General en la Plaza de San Pedro &#8211; foto de archivo. (Vatican Media)<\/figcaption><\/figure>\n\n\n\n<p class=\"has-vivid-red-color has-text-color has-link-color has-medium-font-size wp-elements-cbdbec6b98b2e42f9e6e414b74ef731c\"><strong>Sebasti\u00e1n Sans\u00f3n Ferrari \/ Vatican News<\/strong><\/p>\n\n\n\n<p>\u00abPara ir a anunciar el Evangelio, primero tenemos que poner el peso de nuestra historia a los pies del Se\u00f1or, entregarle el peso de nuestro pasado. S\u00f3lo las personas reconciliadas pueden llevar el Evangelio\u00bb. Lo escribe el Papa Francisco en la catequesis preparada para la Audiencia General del mi\u00e9rcoles 26 de marzo de 2025, que ha sido cancelada debido a la convalecencia que observa el Pont\u00edfice en Casa Santa Marta tras su alta m\u00e9dica del Hospital Gemelli el pasado domingo 23.<\/p>\n\n\n\n<p>En el texto,&nbsp;<a href=\"https:\/\/press.vatican.va\/content\/salastampa\/it\/bollettino\/pubblico\/2025\/03\/26\/0205\/00397.html\">publicado por la Oficina de Prensa de la Santa Sede<\/a>, el Santo Padre contin\u00faa su ciclo de reflexiones titulado \u00abJesucristo, nuestra esperanza\u00bb y en esta instancia se refiere al encuentro de Jes\u00fas con la samaritana. El Obispo de Roma&nbsp;nos recuerda que los encuentros con Jes\u00fas no son planeados por nosotros. Por el contrario, son momentos inesperados, que nos sorprenden y, en ocasiones, nos desconciertan.<\/p>\n\n\n\n<p>El Sucesor de Pedro reflexiona sobre c\u00f3mo, en algunas oportunidades, somos nosotros quienes tratamos de encontrar a Jes\u00fas, tal como sucedi\u00f3 con Nicodemo, pero en otras circunstancias, \u00c9l nos sorprende en un lugar y momento en los que nunca hubi\u00e9ramos imaginado encontrarnos con \u00c9l. La mujer samaritana, mencionada en el Evangelio de Juan (cf. Jn 4,5-26), es un claro ejemplo de esta clase de encuentro.<\/p>\n\n\n\n<p>Esta mujer se dirige al pozo a una hora inusual, a mediod\u00eda, probablemente por evitar la interacci\u00f3n con otras personas debido a la carga de su vida personal.&nbsp;<\/p>\n\n\n\n<p><a href=\"https:\/\/www.vaticannews.va\/es\/papa\/news\/2025-03\/matteo-bruni-salud-papa-convalecencia-casa-santa-marta-25-marzo.html\"><\/a><\/p>\n\n\n\n<figure class=\"wp-block-image\"><a href=\"https:\/\/www.vaticannews.va\/es\/papa\/news\/2025-03\/matteo-bruni-salud-papa-convalecencia-casa-santa-marta-25-marzo.html\"><img decoding=\"async\" src=\"https:\/\/www.vaticannews.va\/content\/dam\/vaticannews\/agenzie\/images\/srv\/2025\/03\/23\/2025-03-23-saluto-e-benedizione-di-papa-francesco-dal-policlinic\/1742729263580.jpg\/_jcr_content\/renditions\/cq5dam.thumbnail.cropped.500.281.jpeg\" alt=\"Convalecencia del Papa en Santa Marta: Francisco prosigue las terapias\"\/><\/a><\/figure>\n\n\n\n<p>25\/03\/2025<\/p>\n\n\n\n<h2 class=\"wp-block-heading has-medium-font-size\"><a href=\"https:\/\/www.vaticannews.va\/es\/papa\/news\/2025-03\/matteo-bruni-salud-papa-convalecencia-casa-santa-marta-25-marzo.html\">Convalecencia del Papa en Santa Marta: Francisco prosigue las terapias<\/a><\/h2>\n\n\n\n<p>La Oficina de Prensa de la Santa Sede informa sobre la situaci\u00f3n del Pont\u00edfice, quien observa la convalecencia prescrita en su residencia. El Papa Francisco contin\u00faa con el &#8230;<\/p>\n\n\n\n<h2 class=\"wp-block-heading\">La sed es, a menudo, la imagen del deseo<\/h2>\n\n\n\n<p>Luego, Francisco precisa que \u00abpara ir a Galilea desde Judea, Jes\u00fas podr\u00eda haber elegido otra ruta y no ir por Samar\u00eda. Tambi\u00e9n habr\u00eda sido m\u00e1s seguro, dadas las tensas relaciones entre jud\u00edos y samaritanos\u00bb. \u00abEn cambio, acota, quiere pasar por all\u00ed y se detiene en ese mismo pozo \u00a1a esa misma hora! Jes\u00fas nos espera y se encuentra justo cuando pensamos que ya no hay esperanza para nosotros. El pozo, en el antiguo Oriente Medio, es un lugar de encuentro, donde a veces se conciertan matrimonios, es un lugar de compromiso. Jes\u00fas quiere ayudar a esta mujer a comprender d\u00f3nde buscar la verdadera respuesta a su deseo de ser amada\u00bb.<\/p>\n\n\n\n<p>El Santo Padre puntualiza que el tema del deseo es fundamental para comprender el episodio. Detalla que \u00abJes\u00fas es el primero en expresar su deseo: &#8216;\u00a1Dame de beber!'\u00bb.<\/p>\n\n\n\n<blockquote class=\"wp-block-quote is-layout-flow wp-block-quote-is-layout-flow\">\n<p>\u201cPara entablar un di\u00e1logo, Jes\u00fas se hace pasar por d\u00e9bil, para tranquilizar al otro, para que no se asuste. La sed es a menudo, incluso en la Biblia, la imagen del deseo. Pero aqu\u00ed Jes\u00fas tiene sed ante todo de la salvaci\u00f3n de la mujer. \u00abEl que ped\u00eda de beber -dice san Agust\u00edn- ten\u00eda sed de la fe de esta mujer.\u201d<\/p>\n<\/blockquote>\n\n\n\n<p><a href=\"https:\/\/www.vaticannews.va\/es\/papa\/news\/2025-03\/catequesis-papa-francisco-maria-jose-peregrinos-de-esperanza.html\"><\/a><\/p>\n\n\n\n<figure class=\"wp-block-image\"><a href=\"https:\/\/www.vaticannews.va\/es\/papa\/news\/2025-03\/catequesis-papa-francisco-maria-jose-peregrinos-de-esperanza.html\"><img decoding=\"async\" src=\"https:\/\/www.vaticannews.va\/content\/dam\/vaticannews\/agenzie\/images\/srv\/2025\/02\/12\/2025-02-12-udienza-generale-\/1739354392577.jpg\/_jcr_content\/renditions\/cq5dam.thumbnail.cropped.500.281.jpeg\" alt=\"Catequesis del Papa Francisco:  Mar\u00eda y Jos\u00e9 peregrinos de esperanza \"\/><\/a><\/figure>\n\n\n\n<p>05\/03\/2025<\/p>\n\n\n\n<h2 class=\"wp-block-heading has-medium-font-size\"><a href=\"https:\/\/www.vaticannews.va\/es\/papa\/news\/2025-03\/catequesis-papa-francisco-maria-jose-peregrinos-de-esperanza.html\">Catequesis del Papa Francisco: Mar\u00eda y Jos\u00e9 peregrinos de esperanza<\/a><\/h2>\n\n\n\n<p>En el ciclo de catequesis sobre la Infancia de Jes\u00fas, el Papa Francisco, en su texto preparado, propone la reflexi\u00f3n sobre el episodio b\u00edblico de Jes\u00fas perdido y hallado en el &#8230;<\/p>\n\n\n\n<h2 class=\"wp-block-heading\">El Se\u00f1or es siempre m\u00e1s grande<\/h2>\n\n\n\n<p>Aludiendo al encuentro de Jes\u00fas con Nicodemo,&nbsp;<a href=\"https:\/\/www.vaticannews.va\/es\/papa\/news\/2025-03\/catequesis-texto-papa-francisco-jesus-encuentra-nicodemo.html\">sobre el que medit\u00f3 el mi\u00e9rcoles 19 de marzo en su catequesis<\/a>, el Papa afirma: \u00abSi Nicodemo hab\u00eda acudido a Jes\u00fas de noche, aqu\u00ed Jes\u00fas se encuentra con la samaritana a mediod\u00eda, la hora en que hay m\u00e1s luz. De hecho, es un momento de revelaci\u00f3n. Jes\u00fas se da a conocer ante ella como el Mes\u00edas y tambi\u00e9n arroja luz sobre su vida. Le ayuda a releer su historia, que es complicada y dolorosa: ha tenido cinco maridos y ahora est\u00e1 con un sexto que no es marido\u00bb. A continuaci\u00f3n, explica que el n\u00famero seis no es aleatorio, sino que suele indicar imperfecci\u00f3n: \u00abTal vez sea una alusi\u00f3n al s\u00e9ptimo esposo, el que saciar\u00e1 por fin el deseo de esta mujer de ser amada de verdad. Y ese esposo s\u00f3lo puede ser Jes\u00fas\u00bb, sugiere Bergoglio.<\/p>\n\n\n\n<p>Cuando se da cuenta de que Jes\u00fas conoce su vida, el Obispo de Roma subraya que la mujer desv\u00eda la discusi\u00f3n hacia la cuesti\u00f3n religiosa que divid\u00eda a jud\u00edos y samaritanos. En dicho punto, Francisco manifiesta que esto nos pasa a veces tambi\u00e9n a nosotros cuando rezamos:&nbsp;<\/p>\n\n\n\n<blockquote class=\"wp-block-quote is-layout-flow wp-block-quote-is-layout-flow\">\n<p class=\"has-medium-font-size\">\u201cEn el momento en que Dios est\u00e1 tocando nuestras vidas con sus problemas, a veces nos perdemos en reflexiones que nos dan la ilusi\u00f3n de una oraci\u00f3n exitosa. En realidad, nos ponemos barreras de protecci\u00f3n. El Se\u00f1or, sin embargo, es siempre m\u00e1s grande, y a aquella samaritana, a la que seg\u00fan los patrones culturales ni siquiera deber\u00eda haber hablado, le da la m\u00e1s alta revelaci\u00f3n: le habla del Padre, al que hay que adorar en esp\u00edritu y en verdad.\u201d<\/p>\n<\/blockquote>\n\n\n\n<p>\u00abY cuando ella, prosigue el Papa, una vez m\u00e1s sorprendida, observa que sobre estas cosas es mejor esperar al Mes\u00edas, \u00c9l le dice: &#8216;Soy yo quien te habla&#8217; (v. 26). Es como una declaraci\u00f3n de amor: el que esperas soy yo; el que por fin puede responder a tu deseo de ser amada\u00bb.<\/p>\n\n\n\n<p><a href=\"https:\/\/www.vaticannews.va\/es\/papa\/news\/2025-02\/catequesis-del-papa-simeon-y-ana-peregrinos-de-la-esperanza.html\"><\/a><\/p>\n\n\n\n<figure class=\"wp-block-image\"><a href=\"https:\/\/www.vaticannews.va\/es\/papa\/news\/2025-02\/catequesis-del-papa-simeon-y-ana-peregrinos-de-la-esperanza.html\"><img decoding=\"async\" src=\"https:\/\/www.vaticannews.va\/content\/dam\/vaticannews\/agenzie\/images\/srv\/2025\/02\/05\/2025-02-05-udienza-generale\/1738750784829.jpg\/_jcr_content\/renditions\/cq5dam.thumbnail.cropped.500.281.jpeg\" alt=\"Catequesis del Papa: Sime\u00f3n y Ana \u00abperegrinos de la esperanza\u00bb\"\/><\/a><\/figure>\n\n\n\n<p>26\/02\/2025<\/p>\n\n\n\n<h2 class=\"wp-block-heading has-medium-font-size\"><a href=\"https:\/\/www.vaticannews.va\/es\/papa\/news\/2025-02\/catequesis-del-papa-simeon-y-ana-peregrinos-de-la-esperanza.html\">Catequesis del Papa: Sime\u00f3n y Ana \u00abperegrinos de la esperanza\u00bb<\/a><\/h2>\n\n\n\n<p>La Oficina de Prensa de la Santa Sede publica el texto de la catequesis del Papa Francisco, preparado para esta est\u00e9 d\u00eda sobre su ciclo dedicado a la Infancia de Jes\u00fas. El Santo &#8230;<\/p>\n\n\n\n<h2 class=\"wp-block-heading\">Siempre podemos empezar de nuevo nuestro camino<\/h2>\n\n\n\n<p>En ese momento, Francisco enfatiza que la mujer corre a llamar a la gente del pueblo, \u00abporque es precisamente de la experiencia de sentirse amada de donde surge la misi\u00f3n\u00bb. \u00ab\u00bfY qu\u00e9 anuncio podr\u00eda haber tra\u00eddo sino su experiencia de ser comprendida, acogida, perdonada?\u00bb, nos interpela el Papa.<\/p>\n\n\n\n<blockquote class=\"wp-block-quote is-layout-flow wp-block-quote-is-layout-flow\">\n<p class=\"has-medium-font-size\">\u201cEs una imagen que debe hacernos reflexionar sobre nuestra b\u00fasqueda de nuevas formas de evangelizar.\u201d<\/p>\n<\/blockquote>\n\n\n\n<p>Al igual que una persona enamorada, Bergoglio remarca que \u00abla samaritana olvid\u00f3 su \u00e1nfora a los pies de Jes\u00fas\u00bb. \u00abEl peso de aquella \u00e1nfora sobre su cabeza, dice el Papa, cada vez que volv\u00eda a casa, le recordaba su condici\u00f3n, su vida atribulada. Pero ahora el \u00e1nfora est\u00e1 a los pies de Jes\u00fas. El pasado ya no es una carga; est\u00e1 reconciliada\u00bb. Para el Santo Padre, lo mismo nos sucede a nosotros, pues \u00abpara ir a anunciar el Evangelio, primero tenemos que poner el peso de nuestra historia a los pies del Se\u00f1or, entregarle el peso de nuestro pasado\u00bb.<\/p>\n\n\n\n<blockquote class=\"wp-block-quote is-layout-flow wp-block-quote-is-layout-flow\">\n<p class=\"has-medium-font-size\">\u201cS\u00f3lo las personas reconciliadas pueden llevar el Evangelio.\u201d<\/p>\n<\/blockquote>\n\n\n\n<p>Por \u00faltimo, el Pont\u00edfice llama a los fieles a no perder la esperanza: \u00abAunque nuestra historia parezca pesarosa, complicada, tal vez incluso arruinada, siempre tenemos la posibilidad de entreg\u00e1rsela a Dios y comenzar de nuevo nuestro camino\u00bb. \u00ab\u00a1Dios es misericordia y siempre nos espera!\u00bb, clama Francisco.<\/p>\n\n\n\n<p>Fuente: <a href=\"https:\/\/www.vaticannews.va\/es\/papa\/news\/2025-03\/papa-francisco-texto-catequesis-audiencia-general-26-marzo.html\">https:\/\/www.vaticannews.va\/es\/papa\/news\/2025-03\/papa-francisco-texto-catequesis-audiencia-general-26-marzo.html<\/a><\/p>\n","protected":false},"excerpt":{"rendered":"<p>En su catequesis preparada para la Audiencia General del mi\u00e9rcoles 26 de marzo, que ha sido cancelada debido a la [&hellip;]<\/p>\n","protected":false},"author":1,"featured_media":96651,"comment_status":"open","ping_status":"open","sticky":false,"template":"","format":"standard","meta":{"site-sidebar-layout":"default","site-content-layout":"","ast-site-content-layout":"default","site-content-style":"default","site-sidebar-style":"default","ast-global-header-display":"","ast-banner-title-visibility":"","ast-main-header-display":"","ast-hfb-above-header-display":"","ast-hfb-below-header-display":"","ast-hfb-mobile-header-display":"","site-post-title":"","ast-breadcrumbs-content":"","ast-featured-img":"","footer-sml-layout":"","theme-transparent-header-meta":"","adv-header-id-meta":"","stick-header-meta":"","header-above-stick-meta":"","header-main-stick-meta":"","header-below-stick-meta":"","astra-migrate-meta-layouts":"default","ast-page-background-enabled":"default","ast-page-background-meta":{"desktop":{"background-color":"var(--ast-global-color-4)","background-image":"","background-repeat":"repeat","background-position":"center center","background-size":"auto","background-attachment":"scroll","background-type":"","background-media":"","overlay-type":"","overlay-color":"","overlay-opacity":"","overlay-gradient":""},"tablet":{"background-color":"","background-image":"","background-repeat":"repeat","background-position":"center center","background-size":"auto","background-attachment":"scroll","background-type":"","background-media":"","overlay-type":"","overlay-color":"","overlay-opacity":"","overlay-gradient":""},"mobile":{"background-color":"","background-image":"","background-repeat":"repeat","background-position":"center center","background-size":"auto","background-attachment":"scroll","background-type":"","background-media":"","overlay-type":"","overlay-color":"","overlay-opacity":"","overlay-gradient":""}},"ast-content-background-meta":{"desktop":{"background-color":"var(--ast-global-color-5)","background-image":"","background-repeat":"repeat","background-position":"center center","background-size":"auto","background-attachment":"scroll","background-type":"","background-media":"","overlay-type":"","overlay-color":"","overlay-opacity":"","overlay-gradient":""},"tablet":{"background-color":"var(--ast-global-color-5)","background-image":"","background-repeat":"repeat","background-position":"center center","background-size":"auto","background-attachment":"scroll","background-type":"","background-media":"","overlay-type":"","overlay-color":"","overlay-opacity":"","overlay-gradient":""},"mobile":{"background-color":"var(--ast-global-color-5)","background-image":"","background-repeat":"repeat","background-position":"center center","background-size":"auto","background-attachment":"scroll","background-type":"","background-media":"","overlay-type":"","overlay-color":"","overlay-opacity":"","overlay-gradient":""}},"footnotes":""},"categories":[8],"tags":[36885,36886],"class_list":["post-96650","post","type-post","status-publish","format-standard","has-post-thumbnail","hentry","category-noticias","tag-catequesis-papa-marzo-26-2025","tag-dios-es-misericordia"],"_links":{"self":[{"href":"https:\/\/losperiodistas.com.mx\/portal\/wp-json\/wp\/v2\/posts\/96650","targetHints":{"allow":["GET"]}}],"collection":[{"href":"https:\/\/losperiodistas.com.mx\/portal\/wp-json\/wp\/v2\/posts"}],"about":[{"href":"https:\/\/losperiodistas.com.mx\/portal\/wp-json\/wp\/v2\/types\/post"}],"author":[{"embeddable":true,"href":"https:\/\/losperiodistas.com.mx\/portal\/wp-json\/wp\/v2\/users\/1"}],"replies":[{"embeddable":true,"href":"https:\/\/losperiodistas.com.mx\/portal\/wp-json\/wp\/v2\/comments?post=96650"}],"version-history":[{"count":1,"href":"https:\/\/losperiodistas.com.mx\/portal\/wp-json\/wp\/v2\/posts\/96650\/revisions"}],"predecessor-version":[{"id":96652,"href":"https:\/\/losperiodistas.com.mx\/portal\/wp-json\/wp\/v2\/posts\/96650\/revisions\/96652"}],"wp:featuredmedia":[{"embeddable":true,"href":"https:\/\/losperiodistas.com.mx\/portal\/wp-json\/wp\/v2\/media\/96651"}],"wp:attachment":[{"href":"https:\/\/losperiodistas.com.mx\/portal\/wp-json\/wp\/v2\/media?parent=96650"}],"wp:term":[{"taxonomy":"category","embeddable":true,"href":"https:\/\/losperiodistas.com.mx\/portal\/wp-json\/wp\/v2\/categories?post=96650"},{"taxonomy":"post_tag","embeddable":true,"href":"https:\/\/losperiodistas.com.mx\/portal\/wp-json\/wp\/v2\/tags?post=96650"}],"curies":[{"name":"wp","href":"https:\/\/api.w.org\/{rel}","templated":true}]}}