{"id":96647,"date":"2025-03-26T06:35:17","date_gmt":"2025-03-26T12:35:17","guid":{"rendered":"https:\/\/losperiodistas.com.mx\/portal\/?p=96647"},"modified":"2025-03-26T06:35:19","modified_gmt":"2025-03-26T12:35:19","slug":"caso-cuauhtemoc-blanco-citlali-hernandez-rompe-el-silencio-y-critica-a-la-fiscalia-de-morelos-proceso","status":"publish","type":"post","link":"https:\/\/losperiodistas.com.mx\/portal\/caso-cuauhtemoc-blanco-citlali-hernandez-rompe-el-silencio-y-critica-a-la-fiscalia-de-morelos-proceso\/","title":{"rendered":"Caso Cuauht\u00e9moc Blanco: Citlali Hern\u00e1ndez rompe el silencio y critica a la Fiscal\u00eda de Morelos | Proceso"},"content":{"rendered":"\n<p class=\"has-light-green-cyan-background-color has-background has-medium-font-size\"><strong>\u00abNo podemos seguir ignorando y solapando que las fiscal\u00edas no integren de forma correcta las carpetas de investigaci\u00f3n\u00bb, public\u00f3 la titular de la Secretar\u00eda de la Mujer.<\/strong><\/p>\n\n\n\n<p><a href=\"javascript:void(0)\"><\/a><\/p>\n\n\n\n<figure class=\"wp-block-image\"><a href=\"https:\/\/www.proceso.com.mx\/u\/fotografias\/fotosnoticias\/2023\/11\/24\/187810.jpg\"><img decoding=\"async\" src=\"https:\/\/www.proceso.com.mx\/u\/fotografias\/m\/2023\/11\/24\/f685x385-187810_225503_7060.jpg\" alt=\"Caso Cuauht\u00e9moc Blanco: Citlali Hern\u00e1ndez rompe el silencio y critica a la Fiscal\u00eda de Morelos\"\/><\/a><figcaption class=\"wp-element-caption\">Citlali Hern\u00e1ndez, secretaria de la Mujer. Foto: Montserrat L\u00f3pez<\/figcaption><\/figure>\n\n\n\n<p><\/p>\n\n\n\n<p class=\"has-vivid-red-color has-text-color has-link-color has-medium-font-size wp-elements-886c77def1b1fec4e88d1847addbfb82\"><strong><a href=\"https:\/\/www.proceso.com.mx\/autor\/sara-pantoja.html\">Por\u00a0Sara Pantoja<\/a> \/ Proceso<\/strong><\/p>\n\n\n\n<p><\/p>\n\n\n\n<p>CIUDAD DE M\u00c9XICO (apro).- Despu\u00e9s de guardar silencio sobre la pol\u00e9mica por el posible desafuero del diputado Cuauht\u00e9moc Blanco, acusado de tentativa de violaci\u00f3n, la secretaria de las Mujeres, Citlali Hern\u00e1ndez, critic\u00f3 el trabajo de la Fiscal\u00eda de Morelos y que el debate no se centre en la v\u00edctima que denunci\u00f3 al exgobernador de esa entidad.&nbsp;<\/p>\n\n\n\n<p>En un pronunciamiento que emiti\u00f3 en su red social X, asegur\u00f3 que \u201cEl mal funcionamiento de algunas fiscal\u00edas locales promueve la impunidad y no garantiza la justicia pronta y expedita hacia las mujeres\u201d.\u00a0<\/p>\n\n\n\n<p><strong>Noticias Relacionadas<\/strong><\/p>\n\n\n\n<ul class=\"wp-block-list\">\n<li><a href=\"https:\/\/www.proceso.com.mx\/nacional\/politica\/2025\/3\/25\/no-estas-solo-morena-pri-salvan-cuauhtemoc-blanco-desechan-desafuero-348090.html\">\u201cNo est\u00e1s solo\u201d: Morena y PRI salvan a Cuauht\u00e9moc Blanco y desechan desafuero<\/a><\/li>\n\n\n\n<li><a href=\"https:\/\/www.proceso.com.mx\/nacional\/2025\/3\/25\/cuauhtemoc-blanco-comparecera-voluntariamente-ante-la-fiscalia-de-morelos-afirma-ricardo-monreal-348085.html\">Cuauht\u00e9moc Blanco comparecer\u00e1 voluntariamente ante la Fiscal\u00eda de Morelos, afirma Ricardo Monreal<\/a><\/li>\n\n\n\n<li><a href=\"https:\/\/www.proceso.com.mx\/nacional\/2025\/3\/25\/morenista-pide-regresar-dictamen-sobre-desafuero-de-cuauhtemoc-blanco-la-seccion-instructora-348060.html\">Morenista pide regresar dictamen sobre desafuero de Cuauht\u00e9moc Blanco a la Secci\u00f3n Instructora<\/a><\/li>\n\n\n\n<li><a href=\"https:\/\/www.proceso.com.mx\/nacional\/politica\/2025\/3\/21\/diputada-critica-proceso-de-desafuero-contra-cuauhtemoc-blanco-blindan-un-personaje-asqueroso-347858.html\">Diputada critica proceso de desafuero contra Cuauht\u00e9moc Blanco: \u00abBlindan a un personaje asqueroso\u00bb<\/a><\/li>\n<\/ul>\n\n\n\n<p>Tras la noticia de que los diputados de Morena y sus aliados salvaron al exfutbolista del proceso de desafuero, la exsecretaria general del Movimiento de Regeneraci\u00f3n Nacional dijo que ha estado \u201cal pendiente de la discusi\u00f3n legislativa\u201d y comparti\u00f3 cuatro puntos al respecto.&nbsp;<\/p>\n\n\n\n<p>En el primero expres\u00f3 que \u201cToda denuncia debe ser investigada a profundidad y no podemos seguir ignorando y solapando que las fiscal\u00edas no integren de forma correcta las carpetas de investigaci\u00f3n, esto solo provoca impunidad\u201d.&nbsp;<\/p>\n\n\n\n<p>En el segundo punto calific\u00f3 como \u201creprobable\u201d que en la discusi\u00f3n p\u00fablica \u201cse est\u00e9 dejando de lado a una posible v\u00edctima y que la discusi\u00f3n se centre en un posible desafuero, en el que \u2013en sus dichos\u2013 las y los legisladores encontraron una carpeta mal integrada, poniendo el foco de la discusi\u00f3n desde el enfoque pol\u00edtico sobre si se defiende o no a un posible agresor y no desde una dimensi\u00f3n de justicia\u201d.&nbsp;<\/p>\n\n\n\n<p>Aunque no lo mencion\u00f3, se debe recordar que fue la media hermana de Cuauht\u00e9moc Blanco quien lo acus\u00f3 de tentativa de violaci\u00f3n.&nbsp;&nbsp;<\/p>\n\n\n\n<p>Como tercer punto, la titular de la Secretar\u00eda de las Mujeres se refiri\u00f3 a un exfuncionario con el que la hoy presidenta, Claudia Sheinbaum, enfrent\u00f3 una pol\u00e9mica cuando fue jefa de gobierno de la CDMX, por el feminicidio de la joven Ariadna Fernanda, que involucr\u00f3 a autoridades de la capital y de Morelos:&nbsp;<\/p>\n\n\n\n<p>\u201cQue el exfiscal, acusado de encubrir feminicidas, Uriel Carmona, haya utilizado su posici\u00f3n con fines pol\u00edticos, no significa que la denuncia de una v\u00edctima deba quedar de lado, que no proceda el desafuero, tampoco\u201d.&nbsp;<\/p>\n\n\n\n<p>Y en el cuarto punto destac\u00f3 que ahora Morelos tiene un nuevo fiscal, Edgar Maldonado. Y agreg\u00f3: \u201cConfiamos en que en \u00e9ste y en otros casos se revisen las omisiones se\u00f1aladas, se investigue a profundidad y no se deje jam\u00e1s a ninguna mujer sin respuesta justa y legal\u201d.&nbsp;<\/p>\n\n\n\n<p>Por \u00faltimo, en su pronunciamiento, Citlali Hern\u00e1ndez asegur\u00f3 que los integrantes de los tres Poderes de la Uni\u00f3n \u201ctenemos la obligaci\u00f3n Constitucional y legal de realizar acciones para combatir todo tipo de violencias hacia las mujeres\u201d.&nbsp;<\/p>\n\n\n\n<p>Fuente: <a href=\"https:\/\/www.proceso.com.mx\/nacional\/justicia\/2025\/3\/25\/caso-cuauhtemoc-blanco-citlali-hernandez-rompe-el-silencio-critica-la-fiscalia-de-morelos-348095.html\">https:\/\/www.proceso.com.mx\/nacional\/justicia\/2025\/3\/25\/caso-cuauhtemoc-blanco-citlali-hernandez-rompe-el-silencio-critica-la-fiscalia-de-morelos-348095.html<\/a><\/p>\n","protected":false},"excerpt":{"rendered":"<p>\u00abNo podemos seguir ignorando y solapando que las fiscal\u00edas no integren de forma correcta las carpetas de investigaci\u00f3n\u00bb, public\u00f3 la [&hellip;]<\/p>\n","protected":false},"author":1,"featured_media":96648,"comment_status":"open","ping_status":"open","sticky":false,"template":"","format":"standard","meta":{"site-sidebar-layout":"default","site-content-layout":"","ast-site-content-layout":"default","site-content-style":"default","site-sidebar-style":"default","ast-global-header-display":"","ast-banner-title-visibility":"","ast-main-header-display":"","ast-hfb-above-header-display":"","ast-hfb-below-header-display":"","ast-hfb-mobile-header-display":"","site-post-title":"","ast-breadcrumbs-content":"","ast-featured-img":"","footer-sml-layout":"","theme-transparent-header-meta":"","adv-header-id-meta":"","stick-header-meta":"","header-above-stick-meta":"","header-main-stick-meta":"","header-below-stick-meta":"","astra-migrate-meta-layouts":"default","ast-page-background-enabled":"default","ast-page-background-meta":{"desktop":{"background-color":"var(--ast-global-color-4)","background-image":"","background-repeat":"repeat","background-position":"center center","background-size":"auto","background-attachment":"scroll","background-type":"","background-media":"","overlay-type":"","overlay-color":"","overlay-opacity":"","overlay-gradient":""},"tablet":{"background-color":"","background-image":"","background-repeat":"repeat","background-position":"center center","background-size":"auto","background-attachment":"scroll","background-type":"","background-media":"","overlay-type":"","overlay-color":"","overlay-opacity":"","overlay-gradient":""},"mobile":{"background-color":"","background-image":"","background-repeat":"repeat","background-position":"center center","background-size":"auto","background-attachment":"scroll","background-type":"","background-media":"","overlay-type":"","overlay-color":"","overlay-opacity":"","overlay-gradient":""}},"ast-content-background-meta":{"desktop":{"background-color":"var(--ast-global-color-5)","background-image":"","background-repeat":"repeat","background-position":"center center","background-size":"auto","background-attachment":"scroll","background-type":"","background-media":"","overlay-type":"","overlay-color":"","overlay-opacity":"","overlay-gradient":""},"tablet":{"background-color":"var(--ast-global-color-5)","background-image":"","background-repeat":"repeat","background-position":"center center","background-size":"auto","background-attachment":"scroll","background-type":"","background-media":"","overlay-type":"","overlay-color":"","overlay-opacity":"","overlay-gradient":""},"mobile":{"background-color":"var(--ast-global-color-5)","background-image":"","background-repeat":"repeat","background-position":"center center","background-size":"auto","background-attachment":"scroll","background-type":"","background-media":"","overlay-type":"","overlay-color":"","overlay-opacity":"","overlay-gradient":""}},"footnotes":""},"categories":[8],"tags":[4148,11713,6687,4367,36884,4613],"class_list":["post-96647","post","type-post","status-publish","format-standard","has-post-thumbnail","hentry","category-noticias","tag-acoso-sexual","tag-citlali-hernandez","tag-cuauhtemoc-blanco","tag-feminismo","tag-fuero-diputados-federales","tag-impunidad"],"_links":{"self":[{"href":"https:\/\/losperiodistas.com.mx\/portal\/wp-json\/wp\/v2\/posts\/96647","targetHints":{"allow":["GET"]}}],"collection":[{"href":"https:\/\/losperiodistas.com.mx\/portal\/wp-json\/wp\/v2\/posts"}],"about":[{"href":"https:\/\/losperiodistas.com.mx\/portal\/wp-json\/wp\/v2\/types\/post"}],"author":[{"embeddable":true,"href":"https:\/\/losperiodistas.com.mx\/portal\/wp-json\/wp\/v2\/users\/1"}],"replies":[{"embeddable":true,"href":"https:\/\/losperiodistas.com.mx\/portal\/wp-json\/wp\/v2\/comments?post=96647"}],"version-history":[{"count":1,"href":"https:\/\/losperiodistas.com.mx\/portal\/wp-json\/wp\/v2\/posts\/96647\/revisions"}],"predecessor-version":[{"id":96649,"href":"https:\/\/losperiodistas.com.mx\/portal\/wp-json\/wp\/v2\/posts\/96647\/revisions\/96649"}],"wp:featuredmedia":[{"embeddable":true,"href":"https:\/\/losperiodistas.com.mx\/portal\/wp-json\/wp\/v2\/media\/96648"}],"wp:attachment":[{"href":"https:\/\/losperiodistas.com.mx\/portal\/wp-json\/wp\/v2\/media?parent=96647"}],"wp:term":[{"taxonomy":"category","embeddable":true,"href":"https:\/\/losperiodistas.com.mx\/portal\/wp-json\/wp\/v2\/categories?post=96647"},{"taxonomy":"post_tag","embeddable":true,"href":"https:\/\/losperiodistas.com.mx\/portal\/wp-json\/wp\/v2\/tags?post=96647"}],"curies":[{"name":"wp","href":"https:\/\/api.w.org\/{rel}","templated":true}]}}