{"id":96603,"date":"2025-03-25T08:21:13","date_gmt":"2025-03-25T14:21:13","guid":{"rendered":"https:\/\/losperiodistas.com.mx\/portal\/?p=96603"},"modified":"2025-03-25T08:21:14","modified_gmt":"2025-03-25T14:21:14","slug":"opinion-la-diaspora-poblana-en-usa-una-realidad-que-demanda-colaboracion-estrategica","status":"publish","type":"post","link":"https:\/\/losperiodistas.com.mx\/portal\/opinion-la-diaspora-poblana-en-usa-una-realidad-que-demanda-colaboracion-estrategica\/","title":{"rendered":"Opini\u00f3n | La Di\u00e1spora poblana en USA: Una Realidad que Demanda Colaboraci\u00f3n Estrat\u00e9gica"},"content":{"rendered":"\n<figure class=\"wp-block-image alignright size-large is-resized\"><img fetchpriority=\"high\" decoding=\"async\" width=\"791\" height=\"1024\" src=\"https:\/\/losperiodistas.com.mx\/portal\/wp-content\/uploads\/2024\/11\/WhatsApp-Image-2021-06-02-at-21.07.22-791x1024.jpeg\" alt=\"\" class=\"wp-image-91226\" style=\"width:202px;height:auto\" srcset=\"https:\/\/losperiodistas.com.mx\/portal\/wp-content\/uploads\/2024\/11\/WhatsApp-Image-2021-06-02-at-21.07.22-791x1024.jpeg 791w, https:\/\/losperiodistas.com.mx\/portal\/wp-content\/uploads\/2024\/11\/WhatsApp-Image-2021-06-02-at-21.07.22-232x300.jpeg 232w, https:\/\/losperiodistas.com.mx\/portal\/wp-content\/uploads\/2024\/11\/WhatsApp-Image-2021-06-02-at-21.07.22-768x994.jpeg 768w, https:\/\/losperiodistas.com.mx\/portal\/wp-content\/uploads\/2024\/11\/WhatsApp-Image-2021-06-02-at-21.07.22.jpeg 989w\" sizes=\"(max-width: 791px) 100vw, 791px\" \/><\/figure>\n\n\n\n<p><\/p>\n\n\n\n<p><\/p>\n\n\n\n<p><\/p>\n\n\n\n<p><\/p>\n\n\n\n<p class=\"has-vivid-red-color has-text-color has-link-color wp-elements-7d128d8c8c011768412843561ecd639b\" style=\"font-size:26px\"><strong><em>Por Jos\u00e9 Ojeda Bustamante<\/em><\/strong><\/p>\n\n\n\n<p><strong>@ojedapepe<\/strong><\/p>\n\n\n\n<p>Puebla se ha consolidado como uno de los estados mexicanos con mayor flujo migratorio hacia Estados Unidos, una din\u00e1mica que ha evolucionado desde finales del siglo XX y que hoy refleja tanto oportunidades como desaf\u00edos.<\/p>\n\n\n\n<p>Seg\u00fan estimaciones recientes, de los aproximadamente 12 millones de migrantes mexicanos que residen en Estados Unidos, una proporci\u00f3n significativa proviene de Puebla, especialmente de regiones como la Mixteca, el Valle de Atlixco, municipios como Iz\u00facar de Matamoros y Acatl\u00e1n de Osorio. Aunque no hay cifras exactas actualizadas al 2025 sobre el n\u00famero preciso de poblanos en el extranjero, datos del Instituto Nacional de Estad\u00edstica y Geograf\u00eda (INEGI) y del Migration Policy Institute (MPI) se\u00f1alan que los mexicanos representan el 23% de los 47.8 millones de inmigrantes en Estados Unidos en 2023, con Puebla como uno de los principales estados expulsores.<\/p>\n\n\n\n<p>Los migrantes poblanos enfrentan una realidad compleja. Por un lado, muchos han logrado establecerse como empresarios exitosos en sectores como la construcci\u00f3n, la gastronom\u00eda y los servicios, enviando remesas que en 2024 superaron los 66,500 millones de d\u00f3lares a nivel nacional, con Puebla como uno de los principales beneficiarios. Sin embargo, cerca del 34% de los migrantes mexicanos carecen de estatus legal, enfrent\u00e1ndose a deportaciones, explotaci\u00f3n laboral y exclusi\u00f3n. Con la llegada de Donald Trump a la presidencia en 2025 y su promesa de deportaciones masivas, esta vulnerabilidad se intensifica, exigiendo respuestas innovadoras desde el origen.<\/p>\n\n\n\n<p>En este contexto, el \u201cForo Binacional del Empresario Migrante\u201d, organizado por el Congreso del Estado de Puebla como parte del Bicentenario de la Constituci\u00f3n estatal, se presenta como una iniciativa con visi\u00f3n de futuro. Este evento reuni\u00f3 a 40 empresarios migrantes desde Estados Unidos con diputadas de la LXII Legislatura, abriendo un canal de di\u00e1logo que trasciende fronteras.<\/p>\n\n\n\n<p>Desde las Ant\u00edpodas, sostenemos que iniciativas de este tipo, no solo representan un espacio de escucha, sino una oportunidad para construir una gobernanza transnacional que empodere a la di\u00e1spora como actor clave en el desarrollo de Puebla.<\/p>\n\n\n\n<p>Cuatro elementos recientes, han contribuido a ello.<\/p>\n\n\n\n<ol start=\"1\" class=\"wp-block-list\">\n<li><strong>Fortalecimiento de la representaci\u00f3n pol\u00edtica<\/strong>: La figura del \u201cDiputado Migrante\u201d, aprobada en 2025, es un avance significativo. Sin embargo, el foro sugiere un paso m\u00e1s: institucionalizar la participaci\u00f3n de la di\u00e1spora en consejos transnacionales que co-dise\u00f1en pol\u00edticas p\u00fablicas, d\u00e1ndoles un rol activo en la toma de decisiones.<\/li>\n\n\n\n<li><strong>Colaboraci\u00f3n intergubernamental<\/strong>: El evento, vinculado al Foro Migrante de Desarrollo Integral en Acatl\u00e1n de Osorio, evidencia la necesidad de articular esfuerzos entre el Congreso, los municipios y el gobierno estatal. Esto podr\u00eda incluir oficinas locales de atenci\u00f3n a migrantes y programas estatales que canalicen remesas hacia proyectos espec\u00edficos.<\/li>\n\n\n\n<li><strong>Respuesta a la incertidumbre migratoria<\/strong>: Ante la amenaza de deportaciones, Puebla debe prepararse para integrar a los retornados. El foro abre la puerta a pol\u00edticas que aprovechen las habilidades de los empresarios migrantes, fortaleciendo la econom\u00eda local.<\/li>\n\n\n\n<li><strong>Empoderamiento de redes transnacionales<\/strong>: Los migrantes no son solo beneficiarios pasivos; sus redes en Estados Unidos pueden ser socios estrat\u00e9gicos. Asociaciones p\u00fablico-privadas con la di\u00e1spora podr\u00edan financiar infraestructura, innovaci\u00f3n o educaci\u00f3n, mientras que plataformas digitales permanentes mantendr\u00edan un di\u00e1logo constante.<\/li>\n<\/ol>\n\n\n\n<p>A manera de propuesta y considero que, para que el \u201cForo Binacional del Empresario Migrante\u201d trascienda el simbolismo, debe convertirse en el germen de una estrategia integral de gobernanza transnacional. Esto implica crear un Consejo Estatal de la Di\u00e1spora, con representantes en Puebla y Estados Unidos, que coordine inversiones y pol\u00edticas. Municipios como Acatl\u00e1n, Iz\u00facar de Matamoros, Huejotzingo y la propia Puebla Capital podr\u00edan liderar pilotos de colaboraci\u00f3n, mientras el gobierno estatal podr\u00eda negociar con actores federales y estadounidenses para proteger a los migrantes y aprovechar sus recursos.<\/p>\n\n\n\n<p>En un mundo interconectado, la di\u00e1spora poblana es un activo subutilizado. Su empoderamiento no solo fortalecer\u00eda la resiliencia de las comunidades ante crisis, sino que posicionar\u00eda a Puebla como un modelo de gesti\u00f3n migratoria.<\/p>\n","protected":false},"excerpt":{"rendered":"<p>Por Jos\u00e9 Ojeda Bustamante @ojedapepe Puebla se ha consolidado como uno de los estados mexicanos con mayor flujo migratorio hacia [&hellip;]<\/p>\n","protected":false},"author":1,"featured_media":96604,"comment_status":"open","ping_status":"open","sticky":false,"template":"","format":"standard","meta":{"site-sidebar-layout":"default","site-content-layout":"","ast-site-content-layout":"default","site-content-style":"default","site-sidebar-style":"default","ast-global-header-display":"","ast-banner-title-visibility":"","ast-main-header-display":"","ast-hfb-above-header-display":"","ast-hfb-below-header-display":"","ast-hfb-mobile-header-display":"","site-post-title":"","ast-breadcrumbs-content":"","ast-featured-img":"","footer-sml-layout":"","theme-transparent-header-meta":"","adv-header-id-meta":"","stick-header-meta":"","header-above-stick-meta":"","header-main-stick-meta":"","header-below-stick-meta":"","astra-migrate-meta-layouts":"default","ast-page-background-enabled":"default","ast-page-background-meta":{"desktop":{"background-color":"var(--ast-global-color-4)","background-image":"","background-repeat":"repeat","background-position":"center center","background-size":"auto","background-attachment":"scroll","background-type":"","background-media":"","overlay-type":"","overlay-color":"","overlay-opacity":"","overlay-gradient":""},"tablet":{"background-color":"","background-image":"","background-repeat":"repeat","background-position":"center center","background-size":"auto","background-attachment":"scroll","background-type":"","background-media":"","overlay-type":"","overlay-color":"","overlay-opacity":"","overlay-gradient":""},"mobile":{"background-color":"","background-image":"","background-repeat":"repeat","background-position":"center center","background-size":"auto","background-attachment":"scroll","background-type":"","background-media":"","overlay-type":"","overlay-color":"","overlay-opacity":"","overlay-gradient":""}},"ast-content-background-meta":{"desktop":{"background-color":"var(--ast-global-color-5)","background-image":"","background-repeat":"repeat","background-position":"center center","background-size":"auto","background-attachment":"scroll","background-type":"","background-media":"","overlay-type":"","overlay-color":"","overlay-opacity":"","overlay-gradient":""},"tablet":{"background-color":"var(--ast-global-color-5)","background-image":"","background-repeat":"repeat","background-position":"center center","background-size":"auto","background-attachment":"scroll","background-type":"","background-media":"","overlay-type":"","overlay-color":"","overlay-opacity":"","overlay-gradient":""},"mobile":{"background-color":"var(--ast-global-color-5)","background-image":"","background-repeat":"repeat","background-position":"center center","background-size":"auto","background-attachment":"scroll","background-type":"","background-media":"","overlay-type":"","overlay-color":"","overlay-opacity":"","overlay-gradient":""}},"footnotes":""},"categories":[2043,8],"tags":[36857,9724,36855,17781,36856,6615],"class_list":["post-96603","post","type-post","status-publish","format-standard","has-post-thumbnail","hentry","category-en-las-antipodas-2","category-noticias","tag-acatlan-de-osorio","tag-atlixco","tag-diaspora-poblana","tag-flujo-migratorio","tag-izucar-de-matamorors","tag-mixteca-poblana"],"_links":{"self":[{"href":"https:\/\/losperiodistas.com.mx\/portal\/wp-json\/wp\/v2\/posts\/96603","targetHints":{"allow":["GET"]}}],"collection":[{"href":"https:\/\/losperiodistas.com.mx\/portal\/wp-json\/wp\/v2\/posts"}],"about":[{"href":"https:\/\/losperiodistas.com.mx\/portal\/wp-json\/wp\/v2\/types\/post"}],"author":[{"embeddable":true,"href":"https:\/\/losperiodistas.com.mx\/portal\/wp-json\/wp\/v2\/users\/1"}],"replies":[{"embeddable":true,"href":"https:\/\/losperiodistas.com.mx\/portal\/wp-json\/wp\/v2\/comments?post=96603"}],"version-history":[{"count":1,"href":"https:\/\/losperiodistas.com.mx\/portal\/wp-json\/wp\/v2\/posts\/96603\/revisions"}],"predecessor-version":[{"id":96605,"href":"https:\/\/losperiodistas.com.mx\/portal\/wp-json\/wp\/v2\/posts\/96603\/revisions\/96605"}],"wp:featuredmedia":[{"embeddable":true,"href":"https:\/\/losperiodistas.com.mx\/portal\/wp-json\/wp\/v2\/media\/96604"}],"wp:attachment":[{"href":"https:\/\/losperiodistas.com.mx\/portal\/wp-json\/wp\/v2\/media?parent=96603"}],"wp:term":[{"taxonomy":"category","embeddable":true,"href":"https:\/\/losperiodistas.com.mx\/portal\/wp-json\/wp\/v2\/categories?post=96603"},{"taxonomy":"post_tag","embeddable":true,"href":"https:\/\/losperiodistas.com.mx\/portal\/wp-json\/wp\/v2\/tags?post=96603"}],"curies":[{"name":"wp","href":"https:\/\/api.w.org\/{rel}","templated":true}]}}