{"id":96600,"date":"2025-03-25T08:05:15","date_gmt":"2025-03-25T14:05:15","guid":{"rendered":"https:\/\/losperiodistas.com.mx\/portal\/?p=96600"},"modified":"2025-03-25T08:05:19","modified_gmt":"2025-03-25T14:05:19","slug":"el-metodo-diario-de-guillermo-arias-con-90-anos-camina-15-km-2-horas-de-gimnasio-y-no-toma-ni-una-pastilla-el-espanol","status":"publish","type":"post","link":"https:\/\/losperiodistas.com.mx\/portal\/el-metodo-diario-de-guillermo-arias-con-90-anos-camina-15-km-2-horas-de-gimnasio-y-no-toma-ni-una-pastilla-el-espanol\/","title":{"rendered":"El m\u00e9todo diario de Guillermo Arias con 90 a\u00f1os: camina 15 km, 2 horas de gimnasio y no toma ni una pastilla | El Espa\u00f1ol"},"content":{"rendered":"\n<h2 class=\"wp-block-heading\">\u00abComo bien a mediod\u00eda y ceno fruta\u00bb, cuenta este ferroviario jubilado que vive en Pontevedra y que comenz\u00f3 a practicar deporte en 2017.<\/h2>\n\n\n\n<figure class=\"wp-block-image size-large\"><img fetchpriority=\"high\" decoding=\"async\" width=\"1024\" height=\"576\" src=\"https:\/\/losperiodistas.com.mx\/portal\/wp-content\/uploads\/2025\/03\/933667294_254149792_1706x960-1024x576.webp\" alt=\"\" class=\"wp-image-96601\" srcset=\"https:\/\/losperiodistas.com.mx\/portal\/wp-content\/uploads\/2025\/03\/933667294_254149792_1706x960-1024x576.webp 1024w, https:\/\/losperiodistas.com.mx\/portal\/wp-content\/uploads\/2025\/03\/933667294_254149792_1706x960-300x169.webp 300w, https:\/\/losperiodistas.com.mx\/portal\/wp-content\/uploads\/2025\/03\/933667294_254149792_1706x960-768x432.webp 768w, https:\/\/losperiodistas.com.mx\/portal\/wp-content\/uploads\/2025\/03\/933667294_254149792_1706x960-1536x864.webp 1536w, https:\/\/losperiodistas.com.mx\/portal\/wp-content\/uploads\/2025\/03\/933667294_254149792_1706x960.webp 1706w\" sizes=\"(max-width: 1024px) 100vw, 1024px\" \/><figcaption class=\"wp-element-caption\">Guillermo Arias, en excelente forma f\u00edsica, en una fotograf\u00eda cedida.\u00a0Cedida<br><\/figcaption><\/figure>\n\n\n\n<p class=\"has-vivid-red-color has-text-color has-link-color has-medium-font-size wp-elements-110bea01070d2c8c1b8ca89e57a6c208\"><strong><a href=\"https:\/\/www.elespanol.com\/autor\/laura-garofano\/?utm_cmp_rs=authorpage\">Laura Gar\u00f3fano<\/a> \/ El Espa\u00f1ol<\/strong><\/p>\n\n\n\n<p><\/p>\n\n\n\n<p id=\"paragraph_1\">Guillermo nunca fue de hacer deporte. De hecho, comenz\u00f3 a practicarlo tarde. Exactamente, con 83 a\u00f1os. En unos meses cumplir\u00e1 91, y diariamente&nbsp;<a href=\"https:\/\/www.elespanol.com\/mujer\/salud-bienestar\/20250322\/luis-zamora-nutricionista-quieres-perder-medio-kilo-semana-olvidate-cardio\/932656911_0.html?utm_cmp_rs=linksinline\">camina 15 kil\u00f3metros. A veces, m\u00e1s<\/a>. Aunque llueva, que suele ser muchos d\u00edas, porque&nbsp;<strong>Guillermo Arias<\/strong>&nbsp;vive en Pontevedra.<\/p>\n\n\n\n<p id=\"paragraph_2\">Usuario del&nbsp;<a href=\"https:\/\/www.elespanol.com\/mujer\/salud-bienestar\/20241129\/pereza-gimnasio-puedes-superar-barrera-psicologica-impide-coger-pesa\/904409763_0.html?utm_cmp_rs=linksinline\">gimnasio municipal&nbsp;<em>BeOne<\/em>&nbsp;de&nbsp;<strong>Campolongo<\/strong><\/a>, el personal t\u00e9cnico lo aprecia mucho. \u00abEs una alegr\u00eda tenerlo aqu\u00ed. Llega a primera hora de la ma\u00f1ana y tiene una energ\u00eda&#8230;\u00bb, detalla&nbsp;<strong>Charo Nimo<\/strong>, una de las personas encargadas de atender a los socios.<\/p>\n\n\n\n<p id=\"paragraph_3\">Vive en la otra punta de la localidad, pero ello no es \u00f3bice para que el hombre vaya y vuelva del gimnasio andando. \u00abY por la tarde, todos los d\u00edas, camino 15 kil\u00f3metros.&nbsp;<strong>Lo controlo con una pulsera que tengo<\/strong>\u00ab, cuenta a EL ESPA\u00d1OL. Charo Nimo asiente. \u00abEl otro d\u00eda llov\u00eda much\u00edsimo y claro, \u00e9l vive en las afueras. Pues ni por \u00e9sas acepta que lo lleven en coche. Dice que le da igual la lluvia y que si llueve no encoge\u00bb, recuerda riendo.<\/p>\n\n\n\n<figure class=\"wp-block-image\"><img decoding=\"async\" src=\"https:\/\/s1.elespanol.com\/2025\/03\/21\/actualidad\/932916907_254076312_1024x576.png\" alt=\"\"\/><\/figure>\n\n\n\n<p><a href=\"https:\/\/www.elespanol.com\/mujer\/salud-bienestar\/sencillo-ejercicio-baja-azucar-sangre-recomiendan-medicos-espana-partir-kwi\/932906980_0.html?utm_cmp_rs=relatednewsinline\">El sencillo ejercicio que baja el az\u00facar en sangre y recomiendan los m\u00e9dicos en Espa\u00f1a a partir de los 30<\/a><\/p>\n\n\n\n<p id=\"paragraph_4\">En el gimnasio, lo que m\u00e1s le gusta practicar es remo. Comenz\u00f3 al enviudar, en 2017. \u00abAntes se atiende lo de casa que lo de afuera\u00bb, resume para explicar por qu\u00e9 no practicaba deporte, y ahora s\u00ed. Comenz\u00f3&nbsp;<strong>a los 4 meses de enviudar<\/strong>. Ni con la pandemia dej\u00f3 de asistir en cuanto fue posible.<\/p>\n\n\n\n<p id=\"paragraph_5\">Natural de la comarca de Valdeorras, lindando con Le\u00f3n, \u00abdel Godello\u00bb,&nbsp;se cas\u00f3 con apenas 21 a\u00f1os. Su mujer ten\u00eda 18. Tiene&nbsp;<strong>cuatro hijas y cuatro nietas<\/strong>. \u00abOtros tiempos\u00bb, resume. Porque, incide, \u00abyo naci\u00f3 en 1934 y en el 36 vino Paco. Y mira c\u00f3mo and\u00e1is ahora vosotros\u00bb. Y de andar sabe Guillermo.<\/p>\n\n\n\n<h3 class=\"wp-block-heading\">La rutina<\/h3>\n\n\n\n<p id=\"paragraph_6\">Todas las ma\u00f1anas se despierta muy temprano, \u00aby me levanto, voy al ba\u00f1o, que lo tengo a tres metros, y luego ejercito los pies&nbsp;<strong>moviendo las articulaciones<\/strong>. Porque los m\u00fasculos, cuando has estado dormido, est\u00e1n relajados. Luego me pongo a calentar andando por casa\u00bb. A continuaci\u00f3n,&nbsp;<a href=\"https:\/\/www.elespanol.com\/reportajes\/20250228\/panadera-pan-jamas-recomendaria-clientes-lleva-quimicos-consumen-kwi\/927657542_0.html?utm_cmp_rs=linksinline\">desayuna y sale<\/a>&nbsp;hacia el gimnasio. Andando. Entra de los primeros.<\/p>\n\n\n\n<p id=\"paragraph_7\">All\u00ed practica&nbsp;<strong>media hora de remo<\/strong>, que es un ejercicio de fuerza. Luego, a la piscina, donde practica media hora de&nbsp;<strong>nataci\u00f3n<\/strong>. De ah\u00ed pasa al jacuzzi y luego a la sauna. Por la tarde sale a caminar. Lo hace de lunes a viernes sin falta.<\/p>\n\n\n\n<p id=\"paragraph_8\"><strong>-\u00bfA caminar sale usted acompa\u00f1ado?<\/strong><\/p>\n\n\n\n<p id=\"paragraph_9\"><strong>-No. Ando solo. Lo hago as\u00ed por dos motivos: porque a mi edad no hay nadie que tenga la&nbsp;<em>chimenea<\/em>&nbsp;como yo [refiri\u00e9ndose a la rapidez mental]. Y tampoco hay nadie que me siga el ritmo que yo llevo.<\/strong><\/p>\n\n\n\n<p id=\"paragraph_10\">Lleva una vida \u00abmet\u00f3dica\u00bb. Come bien a mediod\u00eda y&nbsp;<strong>almuerza temprano<\/strong>, alrededor de la una. Antes, a media ma\u00f1ana, se come&nbsp;<strong>un yogur<\/strong>&nbsp;natural con az\u00facar de ca\u00f1a. \u00abA ver, generalmente yo tiro m\u00e1s por&nbsp;<strong><a href=\"https:\/\/www.elespanol.com\/reportajes\/20250202\/verdulero-verdura-no-recomiendo-clientes-dificil-digerir\/920658465_0.html?utm_cmp_rs=linksinline\">la fruta y la verdura<\/a><\/strong>. Para almorzar solo tomo un plato, y luego fruta y un descafeinado\u00bb.<\/p>\n\n\n\n<p id=\"paragraph_11\">Ya por la tarde, \u00absi viene mi hija a verme, pues me tomo un t\u00e9. Pero por acompa\u00f1arla\u00bb. \u00bfY&nbsp;<strong>la cena<\/strong>? \u00abNormalmente&nbsp;<strong>un pl\u00e1tano<\/strong>, y me voy a dormir. Pero yo como de todo. Lo que no quiero es que mis hijas me traigan t\u00e1pers\u00bb.<\/p>\n\n\n\n<p id=\"paragraph_12\">As\u00ed se explica que con 90 a\u00f1os no tome ni una pastilla. \u00ab<strong>No tengo colesterol y la tensi\u00f3n la tengo bien<\/strong>\u00ab, detalla. Aunque en estos d\u00edas se ha lesionado y le duele la ci\u00e1tica. \u00abMi nieta, que es m\u00e9dico, me dijo que a ella tambi\u00e9n le hab\u00eda dado una vez\u00bb, explica para quitarle importancia.<\/p>\n\n\n\n<p id=\"paragraph_13\">Le han mandado antiinflamatorios, \u00aby entonces s\u00ed me estoy tomando la medicaci\u00f3n. Y un&nbsp;<strong>omeoprazol<\/strong>, porque yo nunca he tomado pastillas, no me he puesto nunca malo y me ha dicho el m\u00e9dico que as\u00ed de golpe me pueden hacer da\u00f1o al est\u00f3mago\u00bb.<\/p>\n\n\n\n<p id=\"paragraph_14\">S\u00ed ha ido al fisioterapeuta. \u00abMe lo recomend\u00f3 el director del gimnasio. El fisioterapeuta me puso bocabajo en la camilla, y se puso a meterme el dedo gordo en los tendones. Luego una toalla metida por los muslos, y se puso a tirar como si fuera una sierra. Qu\u00e9 dolor.&nbsp;<strong>No vuelvo<\/strong>. He ido a que me pinchen al ambulatorio cuando no me podido m\u00e1s, y tengo cita con el m\u00e9dico el 2 de abril\u00bb.<\/p>\n\n\n\n<figure class=\"wp-block-image\"><img decoding=\"async\" src=\"https:\/\/s1.elespanol.com\/2025\/03\/10\/mujer\/salud-bienestar\/930167318_253773089_1024x576.jpg\" alt=\"\"\/><\/figure>\n\n\n\n<p><a href=\"https:\/\/www.elespanol.com\/mujer\/salud-bienestar\/20241129\/pereza-gimnasio-puedes-superar-barrera-psicologica-impide-coger-pesa\/904409763_0.html?utm_cmp_rs=relatednewsinline\">La pereza del gimnasio: as\u00ed puedes superar esta barrera psicol\u00f3gica que te impide coger una pesa<\/a><\/p>\n\n\n\n<p id=\"paragraph_15\">En el gimnasio, adem\u00e1s de remo en m\u00e1quina, \u00abnado media hora, que me da para hacer diez largos, a mi ritmo.&nbsp;<strong>Yo no fuerzo nada<\/strong>. Hay gente que va al gimnasio y no sabe hacer deporte: lo que hacen es que se machacan el cuerpo\u00bb. Eso lo constata tambi\u00e9n cuando anda. \u00abPor ah\u00ed hay algunos de 40 andando que son un mont\u00f3n de&nbsp;<em>cascaos<\/em>&#8230;\u00bb<\/p>\n\n\n\n<p id=\"paragraph_16\">Guillermo cree que en general, \u00abla gente no hace ejercicio. Y quienes lo hacen, se piensan que hacer deporte es correr y sudar. No hace falta.&nbsp;<strong>No hay que forzar la m\u00e1quina<\/strong>. Hay que hacer deporte a un ritmo constante y sin esfuerzos\u00bb.<\/p>\n\n\n\n<p>Fuente: <a href=\"https:\/\/www.elespanol.com\/reportajes\/20250325\/metodo-diario-guillermo-arias-anos-camina-km-horas-gimnasio-no-toma-pastilla\/933657028_0.html\">https:\/\/www.elespanol.com\/reportajes\/20250325\/metodo-diario-guillermo-arias-anos-camina-km-horas-gimnasio-no-toma-pastilla\/933657028_0.html<\/a><\/p>\n","protected":false},"excerpt":{"rendered":"<p>\u00abComo bien a mediod\u00eda y ceno fruta\u00bb, cuenta este ferroviario jubilado que vive en Pontevedra y que comenz\u00f3 a practicar [&hellip;]<\/p>\n","protected":false},"author":1,"featured_media":96601,"comment_status":"open","ping_status":"open","sticky":false,"template":"","format":"standard","meta":{"site-sidebar-layout":"default","site-content-layout":"","ast-site-content-layout":"default","site-content-style":"default","site-sidebar-style":"default","ast-global-header-display":"","ast-banner-title-visibility":"","ast-main-header-display":"","ast-hfb-above-header-display":"","ast-hfb-below-header-display":"","ast-hfb-mobile-header-display":"","site-post-title":"","ast-breadcrumbs-content":"","ast-featured-img":"","footer-sml-layout":"","theme-transparent-header-meta":"","adv-header-id-meta":"","stick-header-meta":"","header-above-stick-meta":"","header-main-stick-meta":"","header-below-stick-meta":"","astra-migrate-meta-layouts":"default","ast-page-background-enabled":"default","ast-page-background-meta":{"desktop":{"background-color":"var(--ast-global-color-4)","background-image":"","background-repeat":"repeat","background-position":"center center","background-size":"auto","background-attachment":"scroll","background-type":"","background-media":"","overlay-type":"","overlay-color":"","overlay-opacity":"","overlay-gradient":""},"tablet":{"background-color":"","background-image":"","background-repeat":"repeat","background-position":"center center","background-size":"auto","background-attachment":"scroll","background-type":"","background-media":"","overlay-type":"","overlay-color":"","overlay-opacity":"","overlay-gradient":""},"mobile":{"background-color":"","background-image":"","background-repeat":"repeat","background-position":"center center","background-size":"auto","background-attachment":"scroll","background-type":"","background-media":"","overlay-type":"","overlay-color":"","overlay-opacity":"","overlay-gradient":""}},"ast-content-background-meta":{"desktop":{"background-color":"var(--ast-global-color-5)","background-image":"","background-repeat":"repeat","background-position":"center center","background-size":"auto","background-attachment":"scroll","background-type":"","background-media":"","overlay-type":"","overlay-color":"","overlay-opacity":"","overlay-gradient":""},"tablet":{"background-color":"var(--ast-global-color-5)","background-image":"","background-repeat":"repeat","background-position":"center center","background-size":"auto","background-attachment":"scroll","background-type":"","background-media":"","overlay-type":"","overlay-color":"","overlay-opacity":"","overlay-gradient":""},"mobile":{"background-color":"var(--ast-global-color-5)","background-image":"","background-repeat":"repeat","background-position":"center center","background-size":"auto","background-attachment":"scroll","background-type":"","background-media":"","overlay-type":"","overlay-color":"","overlay-opacity":"","overlay-gradient":""}},"footnotes":""},"categories":[8],"tags":[36852,36854,36851,36853],"class_list":["post-96600","post","type-post","status-publish","format-standard","has-post-thumbnail","hentry","category-noticias","tag-90-anos-y-vida-sana","tag-caminata","tag-guillermo-arias","tag-habitps-diarios"],"_links":{"self":[{"href":"https:\/\/losperiodistas.com.mx\/portal\/wp-json\/wp\/v2\/posts\/96600","targetHints":{"allow":["GET"]}}],"collection":[{"href":"https:\/\/losperiodistas.com.mx\/portal\/wp-json\/wp\/v2\/posts"}],"about":[{"href":"https:\/\/losperiodistas.com.mx\/portal\/wp-json\/wp\/v2\/types\/post"}],"author":[{"embeddable":true,"href":"https:\/\/losperiodistas.com.mx\/portal\/wp-json\/wp\/v2\/users\/1"}],"replies":[{"embeddable":true,"href":"https:\/\/losperiodistas.com.mx\/portal\/wp-json\/wp\/v2\/comments?post=96600"}],"version-history":[{"count":1,"href":"https:\/\/losperiodistas.com.mx\/portal\/wp-json\/wp\/v2\/posts\/96600\/revisions"}],"predecessor-version":[{"id":96602,"href":"https:\/\/losperiodistas.com.mx\/portal\/wp-json\/wp\/v2\/posts\/96600\/revisions\/96602"}],"wp:featuredmedia":[{"embeddable":true,"href":"https:\/\/losperiodistas.com.mx\/portal\/wp-json\/wp\/v2\/media\/96601"}],"wp:attachment":[{"href":"https:\/\/losperiodistas.com.mx\/portal\/wp-json\/wp\/v2\/media?parent=96600"}],"wp:term":[{"taxonomy":"category","embeddable":true,"href":"https:\/\/losperiodistas.com.mx\/portal\/wp-json\/wp\/v2\/categories?post=96600"},{"taxonomy":"post_tag","embeddable":true,"href":"https:\/\/losperiodistas.com.mx\/portal\/wp-json\/wp\/v2\/tags?post=96600"}],"curies":[{"name":"wp","href":"https:\/\/api.w.org\/{rel}","templated":true}]}}