{"id":96587,"date":"2025-03-25T06:39:57","date_gmt":"2025-03-25T12:39:57","guid":{"rendered":"https:\/\/losperiodistas.com.mx\/portal\/?p=96587"},"modified":"2025-03-25T06:39:58","modified_gmt":"2025-03-25T12:39:58","slug":"el-leon-cree-que-todos-son-de-su-condicion-dice-riestra-a-camarillo","status":"publish","type":"post","link":"https:\/\/losperiodistas.com.mx\/portal\/el-leon-cree-que-todos-son-de-su-condicion-dice-riestra-a-camarillo\/","title":{"rendered":"El le\u00f3n cree que todos son de su condici\u00f3n dice Riestra a Camarillo"},"content":{"rendered":"\n<figure class=\"wp-block-embed is-type-rich is-provider-twitter wp-block-embed-twitter\"><div class=\"wp-block-embed__wrapper\">\n<blockquote class=\"twitter-tweet\" data-width=\"500\" data-dnt=\"true\"><p lang=\"es\" dir=\"ltr\">El le\u00f3n cree que todos son de su condici\u00f3n y el PRI est\u00e1 acostumbrado a no ser oposici\u00f3n.<br><br>Nuestra postura ante las declaraciones del l\u00edder del tricolor que buscan desviar la atenci\u00f3n de sus pobres resultados.<br><br>Su presidente es responsable de la ca\u00edda sistem\u00e1tica en su votaci\u00f3n. <a href=\"https:\/\/t.co\/cmNuB0lksT\">pic.twitter.com\/cmNuB0lksT<\/a><\/p>&mdash; PANPUEBLA (@PANPuebla2427) <a href=\"https:\/\/twitter.com\/PANPuebla2427\/status\/1904363260846940234?ref_src=twsrc%5Etfw\">March 25, 2025<\/a><\/blockquote><script async src=\"https:\/\/platform.twitter.com\/widgets.js\" charset=\"utf-8\"><\/script>\n<\/div><\/figure>\n\n\n\n<p class=\"has-vivid-red-color has-text-color has-link-color has-medium-font-size wp-elements-110be2caf9a2b78744e1dcee3b8ab82e\">COMUNICADO<\/p>\n\n\n\n<p>El Comit\u00e9 Directivo Estatal del Partido Acci\u00f3n Nacional en Puebla lamenta las declaraciones emitidas por la Dirigencia Estatal del PRI, donde se sugiri\u00f3 que la alianza entre ambos partidos para las elecciones de 2027 podr\u00eda verse afectada por acuerdos con el oficialismo.<\/p>\n\n\n\n<p>Estas afirmaciones carecen de fundamento y distorsionan la realidad pol\u00edtica actual. El PAN ha mantenido una postura clara de oposici\u00f3n, tanto en el \u00e1mbito federal como local, y cualquier insinuaci\u00f3n de acercamiento con Morena, en los t\u00e9rminos que lo plantea el dirigente del PRI, es inexacta y dolosa.<\/p>\n\n\n\n<p>La pol\u00edtica es di\u00e1logo, negociaci\u00f3n y la construcci\u00f3n de acuerdos, sin embargo, Acci\u00f3n Nacional siempre lo ha hecho de frente y con transparencia, sin tener nada que ocultar.<\/p>\n\n\n\n<p>Nosotros no tenemos nada de qu\u00e9 avergonzarnos, ni si quiera de nuestra alianza con el PRI, a pesar de las cr\u00edticas que esto nos gener\u00f3. Resulta preocupante que el dirigente del PRI pretenda trasladar la responsabilidad de sus resultados a una supuesta \u00abtraici\u00f3n\u00bb por parte del PAN.<\/p>\n\n\n\n<p>Lo que tendr\u00eda que responder el dirigente priista es: \u00bfD\u00f3nde quedaron todos los votos del PRI del a\u00f1o pasado?, \u00bfD\u00f3nde qued\u00f3 la fuerza de sus expresidentes municipales? Los recientes resultados confirman que gran parte de ese partido, ya se fue al partido oficialista.<\/p>\n\n\n\n<p>El PRI est\u00e1 en v\u00edas de extinci\u00f3n, ninguno de los \u00faltimos 5 candidatos a gobernador milita ya en ese instituto actualmente. La mayor parte de esa debacle se debe justamente, a sus actuales dirigentes, tanto nacional, como estatal, quienes han traicionado a su militancia, por agandallarse posiciones y privilegios.<\/p>\n\n\n\n<p>La realidad es innegable: el PRI ha perdido progresivamente el respaldo ciudadano debido a una desconexi\u00f3n con las demandas sociales y a una falta de renovaci\u00f3n interna.<\/p>\n\n\n\n<p>Por el contrario, a pesar de la complejidad de los tiempos pol\u00edticos, el PAN, no solo se ha mantenido, sino que se ha fortalecido. En las \u00faltimas elecciones, Acci\u00f3n Nacional ha puesto los votos y el PRI se agandall\u00f3 las plurinominales, les recordamos que esa senadur\u00eda es panista, pues los votos los aport\u00f3 el PAN, con 512 mil 416 votos, mientras el PRI solamente 242 mil 856.<\/p>\n\n\n\n<p>Las elecciones extraordinarias en el estado de Puebla han sido las primeras en el pa\u00eds, en las que el PAN decidi\u00f3 no ir acompa\u00f1ado del PRI. Fue una decisi\u00f3n exclusiva del Partido Acci\u00f3n Nacional.<\/p>\n\n\n\n<p>Los resultados confirmaron que fue una decisi\u00f3n acertada no solamente se gan\u00f3 Venustiano Carranza, sino que se increment\u00f3 la votaci\u00f3n. Se gan\u00f3 con Marco Valencia, que por cierto es miembro activo del PAN desde 2020 y los votos crecieron de 5 mil 686 a 7 mil 62.<\/p>\n\n\n\n<p>Esto confirma que la alianza con el PRI nos contamina. Mientras tanto en Ayotoxco de Guerrero los votos panistas pr\u00e1cticamente se mantuvieron.<\/p>\n\n\n\n<p>En contra posici\u00f3n, la votaci\u00f3n del PRI se desplom\u00f3 ayer. Queda claro que este instituto recib\u00eda respiraci\u00f3n artificial gracias a la alianza. Su votaci\u00f3n se desplom\u00f3 de 6 mil 722 en Chignahuapan a 398. Y de 757 en Xiutetelco a 475.<\/p>\n\n\n\n<p>El verdadero desaf\u00edo para el PRI no est\u00e1 en las decisiones del PAN, sino en su capacidad para ofrecer una alternativa pol\u00edtica cre\u00edble y competitiva.<\/p>\n\n\n\n<p>En el PAN estamos enfocados en consolidar una oferta pol\u00edtica clara y cercana a las necesidades de la ciudadan\u00eda. Las descalificaciones y acusaciones infundadas solo debilitan la posibilidad de construir una oposici\u00f3n s\u00f3lida y unida.<\/p>\n\n\n\n<p>Hacemos un llamado al dirigente del PRI a que haga un ejercicio de autocr\u00edtica y a que se conduzca con responsabilidad pol\u00edtica, dejando de lado las confrontaciones est\u00e9riles. Manifestamos nuestro respeto absoluto a la base militantes y los simpatizantes de dicho instituto pol\u00edtico, y refrendamos nuestra invitaci\u00f3n a seguir trabajando con ellos, en la construcci\u00f3n de una alternativa real para Puebla y para M\u00e9xico.<\/p>\n\n\n\n<p><\/p>\n","protected":false},"excerpt":{"rendered":"<p>COMUNICADO El Comit\u00e9 Directivo Estatal del Partido Acci\u00f3n Nacional en Puebla lamenta las declaraciones emitidas por la Dirigencia Estatal del [&hellip;]<\/p>\n","protected":false},"author":1,"featured_media":96588,"comment_status":"open","ping_status":"open","sticky":false,"template":"","format":"standard","meta":{"site-sidebar-layout":"default","site-content-layout":"","ast-site-content-layout":"default","site-content-style":"default","site-sidebar-style":"default","ast-global-header-display":"","ast-banner-title-visibility":"","ast-main-header-display":"","ast-hfb-above-header-display":"","ast-hfb-below-header-display":"","ast-hfb-mobile-header-display":"","site-post-title":"","ast-breadcrumbs-content":"","ast-featured-img":"","footer-sml-layout":"","theme-transparent-header-meta":"","adv-header-id-meta":"","stick-header-meta":"","header-above-stick-meta":"","header-main-stick-meta":"","header-below-stick-meta":"","astra-migrate-meta-layouts":"default","ast-page-background-enabled":"default","ast-page-background-meta":{"desktop":{"background-color":"var(--ast-global-color-4)","background-image":"","background-repeat":"repeat","background-position":"center center","background-size":"auto","background-attachment":"scroll","background-type":"","background-media":"","overlay-type":"","overlay-color":"","overlay-opacity":"","overlay-gradient":""},"tablet":{"background-color":"","background-image":"","background-repeat":"repeat","background-position":"center center","background-size":"auto","background-attachment":"scroll","background-type":"","background-media":"","overlay-type":"","overlay-color":"","overlay-opacity":"","overlay-gradient":""},"mobile":{"background-color":"","background-image":"","background-repeat":"repeat","background-position":"center center","background-size":"auto","background-attachment":"scroll","background-type":"","background-media":"","overlay-type":"","overlay-color":"","overlay-opacity":"","overlay-gradient":""}},"ast-content-background-meta":{"desktop":{"background-color":"var(--ast-global-color-5)","background-image":"","background-repeat":"repeat","background-position":"center center","background-size":"auto","background-attachment":"scroll","background-type":"","background-media":"","overlay-type":"","overlay-color":"","overlay-opacity":"","overlay-gradient":""},"tablet":{"background-color":"var(--ast-global-color-5)","background-image":"","background-repeat":"repeat","background-position":"center center","background-size":"auto","background-attachment":"scroll","background-type":"","background-media":"","overlay-type":"","overlay-color":"","overlay-opacity":"","overlay-gradient":""},"mobile":{"background-color":"var(--ast-global-color-5)","background-image":"","background-repeat":"repeat","background-position":"center center","background-size":"auto","background-attachment":"scroll","background-type":"","background-media":"","overlay-type":"","overlay-color":"","overlay-opacity":"","overlay-gradient":""}},"footnotes":""},"categories":[8],"tags":[4881,8548,248,1978],"class_list":["post-96587","post","type-post","status-publish","format-standard","has-post-thumbnail","hentry","category-noticias","tag-mario-riestra","tag-nestor-camarillo","tag-pan","tag-pri"],"_links":{"self":[{"href":"https:\/\/losperiodistas.com.mx\/portal\/wp-json\/wp\/v2\/posts\/96587","targetHints":{"allow":["GET"]}}],"collection":[{"href":"https:\/\/losperiodistas.com.mx\/portal\/wp-json\/wp\/v2\/posts"}],"about":[{"href":"https:\/\/losperiodistas.com.mx\/portal\/wp-json\/wp\/v2\/types\/post"}],"author":[{"embeddable":true,"href":"https:\/\/losperiodistas.com.mx\/portal\/wp-json\/wp\/v2\/users\/1"}],"replies":[{"embeddable":true,"href":"https:\/\/losperiodistas.com.mx\/portal\/wp-json\/wp\/v2\/comments?post=96587"}],"version-history":[{"count":1,"href":"https:\/\/losperiodistas.com.mx\/portal\/wp-json\/wp\/v2\/posts\/96587\/revisions"}],"predecessor-version":[{"id":96589,"href":"https:\/\/losperiodistas.com.mx\/portal\/wp-json\/wp\/v2\/posts\/96587\/revisions\/96589"}],"wp:featuredmedia":[{"embeddable":true,"href":"https:\/\/losperiodistas.com.mx\/portal\/wp-json\/wp\/v2\/media\/96588"}],"wp:attachment":[{"href":"https:\/\/losperiodistas.com.mx\/portal\/wp-json\/wp\/v2\/media?parent=96587"}],"wp:term":[{"taxonomy":"category","embeddable":true,"href":"https:\/\/losperiodistas.com.mx\/portal\/wp-json\/wp\/v2\/categories?post=96587"},{"taxonomy":"post_tag","embeddable":true,"href":"https:\/\/losperiodistas.com.mx\/portal\/wp-json\/wp\/v2\/tags?post=96587"}],"curies":[{"name":"wp","href":"https:\/\/api.w.org\/{rel}","templated":true}]}}