{"id":96242,"date":"2025-03-19T09:13:54","date_gmt":"2025-03-19T15:13:54","guid":{"rendered":"https:\/\/losperiodistas.com.mx\/portal\/?p=96242"},"modified":"2025-03-19T09:13:56","modified_gmt":"2025-03-19T15:13:56","slug":"muere-reinaldo-herrera-el-marido-de-la-disenadora-carolina-herrera-a-los-91-anos-el-espanol","status":"publish","type":"post","link":"https:\/\/losperiodistas.com.mx\/portal\/muere-reinaldo-herrera-el-marido-de-la-disenadora-carolina-herrera-a-los-91-anos-el-espanol\/","title":{"rendered":"Muere Reinaldo Herrera, el marido de la dise\u00f1adora Carolina Herrera, a los 91 a\u00f1os | El Espa\u00f1ol"},"content":{"rendered":"\n<h2 class=\"wp-block-heading has-pale-pink-background-color has-background\">Ha perdido la vida este martes, 18 de marzo de 2025, en su casa de Manhattan. Era el padre de Carolina Adriana y Patricia Herrera.<\/h2>\n\n\n\n<figure class=\"wp-block-image size-large\"><img fetchpriority=\"high\" decoding=\"async\" width=\"1024\" height=\"576\" src=\"https:\/\/losperiodistas.com.mx\/portal\/wp-content\/uploads\/2025\/03\/932416791_254005593_1706x960-1024x576.webp\" alt=\"\" class=\"wp-image-96243\" srcset=\"https:\/\/losperiodistas.com.mx\/portal\/wp-content\/uploads\/2025\/03\/932416791_254005593_1706x960-1024x576.webp 1024w, https:\/\/losperiodistas.com.mx\/portal\/wp-content\/uploads\/2025\/03\/932416791_254005593_1706x960-300x169.webp 300w, https:\/\/losperiodistas.com.mx\/portal\/wp-content\/uploads\/2025\/03\/932416791_254005593_1706x960-768x432.webp 768w, https:\/\/losperiodistas.com.mx\/portal\/wp-content\/uploads\/2025\/03\/932416791_254005593_1706x960-1536x864.webp 1536w, https:\/\/losperiodistas.com.mx\/portal\/wp-content\/uploads\/2025\/03\/932416791_254005593_1706x960.webp 1706w\" sizes=\"(max-width: 1024px) 100vw, 1024px\" \/><figcaption class=\"wp-element-caption\">Carolina Herrera y Reinaldo Herrera, en una imagen de redes sociales.\u00a0Instagram<\/figcaption><\/figure>\n\n\n\n<p><\/p>\n\n\n\n<p class=\"has-vivid-red-color has-text-color has-link-color has-medium-font-size wp-elements-1f48f660a9ff462b610fb662439d76d5\"><strong>Cristina Brunetti \/ El Espa\u00f1ol<\/strong><\/p>\n\n\n\n<p id=\"paragraph_1\">Triste p\u00e9rdida para&nbsp;<a href=\"https:\/\/www.elespanol.com\/corazon\/celebrities\/20200918\/carolina-herrera-secretos-intimos-revelados-documental\/521448302_0.html?utm_cmp_rs=linksinline\"><strong>Carolina Herrera<\/strong><\/a>&nbsp;(86 a\u00f1os). Este martes, 18 de marzo de 2025,<strong>&nbsp;ha fallecido su marido<\/strong>,<strong>&nbsp;Reinaldo Herrera<\/strong>,<strong>&nbsp;a los 91 a\u00f1os<\/strong>, en su casa de Manhattan. El arist\u00f3crata era el padre de las dos hijas m\u00e1s peque\u00f1as de la dise\u00f1adora,&nbsp;<a href=\"https:\/\/www.elespanol.com\/corazon\/famosos\/20230302\/complicado-pasado-sentimental-novio-carolina-adriana-herrera\/745175614_0.html?utm_cmp_rs=linksinline\"><strong>Carolina Adriana&nbsp;<\/strong><\/a>(55) y<strong>&nbsp;Patricia<\/strong>&nbsp;(50).<\/p>\n\n\n\n<p id=\"paragraph_2\">Hasta ahora,&nbsp;<strong>ninguna de ellas se ha pronunciado sobre la p\u00e9rdida<\/strong>&nbsp;de Reinaldo Herrera. Tampoco han trascendido las causas de su fallecimiento. La noticia ha sido difundida por la comunicadora venezolana&nbsp;<strong>Titina Penzini<\/strong>.<\/p>\n\n\n\n<p id=\"paragraph_3\">\u00abSiempre ser\u00e1s recordado con mucho cari\u00f1o, Reinaldo.&nbsp;<strong>Mis m\u00e1s sinceras condolencias<\/strong>&nbsp;a mi querida Carolina, Mercedes, Ana Luisa, Carolina Jr., Patricia y toda la familia\u00bb, ha escrito la experta en moda en sus redes sociales, mencionando, adem\u00e1s, a las dos hijas mayores de la dise\u00f1adora, fruto de su primer matrimonio.<\/p>\n\n\n\n<figure class=\"wp-block-image size-large\"><img decoding=\"async\" width=\"1022\" height=\"1024\" src=\"https:\/\/losperiodistas.com.mx\/portal\/wp-content\/uploads\/2025\/03\/Captura-de-pantalla-2025-03-19-a-las-9.09.25\u202fa.m-1022x1024.png\" alt=\"\" class=\"wp-image-96244\" srcset=\"https:\/\/losperiodistas.com.mx\/portal\/wp-content\/uploads\/2025\/03\/Captura-de-pantalla-2025-03-19-a-las-9.09.25\u202fa.m-1022x1024.png 1022w, https:\/\/losperiodistas.com.mx\/portal\/wp-content\/uploads\/2025\/03\/Captura-de-pantalla-2025-03-19-a-las-9.09.25\u202fa.m-300x300.png 300w, https:\/\/losperiodistas.com.mx\/portal\/wp-content\/uploads\/2025\/03\/Captura-de-pantalla-2025-03-19-a-las-9.09.25\u202fa.m-150x150.png 150w, https:\/\/losperiodistas.com.mx\/portal\/wp-content\/uploads\/2025\/03\/Captura-de-pantalla-2025-03-19-a-las-9.09.25\u202fa.m-768x769.png 768w, https:\/\/losperiodistas.com.mx\/portal\/wp-content\/uploads\/2025\/03\/Captura-de-pantalla-2025-03-19-a-las-9.09.25\u202fa.m.png 1200w\" sizes=\"(max-width: 1022px) 100vw, 1022px\" \/><figcaption class=\"wp-element-caption\"><a href=\"https:\/\/www.instagram.com\/p\/DHW15SWu_Kh\/?utm_source=ig_web_copy_link\">VER EN INSTAGRAM<\/a><\/figcaption><\/figure>\n\n\n\n<p><\/p>\n\n\n\n<p id=\"paragraph_4\">Aunque siempre se mantuvo en un discreto segundo plano, Reinaldo Herrera, como su mujer,&nbsp;<strong>fue un personaje influyente en la industria de la moda<\/strong>. Adem\u00e1s, una&nbsp;<strong>destacada figura en la alta sociedad de su pa\u00eds<\/strong>.<\/p>\n\n\n\n<p id=\"paragraph_5\">Era&nbsp;<strong>hijo del arist\u00f3crata Reinaldo Herrera Uslar<\/strong>, marqu\u00e9s de la Torre Casa, y Mimi Herrera Uslar, conocida en la alta sociedad de Caracas. Profesionalmente, se desempe\u00f1\u00f3 como&nbsp;<strong>editor de la revista&nbsp;<em>Vanity Fair<\/em><\/strong>, siendo el responsable de codiciadas listas y rankings sobre las mejores vestidas. La propia Carolina apareci\u00f3 en la lista de 1971, cuando apenas ten\u00eda 32 a\u00f1os.<\/p>\n\n\n\n<p id=\"paragraph_6\">Muchos le recuerdan por su codiciada agenda. Incluso fue invitado personal de la reina Isabel II en Windsor. Para la dise\u00f1adora fue<strong>&nbsp;un pilar fundamental<\/strong>, sobre todo en sus primeros a\u00f1os de carrera. Fue \u00e9l quien ayud\u00f3 a Carolina a relacionarse con destacadas personalidades de la&nbsp;<em>jet set<\/em>&nbsp;y el mundo de la moda, como&nbsp;<strong>Andy Warhol<\/strong>&nbsp;o la recordada&nbsp;<strong>Jacqueline Kennedy<\/strong>.<\/p>\n\n\n\n<p id=\"paragraph_7\">Adem\u00e1s, un gran apoyo en el auge de su firma, CH.&nbsp;<strong>De Reinaldo<\/strong>,<strong>&nbsp;la empresaria tambi\u00e9n adopt\u00f3 su apellido<\/strong>. Tras convertirse en marido y mujer, la dise\u00f1adora cambi\u00f3 el Mar\u00eda Carolina Josefina Pacanins Ni\u00f1o por Carolina Herrera, nombre que dio a su marca.<\/p>\n\n\n\n<p id=\"paragraph_8\">La venezolana conoci\u00f3 a su esposo en su ciudad natal, Caracas, cuando trabajaba con la firma italiana Pucci.&nbsp;<strong>Se dieron el&nbsp;<\/strong>&#8216;<strong>s\u00ed<\/strong>,<strong>&nbsp;quiero<\/strong>&#8216;<strong>&nbsp;en 1968 y&nbsp;<\/strong><strong>fruto de su matrimonio nacieron Carolina Adriana y Patricia Cristina Herrera<\/strong>. Este a\u00f1o, la dise\u00f1adora y su marido habr\u00edan cumplido 57 a\u00f1os casados.<\/p>\n\n\n\n<figure class=\"wp-block-image size-large\"><img decoding=\"async\" width=\"1024\" height=\"576\" src=\"https:\/\/losperiodistas.com.mx\/portal\/wp-content\/uploads\/2025\/03\/932416803_254006058_1706x960-1024x576.webp\" alt=\"\" class=\"wp-image-96245\" srcset=\"https:\/\/losperiodistas.com.mx\/portal\/wp-content\/uploads\/2025\/03\/932416803_254006058_1706x960-1024x576.webp 1024w, https:\/\/losperiodistas.com.mx\/portal\/wp-content\/uploads\/2025\/03\/932416803_254006058_1706x960-300x169.webp 300w, https:\/\/losperiodistas.com.mx\/portal\/wp-content\/uploads\/2025\/03\/932416803_254006058_1706x960-768x432.webp 768w, https:\/\/losperiodistas.com.mx\/portal\/wp-content\/uploads\/2025\/03\/932416803_254006058_1706x960-1536x864.webp 1536w, https:\/\/losperiodistas.com.mx\/portal\/wp-content\/uploads\/2025\/03\/932416803_254006058_1706x960.webp 1706w\" sizes=\"(max-width: 1024px) 100vw, 1024px\" \/><\/figure>\n\n\n\n<p>Carolina Herrera y su marido, Reinaldo, en un funeral en Nueva York, en 2019.&nbsp;Gtres<\/p>\n\n\n\n<p id=\"paragraph_9\"><strong>Cuando contrajeron matrimonio<\/strong>,&nbsp;<strong>Carolina Herrera ya era madre de sus dos hijas mayores<\/strong>,&nbsp;<strong>Mercedes y Ana Luisa<\/strong>, fruto de su primer matrimonio con Guillermo Behrens Tello, del que se separ\u00f3 en 1964.<\/p>\n\n\n\n<p id=\"paragraph_10\">12 a\u00f1os despu\u00e9s de celebrar su boda,&nbsp;<strong>en 1980<\/strong>, Carolina y Reinaldo Herrera&nbsp;<strong>se mudaron a Nueva York<\/strong>, donde la dise\u00f1adora consigui\u00f3 su \u00e9xito profesional. Precisamente en su mansi\u00f3n de la Gran Manzana, el arist\u00f3crata ha perdido la vida.<\/p>\n\n\n\n<p>Fuente: <a href=\"https:\/\/www.elespanol.com\/corazon\/celebrities\/20250319\/muere-reinaldo-herrera-marido-disenadora-carolina-anos\/932406783_0.html\">https:\/\/www.elespanol.com\/corazon\/celebrities\/20250319\/muere-reinaldo-herrera-marido-disenadora-carolina-anos\/932406783_0.html<\/a><\/p>\n\n\n\n<p><\/p>\n","protected":false},"excerpt":{"rendered":"<p>Ha perdido la vida este martes, 18 de marzo de 2025, en su casa de Manhattan. Era el padre de [&hellip;]<\/p>\n","protected":false},"author":1,"featured_media":96243,"comment_status":"open","ping_status":"open","sticky":false,"template":"","format":"standard","meta":{"site-sidebar-layout":"default","site-content-layout":"","ast-site-content-layout":"default","site-content-style":"default","site-sidebar-style":"default","ast-global-header-display":"","ast-banner-title-visibility":"","ast-main-header-display":"","ast-hfb-above-header-display":"","ast-hfb-below-header-display":"","ast-hfb-mobile-header-display":"","site-post-title":"","ast-breadcrumbs-content":"","ast-featured-img":"","footer-sml-layout":"","theme-transparent-header-meta":"","adv-header-id-meta":"","stick-header-meta":"","header-above-stick-meta":"","header-main-stick-meta":"","header-below-stick-meta":"","astra-migrate-meta-layouts":"default","ast-page-background-enabled":"default","ast-page-background-meta":{"desktop":{"background-color":"var(--ast-global-color-4)","background-image":"","background-repeat":"repeat","background-position":"center center","background-size":"auto","background-attachment":"scroll","background-type":"","background-media":"","overlay-type":"","overlay-color":"","overlay-opacity":"","overlay-gradient":""},"tablet":{"background-color":"","background-image":"","background-repeat":"repeat","background-position":"center center","background-size":"auto","background-attachment":"scroll","background-type":"","background-media":"","overlay-type":"","overlay-color":"","overlay-opacity":"","overlay-gradient":""},"mobile":{"background-color":"","background-image":"","background-repeat":"repeat","background-position":"center center","background-size":"auto","background-attachment":"scroll","background-type":"","background-media":"","overlay-type":"","overlay-color":"","overlay-opacity":"","overlay-gradient":""}},"ast-content-background-meta":{"desktop":{"background-color":"var(--ast-global-color-5)","background-image":"","background-repeat":"repeat","background-position":"center center","background-size":"auto","background-attachment":"scroll","background-type":"","background-media":"","overlay-type":"","overlay-color":"","overlay-opacity":"","overlay-gradient":""},"tablet":{"background-color":"var(--ast-global-color-5)","background-image":"","background-repeat":"repeat","background-position":"center center","background-size":"auto","background-attachment":"scroll","background-type":"","background-media":"","overlay-type":"","overlay-color":"","overlay-opacity":"","overlay-gradient":""},"mobile":{"background-color":"var(--ast-global-color-5)","background-image":"","background-repeat":"repeat","background-position":"center center","background-size":"auto","background-attachment":"scroll","background-type":"","background-media":"","overlay-type":"","overlay-color":"","overlay-opacity":"","overlay-gradient":""}},"footnotes":""},"categories":[8],"tags":[32079,36692,36693,36694],"class_list":["post-96242","post","type-post","status-publish","format-standard","has-post-thumbnail","hentry","category-noticias","tag-carolina-herrera","tag-reinaldo-herrera","tag-reinaldo-herrera-uslar","tag-vanity-fair"],"_links":{"self":[{"href":"https:\/\/losperiodistas.com.mx\/portal\/wp-json\/wp\/v2\/posts\/96242","targetHints":{"allow":["GET"]}}],"collection":[{"href":"https:\/\/losperiodistas.com.mx\/portal\/wp-json\/wp\/v2\/posts"}],"about":[{"href":"https:\/\/losperiodistas.com.mx\/portal\/wp-json\/wp\/v2\/types\/post"}],"author":[{"embeddable":true,"href":"https:\/\/losperiodistas.com.mx\/portal\/wp-json\/wp\/v2\/users\/1"}],"replies":[{"embeddable":true,"href":"https:\/\/losperiodistas.com.mx\/portal\/wp-json\/wp\/v2\/comments?post=96242"}],"version-history":[{"count":1,"href":"https:\/\/losperiodistas.com.mx\/portal\/wp-json\/wp\/v2\/posts\/96242\/revisions"}],"predecessor-version":[{"id":96246,"href":"https:\/\/losperiodistas.com.mx\/portal\/wp-json\/wp\/v2\/posts\/96242\/revisions\/96246"}],"wp:featuredmedia":[{"embeddable":true,"href":"https:\/\/losperiodistas.com.mx\/portal\/wp-json\/wp\/v2\/media\/96243"}],"wp:attachment":[{"href":"https:\/\/losperiodistas.com.mx\/portal\/wp-json\/wp\/v2\/media?parent=96242"}],"wp:term":[{"taxonomy":"category","embeddable":true,"href":"https:\/\/losperiodistas.com.mx\/portal\/wp-json\/wp\/v2\/categories?post=96242"},{"taxonomy":"post_tag","embeddable":true,"href":"https:\/\/losperiodistas.com.mx\/portal\/wp-json\/wp\/v2\/tags?post=96242"}],"curies":[{"name":"wp","href":"https:\/\/api.w.org\/{rel}","templated":true}]}}