{"id":96232,"date":"2025-03-19T08:33:47","date_gmt":"2025-03-19T14:33:47","guid":{"rendered":"https:\/\/losperiodistas.com.mx\/portal\/?p=96232"},"modified":"2025-03-19T08:33:49","modified_gmt":"2025-03-19T14:33:49","slug":"madres-buscadoras-en-mexico-piden-usar-fuerza-del-estado-ante-crisis-de-desaparecidos-efe","status":"publish","type":"post","link":"https:\/\/losperiodistas.com.mx\/portal\/madres-buscadoras-en-mexico-piden-usar-fuerza-del-estado-ante-crisis-de-desaparecidos-efe\/","title":{"rendered":"Madres buscadoras en M\u00e9xico piden usar fuerza del Estado ante crisis de desaparecidos | EFE"},"content":{"rendered":"\n<figure class=\"wp-block-image size-full\"><img fetchpriority=\"high\" decoding=\"async\" width=\"900\" height=\"600\" src=\"https:\/\/losperiodistas.com.mx\/portal\/wp-content\/uploads\/2025\/03\/MEX6882-MEXICO-DESAPARECIDOS.webp\" alt=\"\" class=\"wp-image-96233\" srcset=\"https:\/\/losperiodistas.com.mx\/portal\/wp-content\/uploads\/2025\/03\/MEX6882-MEXICO-DESAPARECIDOS.webp 900w, https:\/\/losperiodistas.com.mx\/portal\/wp-content\/uploads\/2025\/03\/MEX6882-MEXICO-DESAPARECIDOS-300x200.webp 300w, https:\/\/losperiodistas.com.mx\/portal\/wp-content\/uploads\/2025\/03\/MEX6882-MEXICO-DESAPARECIDOS-768x512.webp 768w\" sizes=\"(max-width: 900px) 100vw, 900px\" \/><figcaption class=\"wp-element-caption\">La integrante del colectivo &#8216;Memoria verdad y justicia&#8217;, Socorro Gil Guzm\u00e1n, posa durante una entrevista con EFE este martes, en Acapulco, estado de Guerrero (M\u00e9xico). EFE\/ David Guzm\u00e1n.<\/figcaption><\/figure>\n\n\n\n<p><\/p>\n\n\n\n<p class=\"has-vivid-red-color has-text-color has-link-color has-medium-font-size wp-elements-23db7e95974579b190d8bc7ea9a6cef6\"><strong>Agencia EFE<\/strong><\/p>\n\n\n\n<p>Acapulco (M\u00e9xico) (EFE).- Madres del estado de Guerrero, sur de M\u00e9xico, que buscan a sus hijos desaparecidos valoraron positivamente las reformas impulsadas por la presidenta, Claudia Sheinbaum, para usar \u00abtoda la fuerza del Estado\u00bb ante la crisis de miles de desaparecidos que sufre el pa\u00eds.<\/p>\n\n\n\n<p>As\u00ed lo indic\u00f3 a EFE durante una jornada de b\u00fasqueda este martes, Socorro Gil Guzm\u00e1n, cuyo hijo Jos\u00e9 Guadalupe Romero Gil, desapareci\u00f3 en 2018, quien exigi\u00f3 que las autoridades deben hacerse cargo \u00abporque no sirven tantas leyes, art\u00edculos y comisiones si siguen desapareciendo personas en el pa\u00eds y no las buscan\u00bb y apunt\u00f3 no confiar en la propuesta \u00abhasta que se vieran hechos y resultados\u00bb.<\/p>\n\n\n\n<figure class=\"wp-block-embed is-type-video is-provider-youtube wp-block-embed-youtube wp-embed-aspect-16-9 wp-has-aspect-ratio\"><div class=\"wp-block-embed__wrapper\">\n<iframe title=\"Madres buscadoras en M\u00e9xico piden usar fuerza del Estado ante la crisis de desaparecidos\" width=\"500\" height=\"281\" src=\"https:\/\/www.youtube.com\/embed\/LM--f9d__Xs?feature=oembed\" frameborder=\"0\" allow=\"accelerometer; autoplay; clipboard-write; encrypted-media; gyroscope; picture-in-picture; web-share\" referrerpolicy=\"strict-origin-when-cross-origin\" allowfullscreen><\/iframe>\n<\/div><\/figure>\n\n\n\n<p><\/p>\n\n\n\n<p>Las acciones de Sheinbaum se anunciaron despu\u00e9s de un jornada de protesta nacional este s\u00e1bado tras los hallazgos de restos \u00f3seos y ropa en un rancho en la localidad de Teuchitl\u00e1n, donde el grupo Guerreros Buscadores de Jalisco (oeste del pa\u00eds) denunci\u00f3 haber encontrado un \u00abcampo de concentraci\u00f3n y exterminio de reclutamiento\u00bb del crimen organizado y que ha provocado una ola de indignaci\u00f3n en M\u00e9xico.<\/p>\n\n\n\n<p>\u00abExiste gente en la Comisi\u00f3n Nacional de B\u00fasqueda, en la Comisi\u00f3n Ejecutiva de Atenci\u00f3n a V\u00edctimas (CEAV) estatal que no deber\u00edan de estar, no tienen empat\u00eda con las familias, en verdad no sirven que sigan inventando sus reformas o sus art\u00edculos o lo que sea y en verdad no los ponen en pr\u00e1ctica, nada m\u00e1s lo tienen en papel\u00bb, expuso Gil Guzm\u00e1n.<\/p>\n\n\n\n<figure class=\"wp-block-image\"><img decoding=\"async\" src=\"https:\/\/i0.wp.com\/efe.com\/wp-content\/uploads\/2025\/03\/MEX6886-MEXICO-DESAPARECIDOS.webp?resize=900%2C600&amp;ssl=1\" alt=\"\" class=\"wp-image-1749893\"\/><figcaption class=\"wp-element-caption\">Integrantes de la fiscal\u00eda estatal participan en la b\u00fasqueda de personas desaparecidas en Acapulco, estado de Guerrero (M\u00e9xico). EFE\/ David Guzm\u00e1n<\/figcaption><\/figure>\n\n\n\n<h2 class=\"wp-block-heading\" id=\"h-desamparo-en-la-busqueda-de-desaparecidos\">Desamparo en la b\u00fasqueda de desaparecidos<\/h2>\n\n\n\n<p>\u00abLas familias est\u00e1n solas, desamparadas, caminamos como podemos, buscamos con nuestros propios recursos y nos tenemos que mover para buscar a nuestros familiares\u00bb, agreg\u00f3 durante sus labores de b\u00fasqueda en el balneario tur\u00edstico de Acapulco.<\/p>\n\n\n\n<p>La representante de la colectiva Memoria, Verdad y Justicia asegur\u00f3 que el \u00abclaro ejemplo es Guerrero, donde las autoridades no se coordinan para realizar las b\u00fasquedas\u00bb, al lamentar que no hay investigaci\u00f3n y tampoco han disminuido la cifra de personas desaparecidas.<\/p>\n\n\n\n<figure class=\"wp-block-embed is-type-wp-embed is-provider-efe-noticias wp-block-embed-efe-noticias\"><div class=\"wp-block-embed__wrapper\">\n<blockquote class=\"wp-embedded-content\" data-secret=\"3lM1A7toOK\"><a href=\"https:\/\/efe.com\/mundo\/2025-01-31\/madres-buscadores-fosas-sonora\/\">Madres buscadoras hallan 35 fosas en el estado mexicano de Sonora<\/a><\/blockquote><iframe class=\"wp-embedded-content\" sandbox=\"allow-scripts\" security=\"restricted\" style=\"position: absolute; visibility: hidden;\" title=\"\u00abMadres buscadoras hallan 35 fosas en el estado mexicano de Sonora\u00bb \u2014 EFE Noticias\" src=\"https:\/\/efe.com\/mundo\/2025-01-31\/madres-buscadores-fosas-sonora\/embed\/#?secret=k1HnsfZ3NJ#?secret=3lM1A7toOK\" data-secret=\"3lM1A7toOK\" width=\"500\" height=\"282\" frameborder=\"0\" marginwidth=\"0\" marginheight=\"0\" scrolling=\"no\"><\/iframe>\n<\/div><\/figure>\n\n\n\n<p>Sheinbaum anunci\u00f3 el lunes cambios a la Ley General en Materia de Desaparici\u00f3n Forzada para crear la \u00abbase \u00fanica de informaci\u00f3n forense\u00bb con datos de las 32 fiscal\u00edas estatales y la Fiscal\u00eda General de la Rep\u00fablica (FGR), as\u00ed como una nueva \u00abplataforma federal de identificaci\u00f3n humana\u00bb.<\/p>\n\n\n\n<p>\u00abEn el pasado, la desaparici\u00f3n en M\u00e9xico era perpetrada por el Estado, ahora est\u00e1 principalmente vinculada a la delincuencia organizada. En cualquier caso es un delito grave que debe prevenirse, atenderse y sancionarse y, por ello, actuaremos en el marco de la ley y con toda la fuerza del Estado\u00bb, manifest\u00f3 la mandataria.<\/p>\n\n\n\n<figure class=\"wp-block-image\"><img decoding=\"async\" src=\"https:\/\/i0.wp.com\/efe.com\/wp-content\/uploads\/2025\/03\/MEX6881-MEXICO-DESAPARECIDOS.webp?resize=900%2C600&amp;ssl=1\" alt=\"\" class=\"wp-image-1749897\"\/><figcaption class=\"wp-element-caption\">Integrantes del colectivo \u2018Memoria verdad y justicia\u2019, participan en la b\u00fasqueda de personas desaparecidas en Acapulco, estado de Guerrero (M\u00e9xico). EFE\/ David Guzm\u00e1n.<\/figcaption><\/figure>\n\n\n\n<h2 class=\"wp-block-heading\" id=\"h-acciones-no-palabras\">Acciones, no palabras<\/h2>\n\n\n\n<p>Por su parte,Teresa Parra Gallegos \u00ablas acciones hablan m\u00e1s que las palabras\u00bb y por el momento \u00abno cree en ninguna autoridad\u00bb, ya que, dijo, ha estado sola y abandonada desde el 4 de noviembre de 2024 que desapareci\u00f3 su hijo, solo las<a href=\"https:\/\/efe.com\/mundo\/2025-01-31\/madres-buscadores-fosas-sonora\/\">&nbsp;madres<\/a>&nbsp;de la colectiva la han apoyado.<\/p>\n\n\n\n<p>\u00abNo es de que lo diga, es que lo haga (la presidenta), las acciones hablan m\u00e1s que las palabras (\u2026) tiene que poner un alto a todo esto, nadie m\u00e1s que ella lo puede hacer y obviamente nos debe de apoyar a todos los que estamos buscando a nuestros hijos\u00bb, coment\u00f3.<\/p>\n\n\n\n<p>M\u00e9xico acumula a la fecha m\u00e1s de 120.000 personas desaparecidas, seg\u00fan datos del Registro Nacional de Personas Desaparecidas y No Localizadas (RNPDNO), que contabiliza las desapariciones registradas desde la d\u00e9cada de 1960.<\/p>\n\n\n\n<p>Fuente: <a href=\"https:\/\/efe.com\/mundo\/2025-03-19\/reformas-mexico-crisis-desaparecidos\/\">https:\/\/efe.com\/mundo\/2025-03-19\/reformas-mexico-crisis-desaparecidos\/<\/a><\/p>\n","protected":false},"excerpt":{"rendered":"<p>Agencia EFE Acapulco (M\u00e9xico) (EFE).- Madres del estado de Guerrero, sur de M\u00e9xico, que buscan a sus hijos desaparecidos valoraron [&hellip;]<\/p>\n","protected":false},"author":1,"featured_media":96233,"comment_status":"open","ping_status":"open","sticky":false,"template":"","format":"standard","meta":{"site-sidebar-layout":"default","site-content-layout":"","ast-site-content-layout":"default","site-content-style":"default","site-sidebar-style":"default","ast-global-header-display":"","ast-banner-title-visibility":"","ast-main-header-display":"","ast-hfb-above-header-display":"","ast-hfb-below-header-display":"","ast-hfb-mobile-header-display":"","site-post-title":"","ast-breadcrumbs-content":"","ast-featured-img":"","footer-sml-layout":"","theme-transparent-header-meta":"","adv-header-id-meta":"","stick-header-meta":"","header-above-stick-meta":"","header-main-stick-meta":"","header-below-stick-meta":"","astra-migrate-meta-layouts":"default","ast-page-background-enabled":"default","ast-page-background-meta":{"desktop":{"background-color":"var(--ast-global-color-4)","background-image":"","background-repeat":"repeat","background-position":"center center","background-size":"auto","background-attachment":"scroll","background-type":"","background-media":"","overlay-type":"","overlay-color":"","overlay-opacity":"","overlay-gradient":""},"tablet":{"background-color":"","background-image":"","background-repeat":"repeat","background-position":"center center","background-size":"auto","background-attachment":"scroll","background-type":"","background-media":"","overlay-type":"","overlay-color":"","overlay-opacity":"","overlay-gradient":""},"mobile":{"background-color":"","background-image":"","background-repeat":"repeat","background-position":"center center","background-size":"auto","background-attachment":"scroll","background-type":"","background-media":"","overlay-type":"","overlay-color":"","overlay-opacity":"","overlay-gradient":""}},"ast-content-background-meta":{"desktop":{"background-color":"var(--ast-global-color-5)","background-image":"","background-repeat":"repeat","background-position":"center center","background-size":"auto","background-attachment":"scroll","background-type":"","background-media":"","overlay-type":"","overlay-color":"","overlay-opacity":"","overlay-gradient":""},"tablet":{"background-color":"var(--ast-global-color-5)","background-image":"","background-repeat":"repeat","background-position":"center center","background-size":"auto","background-attachment":"scroll","background-type":"","background-media":"","overlay-type":"","overlay-color":"","overlay-opacity":"","overlay-gradient":""},"mobile":{"background-color":"var(--ast-global-color-5)","background-image":"","background-repeat":"repeat","background-position":"center center","background-size":"auto","background-attachment":"scroll","background-type":"","background-media":"","overlay-type":"","overlay-color":"","overlay-opacity":"","overlay-gradient":""}},"footnotes":""},"categories":[8],"tags":[36682,17697,16383],"class_list":["post-96232","post","type-post","status-publish","format-standard","has-post-thumbnail","hentry","category-noticias","tag-desaparecidos-en-mexico","tag-estado-de-guerrero","tag-madres-buscadoras"],"_links":{"self":[{"href":"https:\/\/losperiodistas.com.mx\/portal\/wp-json\/wp\/v2\/posts\/96232","targetHints":{"allow":["GET"]}}],"collection":[{"href":"https:\/\/losperiodistas.com.mx\/portal\/wp-json\/wp\/v2\/posts"}],"about":[{"href":"https:\/\/losperiodistas.com.mx\/portal\/wp-json\/wp\/v2\/types\/post"}],"author":[{"embeddable":true,"href":"https:\/\/losperiodistas.com.mx\/portal\/wp-json\/wp\/v2\/users\/1"}],"replies":[{"embeddable":true,"href":"https:\/\/losperiodistas.com.mx\/portal\/wp-json\/wp\/v2\/comments?post=96232"}],"version-history":[{"count":1,"href":"https:\/\/losperiodistas.com.mx\/portal\/wp-json\/wp\/v2\/posts\/96232\/revisions"}],"predecessor-version":[{"id":96234,"href":"https:\/\/losperiodistas.com.mx\/portal\/wp-json\/wp\/v2\/posts\/96232\/revisions\/96234"}],"wp:featuredmedia":[{"embeddable":true,"href":"https:\/\/losperiodistas.com.mx\/portal\/wp-json\/wp\/v2\/media\/96233"}],"wp:attachment":[{"href":"https:\/\/losperiodistas.com.mx\/portal\/wp-json\/wp\/v2\/media?parent=96232"}],"wp:term":[{"taxonomy":"category","embeddable":true,"href":"https:\/\/losperiodistas.com.mx\/portal\/wp-json\/wp\/v2\/categories?post=96232"},{"taxonomy":"post_tag","embeddable":true,"href":"https:\/\/losperiodistas.com.mx\/portal\/wp-json\/wp\/v2\/tags?post=96232"}],"curies":[{"name":"wp","href":"https:\/\/api.w.org\/{rel}","templated":true}]}}