{"id":96224,"date":"2025-03-19T08:01:32","date_gmt":"2025-03-19T14:01:32","guid":{"rendered":"https:\/\/losperiodistas.com.mx\/portal\/?p=96224"},"modified":"2025-03-19T08:03:40","modified_gmt":"2025-03-19T14:03:40","slug":"opinion-voces-digitales-regiones-fragmentadas-veracruz-como-termometro-electoral-de-la-4t","status":"publish","type":"post","link":"https:\/\/losperiodistas.com.mx\/portal\/opinion-voces-digitales-regiones-fragmentadas-veracruz-como-termometro-electoral-de-la-4t\/","title":{"rendered":"Opini\u00f3n | Voces digitales, regiones fragmentadas: Veracruz como term\u00f3metro electoral de la 4T"},"content":{"rendered":"\n<figure class=\"wp-block-image alignright size-full is-resized\"><img fetchpriority=\"high\" decoding=\"async\" width=\"500\" height=\"500\" src=\"https:\/\/losperiodistas.com.mx\/portal\/wp-content\/uploads\/2024\/11\/WhatsApp-Image-2024-11-08-at-15.02.41-1.jpeg\" alt=\"\" class=\"wp-image-91308\" style=\"width:236px;height:auto\" srcset=\"https:\/\/losperiodistas.com.mx\/portal\/wp-content\/uploads\/2024\/11\/WhatsApp-Image-2024-11-08-at-15.02.41-1.jpeg 500w, https:\/\/losperiodistas.com.mx\/portal\/wp-content\/uploads\/2024\/11\/WhatsApp-Image-2024-11-08-at-15.02.41-1-300x300.jpeg 300w, https:\/\/losperiodistas.com.mx\/portal\/wp-content\/uploads\/2024\/11\/WhatsApp-Image-2024-11-08-at-15.02.41-1-150x150.jpeg 150w\" sizes=\"(max-width: 500px) 100vw, 500px\" \/><\/figure>\n\n\n\n<p><\/p>\n\n\n\n<p><\/p>\n\n\n\n<p><\/p>\n\n\n\n<p class=\"has-vivid-red-color has-text-color has-link-color wp-elements-663ac52e36c2f706628e19f20e0e3641\" style=\"font-size:26px\"><strong><em>Por Ricardo Mart\u00ednez Mart\u00ednez<\/em><\/strong><\/p>\n\n\n\n<p><strong><a href=\"http:\/\/@ricardommz07\">@ricardommz07<\/a><\/strong><\/p>\n\n\n\n<p>En marzo de 2025, Veracruz se perfila como un campo de pruebas para la Cuarta Transformaci\u00f3n (4T). A tres meses de las elecciones municipales del 1 de junio, este estado de 8.1 millones de habitantes y 212 municipios pone en juego no solo el control pol\u00edtico local, sino la capacidad de MORENA para sostener su hegemon\u00eda en un contexto de tensiones internas y narrativas digitales que amplifican emociones colectivas.<\/p>\n\n\n\n<p>Con una historia de alternancia, violencia electoral y desigualdad regional, Veracruz refleja las promesas y paradojas de la 4T, sirviendo como espejo para Puebla y el sur de M\u00e9xico, donde la cohesi\u00f3n social y el desarrollo siguen siendo asignaturas pendientes.<\/p>\n\n\n\n<p>La pol\u00edtica local de Veracruz ha sido un terreno f\u00e9rtil pero turbulento para MORENA. En 2018, Cuitl\u00e1huac Garc\u00eda arras\u00f3 en la gubernatura con el 44.1% de los votos, consolidando al estado como basti\u00f3n morenista tras d\u00e9cadas de dominio priista y un breve interludio panista con Miguel \u00c1ngel Yunes.<\/p>\n\n\n\n<p>En 2024, Roc\u00edo Nahle, exsecretaria de Energ\u00eda y delf\u00edn de AMLO, gan\u00f3 la gubernatura con el 52.3%, pero su gesti\u00f3n ha enfrentado cr\u00edticas por la inseguridad \u2014Veracruz registr\u00f3 614 homicidios dolosos en 2024, seg\u00fan el SESNSP\u2014 y por el estancamiento econ\u00f3mico en regiones como el sur, donde la pobreza afecta al 61.2% de la poblaci\u00f3n (CONEVAL, 2024). Las elecciones municipales de 2025, con 212 alcald\u00edas en disputa, pondr\u00e1n a prueba si Nahle puede mantener la maquinaria electoral de MORENA frente a una oposici\u00f3n revitalizada (PAN-PRI-PRD) y un partido fracturado por pugnas internas.<\/p>\n\n\n\n<p>Lo que est\u00e1 en juego es significativo. Veracruz aporta 6.5 millones de votantes potenciales (INE, 2025), y sus municipios son un mosaico de poder local: desde Xalapa, el coraz\u00f3n pol\u00edtico, hasta Coatzacoalcos, polo industrial en declive.<\/p>\n\n\n\n<p>En 2021, las elecciones municipales dejaron un saldo de 28 incidentes violentos, el m\u00e1s alto del pa\u00eds, y aunque 2025 muestra una disminuci\u00f3n, la sombra de la violencia persiste con al menos tres precandidatos amenazados este a\u00f1o. Las reformas de Sheinbaum \u2014judiciales y energ\u00e9ticas\u2014 se promocionan como logros, pero en Veracruz chocan con demandas locales: empleo, seguridad y los \u00abpolos de bienestar\u00bb, que han beneficiado al norte (como el corredor Ozuluama-Tuxpan) pero dejaron al sur rezagado, con un crecimiento del PIB estatal de apenas 1.2% en 2024.<\/p>\n\n\n\n<p>Las voces digitales amplifican esta realidad. En TikTok y X, influencers locales narran dos Veracruces: uno esperanzado por las becas del Paquete Econ\u00f3mico 2025, otro frustrado por la falta de obra p\u00fablica y la inseguridad.<\/p>\n\n\n\n<p>Desde la Ciencia Pol\u00edtica, Chantal Mouffe nos dir\u00eda que la hegemon\u00eda de MORENA es agon\u00edstica, sostenida por un conflicto constante contra la \u00abmafia del poder\u00bb, pero en 2025, ese conflicto se internaliza. Las redes, como nodos de la \u00absociedad red\u00bb de Manuel Castells, escapan al control central: en Xalapa, las bases debaten la lealtad de Nahle a AMLO; en el sur, videos virales denuncian el abandono. Estas narrativas, cargadas de emociones \u2014orgullo por la 4T, enojo por promesas incumplidas\u2014, fragmentan la cohesi\u00f3n que MORENA necesita para las urnas.<\/p>\n\n\n\n<p>Como Puebla, comparte una econom\u00eda mixta (agroindustria, turismo) y una historia de centralismo priista que MORENA prometi\u00f3 romper.<\/p>\n\n\n\n<p>En Puebla, con elecciones municipales tambi\u00e9n en 2027, las tensiones entre el centro y las regiones \u2014evidentes en la desigualdad entre la capital y la Sierra Norte\u2014 podr\u00edan replicar el caso veracruzano si las narrativas digitales ganan terreno. El sur, desde Chiapas hasta Oaxaca, enfrenta un desaf\u00edo similar: el 66% de su poblaci\u00f3n vive en pobreza (CONEVAL, 2024), y los \u00abpolos de bienestar\u00bb no han cerrado la brecha. Veracruz, con su peso electoral y su diversidad, anticipa si la 4T puede articular una narrativa que una a estas regiones o si sucumbir\u00e1 a su fragmentaci\u00f3n.<\/p>\n\n\n\n<p>Un partido predominante sobrevive si se adapta. Nahle y Sheinbaum apuestan por m\u00edtines para reavivar la esperanza, pero la falta de institucionalizaci\u00f3n en MORENA \u2014visible en las candidaturas opacas\u2014 contrasta con el PRI, que resolvi\u00f3 conflictos con estructuras.<\/p>\n\n\n\n<p>Si las emociones digitales se imponen, con un sur desencantado y un norte expectante, las elecciones de junio podr\u00edan erosionar la hegemon\u00eda morenista. Veracruz no solo elegir\u00e1 alcaldes; dir\u00e1 si la 4T es una transformaci\u00f3n duradera o un relato que se agota en sus propias redes, un presagio para Puebla y el sur que M\u00e9xico no puede ignorar.<\/p>\n","protected":false},"excerpt":{"rendered":"<p>Por Ricardo Mart\u00ednez Mart\u00ednez @ricardommz07 En marzo de 2025, Veracruz se perfila como un campo de pruebas para la Cuarta [&hellip;]<\/p>\n","protected":false},"author":1,"featured_media":91308,"comment_status":"open","ping_status":"open","sticky":false,"template":"","format":"standard","meta":{"site-sidebar-layout":"default","site-content-layout":"","ast-site-content-layout":"default","site-content-style":"default","site-sidebar-style":"default","ast-global-header-display":"","ast-banner-title-visibility":"","ast-main-header-display":"","ast-hfb-above-header-display":"","ast-hfb-below-header-display":"","ast-hfb-mobile-header-display":"","site-post-title":"","ast-breadcrumbs-content":"","ast-featured-img":"","footer-sml-layout":"","theme-transparent-header-meta":"","adv-header-id-meta":"","stick-header-meta":"","header-above-stick-meta":"","header-main-stick-meta":"","header-below-stick-meta":"","astra-migrate-meta-layouts":"default","ast-page-background-enabled":"default","ast-page-background-meta":{"desktop":{"background-color":"var(--ast-global-color-4)","background-image":"","background-repeat":"repeat","background-position":"center center","background-size":"auto","background-attachment":"scroll","background-type":"","background-media":"","overlay-type":"","overlay-color":"","overlay-opacity":"","overlay-gradient":""},"tablet":{"background-color":"","background-image":"","background-repeat":"repeat","background-position":"center center","background-size":"auto","background-attachment":"scroll","background-type":"","background-media":"","overlay-type":"","overlay-color":"","overlay-opacity":"","overlay-gradient":""},"mobile":{"background-color":"","background-image":"","background-repeat":"repeat","background-position":"center center","background-size":"auto","background-attachment":"scroll","background-type":"","background-media":"","overlay-type":"","overlay-color":"","overlay-opacity":"","overlay-gradient":""}},"ast-content-background-meta":{"desktop":{"background-color":"var(--ast-global-color-5)","background-image":"","background-repeat":"repeat","background-position":"center center","background-size":"auto","background-attachment":"scroll","background-type":"","background-media":"","overlay-type":"","overlay-color":"","overlay-opacity":"","overlay-gradient":""},"tablet":{"background-color":"var(--ast-global-color-5)","background-image":"","background-repeat":"repeat","background-position":"center center","background-size":"auto","background-attachment":"scroll","background-type":"","background-media":"","overlay-type":"","overlay-color":"","overlay-opacity":"","overlay-gradient":""},"mobile":{"background-color":"var(--ast-global-color-5)","background-image":"","background-repeat":"repeat","background-position":"center center","background-size":"auto","background-attachment":"scroll","background-type":"","background-media":"","overlay-type":"","overlay-color":"","overlay-opacity":"","overlay-gradient":""}},"footnotes":""},"categories":[32663,8,22],"tags":[247,3603,36681,4027],"class_list":["post-96224","post","type-post","status-publish","format-standard","has-post-thumbnail","hentry","category-entre-ruidos-y-senales","category-noticias","category-opinion-invitada","tag-morena","tag-puebla","tag-similitudes-politicas","tag-veracruz"],"_links":{"self":[{"href":"https:\/\/losperiodistas.com.mx\/portal\/wp-json\/wp\/v2\/posts\/96224","targetHints":{"allow":["GET"]}}],"collection":[{"href":"https:\/\/losperiodistas.com.mx\/portal\/wp-json\/wp\/v2\/posts"}],"about":[{"href":"https:\/\/losperiodistas.com.mx\/portal\/wp-json\/wp\/v2\/types\/post"}],"author":[{"embeddable":true,"href":"https:\/\/losperiodistas.com.mx\/portal\/wp-json\/wp\/v2\/users\/1"}],"replies":[{"embeddable":true,"href":"https:\/\/losperiodistas.com.mx\/portal\/wp-json\/wp\/v2\/comments?post=96224"}],"version-history":[{"count":1,"href":"https:\/\/losperiodistas.com.mx\/portal\/wp-json\/wp\/v2\/posts\/96224\/revisions"}],"predecessor-version":[{"id":96225,"href":"https:\/\/losperiodistas.com.mx\/portal\/wp-json\/wp\/v2\/posts\/96224\/revisions\/96225"}],"wp:featuredmedia":[{"embeddable":true,"href":"https:\/\/losperiodistas.com.mx\/portal\/wp-json\/wp\/v2\/media\/91308"}],"wp:attachment":[{"href":"https:\/\/losperiodistas.com.mx\/portal\/wp-json\/wp\/v2\/media?parent=96224"}],"wp:term":[{"taxonomy":"category","embeddable":true,"href":"https:\/\/losperiodistas.com.mx\/portal\/wp-json\/wp\/v2\/categories?post=96224"},{"taxonomy":"post_tag","embeddable":true,"href":"https:\/\/losperiodistas.com.mx\/portal\/wp-json\/wp\/v2\/tags?post=96224"}],"curies":[{"name":"wp","href":"https:\/\/api.w.org\/{rel}","templated":true}]}}