{"id":96217,"date":"2025-03-19T07:19:09","date_gmt":"2025-03-19T13:19:09","guid":{"rendered":"https:\/\/losperiodistas.com.mx\/portal\/?p=96217"},"modified":"2025-03-19T07:19:11","modified_gmt":"2025-03-19T13:19:11","slug":"dia-internacional-del-artesano-did-2","status":"publish","type":"post","link":"https:\/\/losperiodistas.com.mx\/portal\/dia-internacional-del-artesano-did-2\/","title":{"rendered":"D\u00eda Internacional del Artesano | DID"},"content":{"rendered":"\n<figure class=\"wp-block-image aligncenter size-full is-resized\"><img fetchpriority=\"high\" decoding=\"async\" width=\"305\" height=\"203\" src=\"https:\/\/losperiodistas.com.mx\/portal\/wp-content\/uploads\/2025\/03\/03-19_dia-mundial-artesano-2025.jpg\" alt=\"\" class=\"wp-image-96218\" style=\"width:537px;height:auto\" srcset=\"https:\/\/losperiodistas.com.mx\/portal\/wp-content\/uploads\/2025\/03\/03-19_dia-mundial-artesano-2025.jpg 305w, https:\/\/losperiodistas.com.mx\/portal\/wp-content\/uploads\/2025\/03\/03-19_dia-mundial-artesano-2025-300x200.jpg 300w\" sizes=\"(max-width: 305px) 100vw, 305px\" \/><\/figure>\n\n\n\n<p><\/p>\n\n\n\n<p class=\"has-vivid-red-color has-text-color has-link-color has-medium-font-size wp-elements-3aa118b0468398fc8c867f42a873ef01\"><strong>REDACCI\u00d3N D\u00cdA INTERNACIONAL DE<\/strong><\/p>\n\n\n\n<p>El 19 de marzo rendimos homenaje a un antiguo oficio manual que requiere destreza y creatividad para la creaci\u00f3n de piezas art\u00edsticas \u00fanicas y originales. Se celebra el&nbsp;<strong>D\u00eda Internacional del Artesano<\/strong>.<\/p>\n\n\n\n<p>La fecha de celebraci\u00f3n de este d\u00eda internacional coincide con el&nbsp;<a href=\"https:\/\/www.diainternacionalde.com\/santoral\/san-jose\" target=\"_blank\" rel=\"noreferrer noopener\"><strong>D\u00eda de San Jos\u00e9<\/strong><\/a>. San Jos\u00e9 era carpintero y artesano de oficio y por ese motivo se ha escogido la fecha del 19 de marzo para homenajear a todos los artesanos.<\/p>\n\n\n\n<figure class=\"wp-block-image\"><img decoding=\"async\" src=\"https:\/\/www.diainternacionalde.com\/imagenes\/dias\/marzo\/03-19_dia-mundial-artesano-2025_s.jpg\" alt=\"\" title=\"\"\/><\/figure>\n\n\n\n<p>La principal finalidad de esta efem\u00e9ride es la de exaltar el talento, creatividad e imaginaci\u00f3n de los artesanos. Asimismo, promover el trabajo artesanal de estos artistas manuales.<\/p>\n\n\n\n<h2 class=\"wp-block-heading\" id=\"resTit_1\">Situaci\u00f3n actual de los artesanos<\/h2>\n\n\n\n<p>Con la celebraci\u00f3n del&nbsp;<strong>D\u00eda Internacional del Artesano<\/strong>&nbsp;se pretende visibilizar las condiciones y la situaci\u00f3n actual de los hombres y mujeres artesanos, entre las cuales se destacan:<\/p>\n\n\n\n<ul class=\"wp-block-list\">\n<li>La mayor\u00eda de los pa\u00edses no cuentan con un marco jur\u00eddico de apoyo a los artesanos, referido a la regulaci\u00f3n de la producci\u00f3n artesanal, protecci\u00f3n de la propiedad intelectual, registro de patentes y formalizaci\u00f3n de este oficio.<\/li>\n\n\n\n<li>Bajos ingresos por la producci\u00f3n manual de piezas artesanales.<\/li>\n\n\n\n<li>No poseen la capacidad requerida para competir con la producci\u00f3n a mayor escala, por parte de empresas e industrias artesanales locales.<\/li>\n\n\n\n<li>Escasa trasmisi\u00f3n de conocimientos de las tradiciones artesanas a nuevas generaciones, para preservar este legado.<\/li>\n<\/ul>\n\n\n\n<h2 class=\"wp-block-heading\" id=\"resTit_2\">Ser artesano: un antiguo oficio<\/h2>\n\n\n\n<figure class=\"wp-block-image\"><img decoding=\"async\" src=\"https:\/\/www.diainternacionalde.com\/imagenes\/dias\/marzo\/03-19_dia-mundial-artesano_s.jpg\" alt=\"\" title=\"\"\/><\/figure>\n\n\n\n<p>Ser un artesano es crear arte, mediante la utilizaci\u00f3n de todos los sentidos. Un artesano es aquella persona dedicada a la elaboraci\u00f3n manual de objetos artesanales, aplicando el ingenio y la originalidad para la creaci\u00f3n de piezas y objetos, con el apoyo de herramientas.<\/p>\n\n\n\n<p>La elaboraci\u00f3n de artesan\u00edas es un proceso que se transmite de generaci\u00f3n en generaci\u00f3n, el cual requiere de la aplicaci\u00f3n y perfeccionamiento de t\u00e9cnicas con cierta destreza y precisi\u00f3n.<\/p>\n\n\n\n<p>Se utilizan materiales de diversa \u00edndole tales como: madera, cobre, barro, cuero, roca, hierro, cer\u00e1mica, esta\u00f1o y fibras vegetales.<\/p>\n\n\n\n<p>Entre las piezas y objetos elaborados artesanalmente con un valor est\u00e9tico y\/o utilitario se destacan: prendas de vestir, recipientes, objetos decorativos, juguetes did\u00e1cticos, muebles, joyas, instrumentos musicales, escultura y otros enseres. Estos se destinan a la venta de manera directa e informal, sin intermediarios.<\/p>\n\n\n\n<h2 class=\"wp-block-heading\" id=\"resTit_3\">Convenci\u00f3n de la UNESCO<\/h2>\n\n\n\n<p>La&nbsp;<strong>Organizaci\u00f3n de las Naciones Unidas para la Educaci\u00f3n, la Ciencia y la Cultura (UNESCO)<\/strong>&nbsp;destac\u00f3 en la&nbsp;<strong><em>Convenci\u00f3n para la Salvaguardia del Patrimonio Cultural Inmaterial<\/em><\/strong>, celebrada en Par\u00eds en el a\u00f1o 2003 que la artesan\u00eda tradicional constituye la manifestaci\u00f3n m\u00e1s tangible del patrimonio cultural inmaterial.<\/p>\n\n\n\n<p>Hace hincapi\u00e9 en preservar este oficio tan antiguo y de gran relevancia en la historia de la humanidad, mediante la trasmisi\u00f3n de las t\u00e9cnicas y conocimientos empleados en las actividades artesanales a nuevas generaciones.<\/p>\n\n\n\n<h2 class=\"wp-block-heading\" id=\"resTit_4\">\u00bfC\u00f3mo se celebra este d\u00eda internacional?<\/h2>\n\n\n\n<p>En la celebraci\u00f3n del&nbsp;<strong>D\u00eda Internacional del Artesano&nbsp;<\/strong>se realizan ferias, exposiciones, talleres artesanales, venta de artesan\u00edas y conversatorios. Averigua en tu localidad las actividades y eventos que se tienen previsto para conmemorar esta efem\u00e9ride.<\/p>\n\n\n\n<p>Apoya a los artesanos locales y comparte informaci\u00f3n \u00fatil e interesante sobre el&nbsp;<strong>D\u00eda Internacional del Artesano<\/strong>, en las redes sociales. Utiliza el hashtag&nbsp;<em><strong>#D\u00edaDelArtesano #Artesanos<\/strong><\/em><\/p>\n\n\n\n<p><img decoding=\"async\" src=\"https:\/\/www.diainternacionalde.com\/imagenes\/equipo-humano\/patricia-lopez-redactora-jefa.jpg\">Patricia L\u00f3pez. Periodista.<a href=\"https:\/\/twitter.com\/plcasalengua\" target=\"_blank\" rel=\"noreferrer noopener\">plcasalengua<\/a><\/p>\n\n\n\n<p>Fuente: <a href=\"https:\/\/www.diainternacionalde.com\/ficha\/dia-internacional-artesano\">https:\/\/www.diainternacionalde.com\/ficha\/dia-internacional-artesano<\/a><\/p>\n\n\n\n<p><\/p>\n","protected":false},"excerpt":{"rendered":"<p>REDACCI\u00d3N D\u00cdA INTERNACIONAL DE El 19 de marzo rendimos homenaje a un antiguo oficio manual que requiere destreza y creatividad [&hellip;]<\/p>\n","protected":false},"author":1,"featured_media":96218,"comment_status":"open","ping_status":"open","sticky":false,"template":"","format":"standard","meta":{"site-sidebar-layout":"default","site-content-layout":"","ast-site-content-layout":"default","site-content-style":"default","site-sidebar-style":"default","ast-global-header-display":"","ast-banner-title-visibility":"","ast-main-header-display":"","ast-hfb-above-header-display":"","ast-hfb-below-header-display":"","ast-hfb-mobile-header-display":"","site-post-title":"","ast-breadcrumbs-content":"","ast-featured-img":"","footer-sml-layout":"","theme-transparent-header-meta":"","adv-header-id-meta":"","stick-header-meta":"","header-above-stick-meta":"","header-main-stick-meta":"","header-below-stick-meta":"","astra-migrate-meta-layouts":"default","ast-page-background-enabled":"default","ast-page-background-meta":{"desktop":{"background-color":"var(--ast-global-color-4)","background-image":"","background-repeat":"repeat","background-position":"center center","background-size":"auto","background-attachment":"scroll","background-type":"","background-media":"","overlay-type":"","overlay-color":"","overlay-opacity":"","overlay-gradient":""},"tablet":{"background-color":"","background-image":"","background-repeat":"repeat","background-position":"center center","background-size":"auto","background-attachment":"scroll","background-type":"","background-media":"","overlay-type":"","overlay-color":"","overlay-opacity":"","overlay-gradient":""},"mobile":{"background-color":"","background-image":"","background-repeat":"repeat","background-position":"center center","background-size":"auto","background-attachment":"scroll","background-type":"","background-media":"","overlay-type":"","overlay-color":"","overlay-opacity":"","overlay-gradient":""}},"ast-content-background-meta":{"desktop":{"background-color":"var(--ast-global-color-5)","background-image":"","background-repeat":"repeat","background-position":"center center","background-size":"auto","background-attachment":"scroll","background-type":"","background-media":"","overlay-type":"","overlay-color":"","overlay-opacity":"","overlay-gradient":""},"tablet":{"background-color":"var(--ast-global-color-5)","background-image":"","background-repeat":"repeat","background-position":"center center","background-size":"auto","background-attachment":"scroll","background-type":"","background-media":"","overlay-type":"","overlay-color":"","overlay-opacity":"","overlay-gradient":""},"mobile":{"background-color":"var(--ast-global-color-5)","background-image":"","background-repeat":"repeat","background-position":"center center","background-size":"auto","background-attachment":"scroll","background-type":"","background-media":"","overlay-type":"","overlay-color":"","overlay-opacity":"","overlay-gradient":""}},"footnotes":""},"categories":[8],"tags":[36679,36680],"class_list":["post-96217","post","type-post","status-publish","format-standard","has-post-thumbnail","hentry","category-noticias","tag-dia-mundial-del-artesano","tag-oficios-antiguos"],"_links":{"self":[{"href":"https:\/\/losperiodistas.com.mx\/portal\/wp-json\/wp\/v2\/posts\/96217","targetHints":{"allow":["GET"]}}],"collection":[{"href":"https:\/\/losperiodistas.com.mx\/portal\/wp-json\/wp\/v2\/posts"}],"about":[{"href":"https:\/\/losperiodistas.com.mx\/portal\/wp-json\/wp\/v2\/types\/post"}],"author":[{"embeddable":true,"href":"https:\/\/losperiodistas.com.mx\/portal\/wp-json\/wp\/v2\/users\/1"}],"replies":[{"embeddable":true,"href":"https:\/\/losperiodistas.com.mx\/portal\/wp-json\/wp\/v2\/comments?post=96217"}],"version-history":[{"count":1,"href":"https:\/\/losperiodistas.com.mx\/portal\/wp-json\/wp\/v2\/posts\/96217\/revisions"}],"predecessor-version":[{"id":96219,"href":"https:\/\/losperiodistas.com.mx\/portal\/wp-json\/wp\/v2\/posts\/96217\/revisions\/96219"}],"wp:featuredmedia":[{"embeddable":true,"href":"https:\/\/losperiodistas.com.mx\/portal\/wp-json\/wp\/v2\/media\/96218"}],"wp:attachment":[{"href":"https:\/\/losperiodistas.com.mx\/portal\/wp-json\/wp\/v2\/media?parent=96217"}],"wp:term":[{"taxonomy":"category","embeddable":true,"href":"https:\/\/losperiodistas.com.mx\/portal\/wp-json\/wp\/v2\/categories?post=96217"},{"taxonomy":"post_tag","embeddable":true,"href":"https:\/\/losperiodistas.com.mx\/portal\/wp-json\/wp\/v2\/tags?post=96217"}],"curies":[{"name":"wp","href":"https:\/\/api.w.org\/{rel}","templated":true}]}}