{"id":96214,"date":"2025-03-19T07:11:00","date_gmt":"2025-03-19T13:11:00","guid":{"rendered":"https:\/\/losperiodistas.com.mx\/portal\/?p=96214"},"modified":"2025-03-19T07:19:42","modified_gmt":"2025-03-19T13:19:42","slug":"hoy-es-la-solemnidad-de-san-jose-esposo-de-la-virgen-maria-y-santo-custodio-de-la-iglesia-aci","status":"publish","type":"post","link":"https:\/\/losperiodistas.com.mx\/portal\/hoy-es-la-solemnidad-de-san-jose-esposo-de-la-virgen-maria-y-santo-custodio-de-la-iglesia-aci\/","title":{"rendered":"Hoy es la Solemnidad de San Jos\u00e9, esposo de la Virgen Mar\u00eda y Santo Custodio de la Iglesia | ACI"},"content":{"rendered":"\n<figure class=\"wp-block-image size-full\"><img fetchpriority=\"high\" decoding=\"async\" width=\"672\" height=\"448\" src=\"https:\/\/losperiodistas.com.mx\/portal\/wp-content\/uploads\/2025\/03\/sanjose19demarzo-1741876215.webp\" alt=\"\" class=\"wp-image-96215\" srcset=\"https:\/\/losperiodistas.com.mx\/portal\/wp-content\/uploads\/2025\/03\/sanjose19demarzo-1741876215.webp 672w, https:\/\/losperiodistas.com.mx\/portal\/wp-content\/uploads\/2025\/03\/sanjose19demarzo-1741876215-300x200.webp 300w\" sizes=\"(max-width: 672px) 100vw, 672px\" \/><figcaption class=\"wp-element-caption\">Solemnidad de San Jos\u00e9, 19 de marzo \/ ACI Prensa<\/figcaption><\/figure>\n\n\n\n<p><\/p>\n\n\n\n<p class=\"has-vivid-red-color has-text-color has-link-color has-medium-font-size wp-elements-6b14f75c251a0a7471a5643ad0b82d60\"><strong>REDACCI\u00d3N ACI PRENSA<\/strong><\/p>\n\n\n\n<p>Hoy, 19 de marzo, la Iglesia Cat\u00f3lica celebra la \u2018<a href=\"https:\/\/www.aciprensa.com\/noticias\/103581\/esto-hizo-san-jose-antes-de-morir-segun-don-bosco-y-san-francisco-de-sales\">Solemnidad de San Jos\u00e9<\/a>, esposo de la Virgen Mar\u00eda\u2019.<\/p>\n\n\n\n<p>Jos\u00e9, por designio divino, ocupa un lugar central en la fe cat\u00f3lica, ya que Dios le concedi\u00f3 el privilegio y la bendici\u00f3n de estar al lado de la Virgen Mar\u00eda y, junto a Ella, criar a su Hijo, esperanza de la humanidad. En su divino designio, Dios Padre le encomend\u00f3 a Jos\u00e9 la \u2018labor\u2019 m\u00e1s importante: ser cabeza de la Sagrada Familia.<\/p>\n\n\n\n<h2 class=\"wp-block-heading\">Santo Patrono<\/h2>\n\n\n\n<p>En virtud de la responsabilidad que le fue otorgada -cumplida a cabalidad- San Jos\u00e9 ha recibido innumerables patronazgos. El m\u00e1s importante de ellos es el que ejerce sobre toda la Iglesia: el Beato Papa P\u00edo IX proclam\u00f3 a San Jos\u00e9 \u201cPatrono de la Iglesia Cat\u00f3lica\u201d mediante el decreto&nbsp;<em>Quemadmodum Deus&nbsp;<\/em>[Del modo en que Dios] del 8 de diciembre de 1870. Y es que Jos\u00e9 fue el custodio de la semilla misma de la Iglesia, el hogar de Nazareth.<\/p>\n\n\n\n<p>A este patronazgo se suman los incontables que el santo posee alrededor del mundo y en todas las \u00e9pocas: comunidades religiosas, instituciones (tanto eclesiales como civiles) e incluso sobre naciones enteras -como es el caso del Per\u00fa-. Como dato llamativo, cabe mencionar que muchas ciudades alrededor del globo llevan su nombre.<\/p>\n\n\n\n<p>Por otro lado, quien fuera Padre de Jes\u00fas en la tierra es tambi\u00e9n el \u2018santo patrono de la buena muerte\u2019, un patronazgo quiz\u00e1s menos conocido, pero que tambi\u00e9n vale la pena tener presente.<\/p>\n\n\n\n<h2 class=\"wp-block-heading\">Una misi\u00f3n<\/h2>\n\n\n\n<p>Quiso Dios que el amor del coraz\u00f3n de Jos\u00e9 de Nazareth se volcara sobre Mar\u00eda al punto de elegirla como esposa. Ese amor que Dios inspir\u00f3 se fue perfeccionando poco a poco a lo largo de la vida adulta del santo, incluso en momentos muy dif\u00edciles, llenos de incertidumbre, en los que tuvo que aferrarse a la Providencia.<\/p>\n\n\n\n<p>Dice la Escritura que el \u00e1ngel le habl\u00f3 en sue\u00f1os a Jos\u00e9, Var\u00f3n Justo: \u00abJos\u00e9, hijo de David, no temas recibir a Mar\u00eda, tu esposa, pues lo que en ella ha sido concebido es obra del Esp\u00edritu Santo. Dar\u00e1 a luz un hijo, y le pondr\u00e1s por nombre Jes\u00fas, porque \u00e9l salvar\u00e1 a su pueblo de sus pecados\u00bb (Mt. 1, 20-21).<\/p>\n\n\n\n<p>As\u00ed, el humilde carpintero se vio impulsado a abrirse paso a trav\u00e9s de un mar de dudas, acogi\u00e9ndose con confianza a la gracia divina. Jos\u00e9, una vez de la mano del que todo lo puede, no mir\u00f3 m\u00e1s atr\u00e1s.<\/p>\n\n\n\n<h2 class=\"wp-block-heading\">Ser la sombra del Padre<\/h2>\n\n\n\n<p>La misi\u00f3n confiada a San Jos\u00e9 fue inmensa, capaz de desbordar cualquier c\u00e1lculo humano; capaz de hacer temblar al m\u00e1s fuerte o abrumar al m\u00e1s cerebral. Frente a ella, sin embargo, Jos\u00e9 respondi\u00f3 con fe, obediencia, valor y sencillez. No hizo aspavientos, ni busc\u00f3 reconocimientos. Muy por el contrario, confi\u00f3 en Dios y puso manos a la obra -y \u00a1vaya que le cost\u00f3!-.<\/p>\n\n\n\n<p>Lo suyo no fue ocupar un lugar protag\u00f3nico; por eso, su \u2018puesto\u2019 y sus ademanes recuerdan lo contemplativo, no en vano se le conoce como el \u2018Santo del Silencio\u2019. Siempre llamar\u00e1 la atenci\u00f3n ese contraste entre lo que le fue requerido y lo \u2018poco\u2019 que aparece en el relato b\u00edblico. Y todav\u00eda m\u00e1s: no se conoce palabra alguna que haya salido de su boca -sabemos que los Evangelios no recogen nada al respecto-.<\/p>\n\n\n\n<p>Eso s\u00ed, quedan de manera pr\u00edstina sus obras, su fe y su amor -las que influenciaron en Jes\u00fas y forjaron su car\u00e1cter, las mismas virtudes que cimentaron su santo matrimonio-.<\/p>\n\n\n\n<h2 class=\"wp-block-heading\">Esposo y Custodio<\/h2>\n\n\n\n<p>Junto a Santa Mar\u00eda, San Jos\u00e9 pas\u00f3 por todas las vicisitudes que rodearon el nacimiento del Mes\u00edas.<\/p>\n\n\n\n<p>Basta recordar su confusi\u00f3n inicial al enterarse de que Mar\u00eda estaba encinta. Basta recordar que, superando sus dudas y temores, la acompa\u00f1\u00f3 durante su embarazo como hacen los buenos esposos; y a poco de que Ella diera a luz, sinti\u00f3 angustia por no encontrar un lugar apropiado para que nacer\u00eda su hijo por adopci\u00f3n, nada menos que el Salvador de la humanidad.<\/p>\n\n\n\n<p>Basta detenerse un poco y contemplar con \u00e9l el misterio que se presentaba ante sus ojos: el Hijo de Dios, encomendado a sus cuidados, nac\u00eda en un establo y, a los pocos d\u00edas, tendr\u00eda que llev\u00e1rselo fuera del pa\u00eds rumbo a Egipto.<\/p>\n\n\n\n<p>Fue Jos\u00e9 quien tuvo que organizar aquella huida -como si hubiese cometido alg\u00fan delito-, luchando por no distraerse y solo pensar en su objetivo: poner a Jes\u00fas a buen recaudo, lejos de la mano asesina de Herodes.<\/p>\n\n\n\n<p>\u00a1Qu\u00e9 gozo debe haber sentido Jos\u00e9 al ver c\u00f3mo la Providencia coronaba su esfuerzo manteniendo a su familia a salvo!<\/p>\n\n\n\n<h2 class=\"wp-block-heading\">Paternidad real y ejercida<\/h2>\n\n\n\n<p>Como Jos\u00e9 era carpintero, no pudo darle ning\u00fan lujo a Jes\u00fas en los a\u00f1os de su infancia, y, sin hab\u00e9rselo propuesto, lo hizo convivir con la pobreza. Si los ojos de Jos\u00e9 no hubiesen sido los de la fe, no ser\u00eda posible entender siquiera el porqu\u00e9 de su firmeza ni c\u00f3mo libr\u00f3 las peque\u00f1as o grandes batallas que pudieron surgir en su interior.<\/p>\n\n\n\n<p>Y es que San Jos\u00e9 fue hombre de oraci\u00f3n y no solo de acci\u00f3n. Por eso no hubo l\u00edmite alguno a la hora de entregar su amor: Jos\u00e9 le dedic\u00f3 todo el tiempo posible a Jes\u00fas y hasta le ense\u00f1\u00f3 su profesi\u00f3n.<\/p>\n\n\n\n<p>Con toda seguridad, las atenciones del santo carpintero fueron m\u00e1s que suficientes para que Jes\u00fas conociera el cari\u00f1o y la gu\u00eda de un padre. En ese sentido, el Se\u00f1or tuvo un padre ejemplar; uno de esos que no se guardan nada para s\u00ed y que lo entregan todo. Jos\u00e9, al mismo tiempo, se dej\u00f3 educar y guiar. As\u00ed, aprendi\u00f3 a comprender al hijo cuando la misi\u00f3n apremiaba, como aquella vez en la que Jes\u00fas se extravi\u00f3 y lo encontr\u00f3 ense\u00f1ando en el templo. \u00a1Hasta en eso Jos\u00e9 fue desprendido y generoso!<\/p>\n\n\n\n<p>El hogar de Nazareth fue, pues, un aut\u00e9ntico cen\u00e1culo de amor, vivido en perfecta presencia divina. All\u00ed pas\u00f3 Jos\u00e9 sus mejores a\u00f1os, en trato directo con la fuente de todo amor. \u00a1Dios conviviendo con \u00e9l bajo el mismo techo! \u00a1Cu\u00e1ntas veces su mirada debe haberse cruzado con la de Jes\u00fas! \u00a1Cu\u00e1ntas veces debe haberse quedado contemplando la grandeza de Dios presente en Jes\u00fas ni\u00f1o, despu\u00e9s adolescente y mientras se hac\u00eda hombre pleno! \u00a1Y cu\u00e1ntas las veces en que hablaron de padre a hijo y compartieron experiencias!<\/p>\n\n\n\n<p>Dios, en su humildad infinita, quiso dejarse educar mansamente por el santo carpintero, mientras \u00e9ste se dejaba tambi\u00e9n educar por su propio hijo, a trav\u00e9s de sus palabras y sus gestos.<\/p>\n\n\n\n<h2 class=\"wp-block-heading\">\u00a1As\u00edsteme en la hora de la muerte!<\/h2>\n\n\n\n<p>Hay mucho de maravilloso y ejemplar en la figura de San Jos\u00e9. Cualquier padre que quiera amar como Dios manda encuentra en \u00e9l un modelo y un poderoso intercesor. No obstante, hay algo m\u00e1s: San Jos\u00e9 ha sido llamado \u2018patrono de la buena muerte\u2019.<\/p>\n\n\n\n<p>La raz\u00f3n para ello es profunda aunque no deja de estar envuelta por el misterio. Lo m\u00e1s seguro es que el carpintero de Nazaret tuvo la dicha de morir acompa\u00f1ado y consolado por Jes\u00fas, Dios hecho hombre, y por Mar\u00eda, su esposa y la Madre del Redentor.<\/p>\n\n\n\n<h2 class=\"wp-block-heading\">Santa Teresa de Jes\u00fas y la devoci\u00f3n a San Jos\u00e9<\/h2>\n\n\n\n<p>La Iglesia Cat\u00f3lica tiene a San Jos\u00e9 como \u2018santo patrono\u2019 y protector desde siempre. Como se se\u00f1al\u00f3 antes, esa misi\u00f3n especial fue explicitada de manera oficial por el Papa P\u00edo IX en 1847.<\/p>\n\n\n\n<p>Ya Santa Teresa de \u00c1vila hab\u00eda profundizado y difundido la devoci\u00f3n al Santo Custodio a consecuencia del milagro de la recuperaci\u00f3n de su salud, obtenido por su intercesi\u00f3n. Teresa sol\u00eda decir: \u00abOtros santos parecen que tienen especial poder para solucionar ciertos problemas. Pero a San Jos\u00e9 le ha concedido Dios un gran poder para ayudar en todo\u00bb.<\/p>\n\n\n\n<p>En otro momento la santa contin\u00faa: \u201cDurante 40 a\u00f1os, cada a\u00f1o en la fiesta de San Jos\u00e9 le he pedido alguna gracia o favor especial, y no me ha fallado ni una sola vez. Yo les digo a los que me escuchan que hagan el ensayo de rezar con fe a este gran santo, y ver\u00e1n que grandes frutos van a conseguir\u00bb.<\/p>\n\n\n\n<h2 class=\"wp-block-heading\">La varita de San Jos\u00e9<\/h2>\n\n\n\n<p>Una tradici\u00f3n popular cuenta que doce j\u00f3venes pretendieron casarse con Mar\u00eda y se presentaron ante ella cada uno con un bast\u00f3n de madera en la mano, a la usanza de la \u00e9poca. De pronto, cuando la Virgen deb\u00eda escoger entre todos ellos, el bast\u00f3n de Jos\u00e9 -que era uno de los pretendientes- floreci\u00f3 milagrosamente.<\/p>\n\n\n\n<p>Los ojos de Mar\u00eda, en ese momento, se fijaron en \u00e9l. Se dice que esta es la raz\u00f3n por la que al santo se le suele representar con una \u2018vara florecida\u2019 en las manos. La varita de San Jos\u00e9 es por esto tambi\u00e9n s\u00edmbolo de pureza.<\/p>\n\n\n\n<p>\u00a1San Jos\u00e9, casto esposo de la Virgen Mar\u00eda, ruega por nosotros!&nbsp;<\/p>\n\n\n\n<p>\u2026<\/p>\n\n\n\n<p>\u00bfQuieres profundizar en la figura de San Jos\u00e9 y aumentar tu devoci\u00f3n a \u00e9l? Puedes leer este art\u00edculo de la Enciclopedia Cat\u00f3lica:&nbsp;<a href=\"https:\/\/ec.aciprensa.com\/wiki\/San_Jos\" target=\"_blank\" rel=\"noreferrer noopener\"><u>https:\/\/ec.aciprensa.com\/wiki\/San_Jos<\/u><\/a><a href=\"https:\/\/ec.aciprensa.com\/wiki\/San_Jos%C3%A9\" target=\"_blank\" rel=\"noreferrer noopener\"><u>\u00e9<\/u><\/a>.<\/p>\n\n\n\n<p>Fuente: <a href=\"https:\/\/www.aciprensa.com\/noticias\/54773\/solemnidad-de-san-jose-esposo-de-la-virgen-maria-y-custodio-de-la-iglesia\">https:\/\/www.aciprensa.com\/noticias\/54773\/solemnidad-de-san-jose-esposo-de-la-virgen-maria-y-custodio-de-la-iglesia<\/a><\/p>\n","protected":false},"excerpt":{"rendered":"<p>REDACCI\u00d3N ACI PRENSA Hoy, 19 de marzo, la Iglesia Cat\u00f3lica celebra la \u2018Solemnidad de San Jos\u00e9, esposo de la Virgen [&hellip;]<\/p>\n","protected":false},"author":1,"featured_media":96215,"comment_status":"open","ping_status":"open","sticky":false,"template":"","format":"standard","meta":{"site-sidebar-layout":"default","site-content-layout":"","ast-site-content-layout":"default","site-content-style":"default","site-sidebar-style":"default","ast-global-header-display":"","ast-banner-title-visibility":"","ast-main-header-display":"","ast-hfb-above-header-display":"","ast-hfb-below-header-display":"","ast-hfb-mobile-header-display":"","site-post-title":"","ast-breadcrumbs-content":"","ast-featured-img":"","footer-sml-layout":"","theme-transparent-header-meta":"","adv-header-id-meta":"","stick-header-meta":"","header-above-stick-meta":"","header-main-stick-meta":"","header-below-stick-meta":"","astra-migrate-meta-layouts":"default","ast-page-background-enabled":"default","ast-page-background-meta":{"desktop":{"background-color":"var(--ast-global-color-4)","background-image":"","background-repeat":"repeat","background-position":"center center","background-size":"auto","background-attachment":"scroll","background-type":"","background-media":"","overlay-type":"","overlay-color":"","overlay-opacity":"","overlay-gradient":""},"tablet":{"background-color":"","background-image":"","background-repeat":"repeat","background-position":"center center","background-size":"auto","background-attachment":"scroll","background-type":"","background-media":"","overlay-type":"","overlay-color":"","overlay-opacity":"","overlay-gradient":""},"mobile":{"background-color":"","background-image":"","background-repeat":"repeat","background-position":"center center","background-size":"auto","background-attachment":"scroll","background-type":"","background-media":"","overlay-type":"","overlay-color":"","overlay-opacity":"","overlay-gradient":""}},"ast-content-background-meta":{"desktop":{"background-color":"var(--ast-global-color-5)","background-image":"","background-repeat":"repeat","background-position":"center center","background-size":"auto","background-attachment":"scroll","background-type":"","background-media":"","overlay-type":"","overlay-color":"","overlay-opacity":"","overlay-gradient":""},"tablet":{"background-color":"var(--ast-global-color-5)","background-image":"","background-repeat":"repeat","background-position":"center center","background-size":"auto","background-attachment":"scroll","background-type":"","background-media":"","overlay-type":"","overlay-color":"","overlay-opacity":"","overlay-gradient":""},"mobile":{"background-color":"var(--ast-global-color-5)","background-image":"","background-repeat":"repeat","background-position":"center center","background-size":"auto","background-attachment":"scroll","background-type":"","background-media":"","overlay-type":"","overlay-color":"","overlay-opacity":"","overlay-gradient":""}},"footnotes":""},"categories":[8],"tags":[36678,6850,36677],"class_list":["post-96214","post","type-post","status-publish","format-standard","has-post-thumbnail","hentry","category-noticias","tag-patrono-de-a-iglesia-catolica","tag-san-jose","tag-solemnidad-de-san-jose"],"_links":{"self":[{"href":"https:\/\/losperiodistas.com.mx\/portal\/wp-json\/wp\/v2\/posts\/96214","targetHints":{"allow":["GET"]}}],"collection":[{"href":"https:\/\/losperiodistas.com.mx\/portal\/wp-json\/wp\/v2\/posts"}],"about":[{"href":"https:\/\/losperiodistas.com.mx\/portal\/wp-json\/wp\/v2\/types\/post"}],"author":[{"embeddable":true,"href":"https:\/\/losperiodistas.com.mx\/portal\/wp-json\/wp\/v2\/users\/1"}],"replies":[{"embeddable":true,"href":"https:\/\/losperiodistas.com.mx\/portal\/wp-json\/wp\/v2\/comments?post=96214"}],"version-history":[{"count":1,"href":"https:\/\/losperiodistas.com.mx\/portal\/wp-json\/wp\/v2\/posts\/96214\/revisions"}],"predecessor-version":[{"id":96216,"href":"https:\/\/losperiodistas.com.mx\/portal\/wp-json\/wp\/v2\/posts\/96214\/revisions\/96216"}],"wp:featuredmedia":[{"embeddable":true,"href":"https:\/\/losperiodistas.com.mx\/portal\/wp-json\/wp\/v2\/media\/96215"}],"wp:attachment":[{"href":"https:\/\/losperiodistas.com.mx\/portal\/wp-json\/wp\/v2\/media?parent=96214"}],"wp:term":[{"taxonomy":"category","embeddable":true,"href":"https:\/\/losperiodistas.com.mx\/portal\/wp-json\/wp\/v2\/categories?post=96214"},{"taxonomy":"post_tag","embeddable":true,"href":"https:\/\/losperiodistas.com.mx\/portal\/wp-json\/wp\/v2\/tags?post=96214"}],"curies":[{"name":"wp","href":"https:\/\/api.w.org\/{rel}","templated":true}]}}