{"id":95797,"date":"2025-03-11T05:49:22","date_gmt":"2025-03-11T11:49:22","guid":{"rendered":"https:\/\/losperiodistas.com.mx\/portal\/?p=95797"},"modified":"2025-03-11T05:49:23","modified_gmt":"2025-03-11T11:49:23","slug":"el-papa-francisco-paso-una-noche-tranquila-en-el-policlinico-gemelli-vatican-news","status":"publish","type":"post","link":"https:\/\/losperiodistas.com.mx\/portal\/el-papa-francisco-paso-una-noche-tranquila-en-el-policlinico-gemelli-vatican-news\/","title":{"rendered":"El Papa Francisco pas\u00f3 una noche tranquila en el Policl\u00ednico Gemelli | Vatican News"},"content":{"rendered":"\n<p class=\"has-luminous-vivid-amber-background-color has-background has-medium-font-size\">La Oficina de Prensa del Vaticano dio a conocer la actualizaci\u00f3n sobre el estado de salud del Papa de este 11 de marzo. Mientras tanto la respuesta a la terapia es buena, ser\u00e1 necesario continuarla en ambiente hospitalario unos d\u00edas m\u00e1s.<\/p>\n\n\n\n<figure class=\"wp-block-image size-large\"><img fetchpriority=\"high\" decoding=\"async\" width=\"1024\" height=\"675\" src=\"https:\/\/losperiodistas.com.mx\/portal\/wp-content\/uploads\/2025\/03\/cq5dam.thumbnail.cropped.1500.844-6-1024x675.jpeg\" alt=\"\" class=\"wp-image-95798\" srcset=\"https:\/\/losperiodistas.com.mx\/portal\/wp-content\/uploads\/2025\/03\/cq5dam.thumbnail.cropped.1500.844-6-1024x675.jpeg 1024w, https:\/\/losperiodistas.com.mx\/portal\/wp-content\/uploads\/2025\/03\/cq5dam.thumbnail.cropped.1500.844-6-300x198.jpeg 300w, https:\/\/losperiodistas.com.mx\/portal\/wp-content\/uploads\/2025\/03\/cq5dam.thumbnail.cropped.1500.844-6-768x506.jpeg 768w, https:\/\/losperiodistas.com.mx\/portal\/wp-content\/uploads\/2025\/03\/cq5dam.thumbnail.cropped.1500.844-6.jpeg 1280w\" sizes=\"(max-width: 1024px) 100vw, 1024px\" \/><figcaption class=\"wp-element-caption\">Policl\u00ednico Agostino Gemelli de Roma<\/figcaption><\/figure>\n\n\n\n<p class=\"has-vivid-red-color has-text-color has-link-color has-medium-font-size wp-elements-5155ea6f34947892dae48f078d690925\"><strong>Vatican News<\/strong><\/p>\n\n\n\n<p>\u201cLa noche transcurri\u00f3 tranquilamente, el Papa se despert\u00f3 alrededor de las 8:00\u201d. As\u00ed, hoy, 11 de marzo, la Oficina de Prensa de la Santa Sede proporciona una actualizaci\u00f3n sobre el estado de salud del Papa, que se encuentra hospitalizado en el Policl\u00ednico Agostino Gemelli de Roma, desde el 14 de febrero.<\/p>\n\n\n\n<p>Asimismo, la Oficina de Prensa inform\u00f3 que, \u201cesta ma\u00f1ana el Papa ha continuado con las terapias prescritas, farmacol\u00f3gicas, respiratorias y motoras activas.<\/p>\n\n\n\n<p>Esta ma\u00f1ana tambi\u00e9n sigui\u00f3 por videoconferencia los ejercicios espirituales guiados por el padre capuchino Roberto Pasolini en el Aula Pablo VI.<\/p>\n\n\n\n<p>Luego or\u00f3 en la peque\u00f1a capilla cerca de su habitaci\u00f3n.<\/p>\n\n\n\n<p>El bolet\u00edn m\u00e9dico no se difundir\u00e1 esta tarde, pero la Oficina de Prensa, como siempre, proporcionar\u00e1 alguna informaci\u00f3n general a los periodistas.<\/p>\n\n\n\n<p>Adem\u00e1s, se ha sabido que, el Papa est\u00e1 mejor, est\u00e1 de buen humor. Aunque los m\u00e9dicos han levantado el pron\u00f3stico, a\u00fan se reservan el derecho de evaluar la complejidad del cuadro cl\u00ednico.<\/p>\n\n\n\n<p><a href=\"https:\/\/www.vaticannews.va\/es\/papa\/news\/2025-03\/actualizacion-de-la-salud-del-papa-10-de-marzo.html\"><\/a><\/p>\n\n\n\n<figure class=\"wp-block-image alignleft\"><a href=\"https:\/\/www.vaticannews.va\/es\/papa\/news\/2025-03\/actualizacion-de-la-salud-del-papa-10-de-marzo.html\"><img decoding=\"async\" src=\"https:\/\/www.vaticannews.va\/content\/dam\/vaticannews\/agenzie\/images\/reuters\/2025\/03\/10\/18\/1741627673406.JPG\/_jcr_content\/renditions\/cq5dam.thumbnail.cropped.500.281.jpeg\" alt=\"El Papa presenta una mejor\u00eda consolidada: Las condiciones siguen siendo estables\"\/><\/a><\/figure>\n\n\n\n<p>10\/03\/2025<\/p>\n\n\n\n<h2 class=\"wp-block-heading has-medium-font-size\"><a href=\"https:\/\/www.vaticannews.va\/es\/papa\/news\/2025-03\/actualizacion-de-la-salud-del-papa-10-de-marzo.html\">El Papa presenta una mejor\u00eda consolidada: Las condiciones siguen siendo estables<\/a><\/h2>\n\n\n\n<p><\/p>\n\n\n\n<p><\/p>\n\n\n\n<p><\/p>\n\n\n\n<p>Buena respuesta al tratamiento, aunque ser\u00e1 necesario continuarlo en un ambiente hospitalario durante varios d\u00edas m\u00e1s. Francisco sigui\u00f3 en v\u00eddeo las meditaciones de los Ejercicios &#8230;<\/p>\n\n\n\n<h2 class=\"wp-block-heading\"><strong>Bolet\u00edn de ayer<\/strong><\/h2>\n\n\n\n<p>Ayer el bolet\u00edn m\u00e9dico inform\u00f3 de \u00abmejor\u00edas que se han consolidado a\u00fan m\u00e1s\u00bb. Los an\u00e1lisis de sangre y una buena respuesta al tratamiento farmacol\u00f3gico lo confirman. Por este motivo los m\u00e9dicos decidieron levantar el pron\u00f3stico. \u201cSin embargo, dada la complejidad del cuadro cl\u00ednico \u2013 se lee en la nota \u2013 y el importante cuadro infeccioso presentado al ingreso, ser\u00e1 necesario continuar, durante d\u00edas adicionales, la terapia m\u00e9dica farmacol\u00f3gica en ambiente hospitalario\u201d. Ayer por la ma\u00f1ana y tambi\u00e9n por la tarde el Papa pudo seguir los Ejercicios Espirituales para la Curia Romana en el Aula Pablo VI. Durante el d\u00eda ha alternado la oraci\u00f3n con el descanso.<\/p>\n\n\n\n<p>Fuente: <a href=\"https:\/\/www.vaticannews.va\/es\/papa\/news\/2025-03\/el-papa-francisco-paso-una-noche-tranquila-martes-11-marzo.html\">https:\/\/www.vaticannews.va\/es\/papa\/news\/2025-03\/el-papa-francisco-paso-una-noche-tranquila-martes-11-marzo.html<\/a><\/p>\n","protected":false},"excerpt":{"rendered":"<p>La Oficina de Prensa del Vaticano dio a conocer la actualizaci\u00f3n sobre el estado de salud del Papa de este [&hellip;]<\/p>\n","protected":false},"author":1,"featured_media":95798,"comment_status":"open","ping_status":"open","sticky":false,"template":"","format":"standard","meta":{"site-sidebar-layout":"default","site-content-layout":"","ast-site-content-layout":"default","site-content-style":"default","site-sidebar-style":"default","ast-global-header-display":"","ast-banner-title-visibility":"","ast-main-header-display":"","ast-hfb-above-header-display":"","ast-hfb-below-header-display":"","ast-hfb-mobile-header-display":"","site-post-title":"","ast-breadcrumbs-content":"","ast-featured-img":"","footer-sml-layout":"","theme-transparent-header-meta":"","adv-header-id-meta":"","stick-header-meta":"","header-above-stick-meta":"","header-main-stick-meta":"","header-below-stick-meta":"","astra-migrate-meta-layouts":"default","ast-page-background-enabled":"default","ast-page-background-meta":{"desktop":{"background-color":"var(--ast-global-color-4)","background-image":"","background-repeat":"repeat","background-position":"center center","background-size":"auto","background-attachment":"scroll","background-type":"","background-media":"","overlay-type":"","overlay-color":"","overlay-opacity":"","overlay-gradient":""},"tablet":{"background-color":"","background-image":"","background-repeat":"repeat","background-position":"center center","background-size":"auto","background-attachment":"scroll","background-type":"","background-media":"","overlay-type":"","overlay-color":"","overlay-opacity":"","overlay-gradient":""},"mobile":{"background-color":"","background-image":"","background-repeat":"repeat","background-position":"center center","background-size":"auto","background-attachment":"scroll","background-type":"","background-media":"","overlay-type":"","overlay-color":"","overlay-opacity":"","overlay-gradient":""}},"ast-content-background-meta":{"desktop":{"background-color":"var(--ast-global-color-5)","background-image":"","background-repeat":"repeat","background-position":"center center","background-size":"auto","background-attachment":"scroll","background-type":"","background-media":"","overlay-type":"","overlay-color":"","overlay-opacity":"","overlay-gradient":""},"tablet":{"background-color":"var(--ast-global-color-5)","background-image":"","background-repeat":"repeat","background-position":"center center","background-size":"auto","background-attachment":"scroll","background-type":"","background-media":"","overlay-type":"","overlay-color":"","overlay-opacity":"","overlay-gradient":""},"mobile":{"background-color":"var(--ast-global-color-5)","background-image":"","background-repeat":"repeat","background-position":"center center","background-size":"auto","background-attachment":"scroll","background-type":"","background-media":"","overlay-type":"","overlay-color":"","overlay-opacity":"","overlay-gradient":""}},"footnotes":""},"categories":[8],"tags":[9854],"class_list":["post-95797","post","type-post","status-publish","format-standard","has-post-thumbnail","hentry","category-noticias","tag-papa-francisco-salud"],"_links":{"self":[{"href":"https:\/\/losperiodistas.com.mx\/portal\/wp-json\/wp\/v2\/posts\/95797","targetHints":{"allow":["GET"]}}],"collection":[{"href":"https:\/\/losperiodistas.com.mx\/portal\/wp-json\/wp\/v2\/posts"}],"about":[{"href":"https:\/\/losperiodistas.com.mx\/portal\/wp-json\/wp\/v2\/types\/post"}],"author":[{"embeddable":true,"href":"https:\/\/losperiodistas.com.mx\/portal\/wp-json\/wp\/v2\/users\/1"}],"replies":[{"embeddable":true,"href":"https:\/\/losperiodistas.com.mx\/portal\/wp-json\/wp\/v2\/comments?post=95797"}],"version-history":[{"count":1,"href":"https:\/\/losperiodistas.com.mx\/portal\/wp-json\/wp\/v2\/posts\/95797\/revisions"}],"predecessor-version":[{"id":95799,"href":"https:\/\/losperiodistas.com.mx\/portal\/wp-json\/wp\/v2\/posts\/95797\/revisions\/95799"}],"wp:featuredmedia":[{"embeddable":true,"href":"https:\/\/losperiodistas.com.mx\/portal\/wp-json\/wp\/v2\/media\/95798"}],"wp:attachment":[{"href":"https:\/\/losperiodistas.com.mx\/portal\/wp-json\/wp\/v2\/media?parent=95797"}],"wp:term":[{"taxonomy":"category","embeddable":true,"href":"https:\/\/losperiodistas.com.mx\/portal\/wp-json\/wp\/v2\/categories?post=95797"},{"taxonomy":"post_tag","embeddable":true,"href":"https:\/\/losperiodistas.com.mx\/portal\/wp-json\/wp\/v2\/tags?post=95797"}],"curies":[{"name":"wp","href":"https:\/\/api.w.org\/{rel}","templated":true}]}}