{"id":95795,"date":"2025-03-11T05:35:40","date_gmt":"2025-03-11T11:35:40","guid":{"rendered":"https:\/\/losperiodistas.com.mx\/portal\/?p=95795"},"modified":"2025-03-11T05:35:41","modified_gmt":"2025-03-11T11:35:41","slug":"opinion-justicia-mexicana-en-urnas-el-riesgo-de-captura-y-la-mirada-del-tio-sam","status":"publish","type":"post","link":"https:\/\/losperiodistas.com.mx\/portal\/opinion-justicia-mexicana-en-urnas-el-riesgo-de-captura-y-la-mirada-del-tio-sam\/","title":{"rendered":"Opini\u00f3n | Justicia mexicana en urnas: El riesgo de captura y la mirada del t\u00edo Sam"},"content":{"rendered":"\n<figure class=\"wp-block-image alignright size-large is-resized\"><img fetchpriority=\"high\" decoding=\"async\" width=\"791\" height=\"1024\" src=\"https:\/\/losperiodistas.com.mx\/portal\/wp-content\/uploads\/2024\/11\/WhatsApp-Image-2021-06-02-at-21.07.22-791x1024.jpeg\" alt=\"\" class=\"wp-image-91226\" style=\"width:152px;height:auto\" srcset=\"https:\/\/losperiodistas.com.mx\/portal\/wp-content\/uploads\/2024\/11\/WhatsApp-Image-2021-06-02-at-21.07.22-791x1024.jpeg 791w, https:\/\/losperiodistas.com.mx\/portal\/wp-content\/uploads\/2024\/11\/WhatsApp-Image-2021-06-02-at-21.07.22-232x300.jpeg 232w, https:\/\/losperiodistas.com.mx\/portal\/wp-content\/uploads\/2024\/11\/WhatsApp-Image-2021-06-02-at-21.07.22-768x994.jpeg 768w, https:\/\/losperiodistas.com.mx\/portal\/wp-content\/uploads\/2024\/11\/WhatsApp-Image-2021-06-02-at-21.07.22.jpeg 989w\" sizes=\"(max-width: 791px) 100vw, 791px\" \/><\/figure>\n\n\n\n<p><\/p>\n\n\n\n<p><\/p>\n\n\n\n<p class=\"has-vivid-red-color has-text-color has-link-color wp-elements-7d128d8c8c011768412843561ecd639b\" style=\"font-size:26px\"><strong><em>Por Jos\u00e9 Ojeda Bustamante<\/em><\/strong><\/p>\n\n\n\n<p><strong><a href=\"http:\/\/@ojedapepe\">@ojedapepe<\/a><\/strong><\/p>\n\n\n\n<p>Por si los problemas y desaf\u00edos con nuestro vecino del Norte no fueran suficientes, M\u00e9xico est\u00e1 inmerso en un experimento audaz. En unos cuantos meses, para ser preciso, en junio de 2025, ministros, magistrados y jueces ser\u00e1n elegidos por voto popular, como resultado de una reforma promulgada en septiembre de 2024 que promete democratizar un poder judicial tildado de elitista y corrupto.<\/p>\n\n\n\n<p>Lo que parece una apertura democr\u00e1tica, sin embargo, puede ser un nuevo escenario de dominaci\u00f3n, donde las \u00e9lites consolidan su poder bajo el disfraz de la participaci\u00f3n. En un pa\u00eds donde la apat\u00eda electoral es end\u00e9mica, donde actores con capital estructural \u2014sindicatos, corporaciones, crimen organizado\u2014 ya muestran su influencia en las listas filtradas, y donde el calendario apremia sin garantizar transparencia, el riesgo es claro. Bolivia, con un experimento similar al mexicano y su 60% de votos nulos en elecciones judiciales, es una pincelada de advertencia.<\/p>\n\n\n\n<p>\u00bfLograr\u00e1 esta reforma empoderar al pueblo, o ser\u00e1, parafraseando a Bourdieu, un campo donde el capital simb\u00f3lico de unos pocos reine sobre las urnas vac\u00edas de muchos?<\/p>\n\n\n\n<p>Desde las ant\u00edpodas, ve\u00e1moslo.<\/p>\n\n\n\n<p>La reforma asume que el pueblo legitimar\u00e1 a sus jueces, pero la realidad apunta a lo contrario. Con 850 cargos en juego en 2025 y hasta 63,000 candidatos posibles (nueve por puesto), el votante promedio enfrentar\u00e1 una boleta laber\u00edntica que el INE, con un presupuesto recortado, apenas podr\u00e1 gestionar.<\/p>\n\n\n\n<p>Bourdieu lo llamar\u00eda una brecha de capital cultural: sin informaci\u00f3n clara ni inter\u00e9s hist\u00f3rico en elecciones t\u00e9cnicas el electorado podr\u00eda abstenerse o votar a ciegas. Bolivia lo ilustra: en 2011 y 2017, m\u00e1s del 60% de los votos fueron nulos o en blanco, reflejo de un proceso opaco y desconexi\u00f3n ciudadana. En M\u00e9xico, la complejidad escala exponencialmente: una boleta con cientos de nombres por distrito, que no invita a la participaci\u00f3n, sino al abandono. Una democracia sin votantes no es democracia; es un vac\u00edo que otros llenar\u00e1n.<\/p>\n\n\n\n<p>Ese vac\u00edo tiene due\u00f1os con nombres y apellidos. Reportes de <em>El Pa\u00eds<\/em> y <em>El Universal<\/em> en marzo de 2025 han destapado filtraciones de listas preliminares de candidatos judiciales, revelando la capacidad de actores organizados para infiltrar el proceso. Un candidato en Jalisco, acusado de nexos con el C\u00e1rtel Jalisco Nueva Generaci\u00f3n (CJNG), fue preseleccionado tras supuestas presiones a un comit\u00e9 local. En Oaxaca, una abogada ligada a la Coordinadora Nacional de Trabajadores de la Educaci\u00f3n (CNTE) aparece como aspirante a magistrada, respaldada por su poder de movilizaci\u00f3n. En Nuevo Le\u00f3n, un exfuncionario de una constructora con contratos millonarios se cuela entre los finalistas; son botones de muestra y pasando por organizaciones religiosas tambien.<\/p>\n\n\n\n<p>Sindicatos como la CNTE, corporaciones con recursos y el crimen organizado con intimidaci\u00f3n tienen el capital para imponer piezas. Esto no solo afecta a M\u00e9xico internamente; un poder judicial capturado por el narco o intereses privados mina la confianza de socios como Estados Unidos, clave en el T-MEC y la lucha antidrogas. La preselecci\u00f3n sesgada y las campa\u00f1as sin regulaci\u00f3n abren la puerta a una subasta de poder disfrazada de elecci\u00f3n.<\/p>\n\n\n\n<p>El reloj avanza con precisi\u00f3n implacable:<\/p>\n\n\n\n<ul class=\"wp-block-list\">\n<li><strong>Febrero 2025<\/strong>: Listas finales de hasta nueve aspirantes por cargo se publican, con 850 puestos en juego \u2014Suprema Corte, tribunales y juzgados\u2014. Reportes ciudadanos se\u00f1alan irregularidades en al menos 15% de los perfiles.<\/li>\n\n\n\n<li><strong>Junio 2025<\/strong>: Primera elecci\u00f3n masiva, con boletas de cientos de nombres por distrito. El INE estima un costo de 5,000 millones de pesos, sin fondos adicionales asegurados.<\/li>\n\n\n\n<li><strong>2027<\/strong>: Segundo ciclo para renovar la mitad restante de la Judicatura Federal, con proyecciones de a\u00fan menor participaci\u00f3n tras el desgaste inicial.<\/li>\n<\/ul>\n\n\n\n<p>Cada etapa, apresurada y mal financiada, refuerza la tesis de Bourdieu: la reforma no transforma, reproduce. Las listas filtradas muestran que el crimen organizado (CJNG, Sinaloa), sindicatos (CNTE) y corporaciones ya est\u00e1n posicion\u00e1ndose. Sin participaci\u00f3n masiva ni controles, el poder judicial, podr\u00eda quedar, en el peor de los casos, en manos de quienes dominan el capital simb\u00f3lico y real.<\/p>\n\n\n\n<p>M\u00e9xico anhela una justicia cercana, pero esta reforma podr\u00eda entregar una caricatura de democracia. La baja participaci\u00f3n dejar\u00e1 las urnas hu\u00e9rfanas, los actores corporativos \u2014sindicatos, empresas, narcos\u2014 impondr\u00e1n su voluntad, y el calendario acelerado blindar\u00e1 el desorden.<\/p>\n\n\n\n<p>Pero el costo trasciende lo nacional: en un momento de relaciones tensas con Estados Unidos \u2014con disputas por el T-MEC, aranceles y seguridad en la frontera\u2014, un poder judicial percibido como capturado o inestable amenaza la confianza de socios clave.<\/p>\n\n\n\n<p>Washington ya ha expresado preocupaci\u00f3n por la reforma, y el Departamento de Comercio de EE.UU. advirti\u00f3 en febrero de 2025 que jueces politizados podr\u00edan complicar disputas comerciales. Las empresas extranjeras dudar\u00e1n ante un sistema vulnerable al narco; la cooperaci\u00f3n antidrogas flaquear\u00e1. Bolivia nos ense\u00f1\u00f3 el silencio del rechazo; M\u00e9xico podr\u00eda gritar su colapso, no solo dentro de sus fronteras, sino ante un mundo que lo observa con recelo.<\/p>\n\n\n\n<p>\u00bfHasta d\u00f3nde llegar\u00e1 este experimento, novedoso, pero una verdadera prueba de la fortaleza institucional?<\/p>\n\n\n\n<p>\u00bfYa habr\u00e1 dimensionado nuestra presidenta, el proceso que se avecina? As\u00ed como est\u00e1 enfrentando las amenazas de incremento arancelario, con estrategia y con mucha decisi\u00f3n, tendr\u00e1 un plan A, B o C que d\u00e9 certidumbre y encause el esp\u00edritu de la reforma judicial planteada apenas en septiembre pasado.<\/p>\n\n\n\n<p>Siempre hay el beneficio de la duda en nuestras instituciones, para que las cosas cambien para mejorar y sacudir la impartici\u00f3n de justicia en nuestro pa\u00eds, que mucha falta nos hace, porque nadie duda que se requer\u00eda intervenci\u00f3n inmediata.<\/p>\n\n\n\n<p>Vivimos tiempos acelerados que demandan ciertamente nuevas instituciones \u00bfEstar\u00e1 preparado el Pueblo de M\u00e9xico para ello?<\/p>\n\n\n\n<p><strong>+ \u00a0Las expresiones expresadas son responsabilidad del autor<\/strong><\/p>\n","protected":false},"excerpt":{"rendered":"<p>Por Jos\u00e9 Ojeda Bustamante @ojedapepe Por si los problemas y desaf\u00edos con nuestro vecino del Norte no fueran suficientes, M\u00e9xico [&hellip;]<\/p>\n","protected":false},"author":1,"featured_media":91226,"comment_status":"open","ping_status":"open","sticky":false,"template":"","format":"standard","meta":{"site-sidebar-layout":"default","site-content-layout":"","ast-site-content-layout":"default","site-content-style":"default","site-sidebar-style":"default","ast-global-header-display":"","ast-banner-title-visibility":"","ast-main-header-display":"","ast-hfb-above-header-display":"","ast-hfb-below-header-display":"","ast-hfb-mobile-header-display":"","site-post-title":"","ast-breadcrumbs-content":"","ast-featured-img":"","footer-sml-layout":"","theme-transparent-header-meta":"","adv-header-id-meta":"","stick-header-meta":"","header-above-stick-meta":"","header-main-stick-meta":"","header-below-stick-meta":"","astra-migrate-meta-layouts":"default","ast-page-background-enabled":"default","ast-page-background-meta":{"desktop":{"background-color":"var(--ast-global-color-4)","background-image":"","background-repeat":"repeat","background-position":"center center","background-size":"auto","background-attachment":"scroll","background-type":"","background-media":"","overlay-type":"","overlay-color":"","overlay-opacity":"","overlay-gradient":""},"tablet":{"background-color":"","background-image":"","background-repeat":"repeat","background-position":"center center","background-size":"auto","background-attachment":"scroll","background-type":"","background-media":"","overlay-type":"","overlay-color":"","overlay-opacity":"","overlay-gradient":""},"mobile":{"background-color":"","background-image":"","background-repeat":"repeat","background-position":"center center","background-size":"auto","background-attachment":"scroll","background-type":"","background-media":"","overlay-type":"","overlay-color":"","overlay-opacity":"","overlay-gradient":""}},"ast-content-background-meta":{"desktop":{"background-color":"var(--ast-global-color-5)","background-image":"","background-repeat":"repeat","background-position":"center center","background-size":"auto","background-attachment":"scroll","background-type":"","background-media":"","overlay-type":"","overlay-color":"","overlay-opacity":"","overlay-gradient":""},"tablet":{"background-color":"var(--ast-global-color-5)","background-image":"","background-repeat":"repeat","background-position":"center center","background-size":"auto","background-attachment":"scroll","background-type":"","background-media":"","overlay-type":"","overlay-color":"","overlay-opacity":"","overlay-gradient":""},"mobile":{"background-color":"var(--ast-global-color-5)","background-image":"","background-repeat":"repeat","background-position":"center center","background-size":"auto","background-attachment":"scroll","background-type":"","background-media":"","overlay-type":"","overlay-color":"","overlay-opacity":"","overlay-gradient":""}},"footnotes":""},"categories":[2043,8],"tags":[36474,36473],"class_list":["post-95795","post","type-post","status-publish","format-standard","has-post-thumbnail","hentry","category-en-las-antipodas-2","category-noticias","tag-eleccion-jueces-mexico","tag-justicia-mexicana"],"_links":{"self":[{"href":"https:\/\/losperiodistas.com.mx\/portal\/wp-json\/wp\/v2\/posts\/95795","targetHints":{"allow":["GET"]}}],"collection":[{"href":"https:\/\/losperiodistas.com.mx\/portal\/wp-json\/wp\/v2\/posts"}],"about":[{"href":"https:\/\/losperiodistas.com.mx\/portal\/wp-json\/wp\/v2\/types\/post"}],"author":[{"embeddable":true,"href":"https:\/\/losperiodistas.com.mx\/portal\/wp-json\/wp\/v2\/users\/1"}],"replies":[{"embeddable":true,"href":"https:\/\/losperiodistas.com.mx\/portal\/wp-json\/wp\/v2\/comments?post=95795"}],"version-history":[{"count":1,"href":"https:\/\/losperiodistas.com.mx\/portal\/wp-json\/wp\/v2\/posts\/95795\/revisions"}],"predecessor-version":[{"id":95796,"href":"https:\/\/losperiodistas.com.mx\/portal\/wp-json\/wp\/v2\/posts\/95795\/revisions\/95796"}],"wp:featuredmedia":[{"embeddable":true,"href":"https:\/\/losperiodistas.com.mx\/portal\/wp-json\/wp\/v2\/media\/91226"}],"wp:attachment":[{"href":"https:\/\/losperiodistas.com.mx\/portal\/wp-json\/wp\/v2\/media?parent=95795"}],"wp:term":[{"taxonomy":"category","embeddable":true,"href":"https:\/\/losperiodistas.com.mx\/portal\/wp-json\/wp\/v2\/categories?post=95795"},{"taxonomy":"post_tag","embeddable":true,"href":"https:\/\/losperiodistas.com.mx\/portal\/wp-json\/wp\/v2\/tags?post=95795"}],"curies":[{"name":"wp","href":"https:\/\/api.w.org\/{rel}","templated":true}]}}