{"id":95761,"date":"2025-03-10T07:45:34","date_gmt":"2025-03-10T13:45:34","guid":{"rendered":"https:\/\/losperiodistas.com.mx\/portal\/?p=95761"},"modified":"2025-03-10T07:45:36","modified_gmt":"2025-03-10T13:45:36","slug":"opinion-un-mapa-para-gobernar-el-laberinto-de-intereses-del-plan-nacional-de-desarrollo-2025-2030","status":"publish","type":"post","link":"https:\/\/losperiodistas.com.mx\/portal\/opinion-un-mapa-para-gobernar-el-laberinto-de-intereses-del-plan-nacional-de-desarrollo-2025-2030\/","title":{"rendered":"Opini\u00f3n | \u00bfUn mapa para gobernar? El laberinto de intereses del Plan Nacional de Desarrollo 2025-2030"},"content":{"rendered":"\n<figure class=\"wp-block-image alignright size-full is-resized\"><img fetchpriority=\"high\" decoding=\"async\" width=\"500\" height=\"500\" src=\"https:\/\/losperiodistas.com.mx\/portal\/wp-content\/uploads\/2024\/11\/WhatsApp-Image-2024-11-08-at-15.02.41-1.jpeg\" alt=\"\" class=\"wp-image-91308\" style=\"width:184px;height:auto\" srcset=\"https:\/\/losperiodistas.com.mx\/portal\/wp-content\/uploads\/2024\/11\/WhatsApp-Image-2024-11-08-at-15.02.41-1.jpeg 500w, https:\/\/losperiodistas.com.mx\/portal\/wp-content\/uploads\/2024\/11\/WhatsApp-Image-2024-11-08-at-15.02.41-1-300x300.jpeg 300w, https:\/\/losperiodistas.com.mx\/portal\/wp-content\/uploads\/2024\/11\/WhatsApp-Image-2024-11-08-at-15.02.41-1-150x150.jpeg 150w\" sizes=\"(max-width: 500px) 100vw, 500px\" \/><\/figure>\n\n\n\n<p><\/p>\n\n\n\n<p><\/p>\n\n\n\n<p class=\"has-vivid-red-color has-text-color has-link-color wp-elements-663ac52e36c2f706628e19f20e0e3641\" style=\"font-size:26px\"><strong><em>Por Ricardo Mart\u00ednez Mart\u00ednez<\/em><\/strong><\/p>\n\n\n\n<p><strong><a href=\"http:\/\/@ricardommz07\">@ricardommz07<\/a><\/strong><\/p>\n\n\n\n<p>El 28 de febrero de 2025, la presidenta Claudia Sheinbaum envi\u00f3 al Congreso Federal el Plan Nacional de Desarrollo (PND) 2025-2030. Se trata de un documento estrat\u00e9gico, a manera del tim\u00f3n con el que el gobierno federal pretende navegar los pr\u00f3ximos seis a\u00f1os, alineando dependencias, presupuestos y promesas. De manera llana y franca, sin embargo \u00bfqu\u00e9 significa para la gente, para las secretar\u00edas y para los estados?<\/p>\n\n\n\n<p>Pensemos en el PND como el plan maestro de una casa gigante llamada M\u00e9xico. Cada seis a\u00f1os, el gobierno federal dibuja qu\u00e9 quiere arreglar \u2014carreteras, escuelas, empleos\u2014 y c\u00f3mo piensa pagarlo con nuestros impuestos. La Ley de Planeaci\u00f3n lo exige: diagn\u00f3stico, objetivos, estrategias y metas claras.<\/p>\n\n\n\n<p>En perspectiva comparada su publicaci\u00f3n y entrada en vigor puede ser tan inmediata como extensa. Con Pe\u00f1a Nieto (PND 2013-2018), pas\u00f3 del env\u00edo al Diario Oficial en 3 d\u00edas \u2014un tr\u00e1mite rel\u00e1mpago con un PRI fuerte en el Congreso\u2014. Con AMLO (PND 2019-2024), tom\u00f3 73 d\u00edas, gracias a consultas y un debate m\u00e1s ruidoso. Sheinbaum arranc\u00f3 con foros del 6 al 19 de enero en las 32 entidades, con 24 dependencias metidas en 54 eventos. Si no hay tropiezos, podr\u00edamos verlo publicado en mayo o un poco antes.<\/p>\n\n\n\n<p>El PND de Claudia, pivotea en cuatro ejes \u2014Gobernanza con justicia, Desarrollo con bienestar, Econom\u00eda moral y trabajo, Desarrollo sustentable\u2014 y tres temas transversales: mujeres, tecnolog\u00eda y pueblos ind\u00edgenas. De ah\u00ed nacen 14 \u201cRep\u00fablicas\u201d con los 100 compromisos de Sheinbaum. Algunos ejemplos:<\/p>\n\n\n\n<ul class=\"wp-block-list\">\n<li><strong>Bienestar<\/strong>: Pensiones para mujeres de 60-64, becas para estudiantes y atenci\u00f3n m\u00e9dica a domicilio para mayores.<\/li>\n\n\n\n<li><strong>Democracia<\/strong>: Austeridad, voto para reformar el Poder Judicial y justicia para Ayotzinapa.<\/li>\n\n\n\n<li><strong>Trabajo<\/strong>: Salarios arriba de la inflaci\u00f3n y semana de 40 horas.<\/li>\n\n\n\n<li><strong>Sustentabilidad<\/strong>: Paneles solares en el norte y limpieza de r\u00edos.<\/li>\n<\/ul>\n\n\n\n<p>Es un plan ambicioso, pero el diablo est\u00e1 en los detalles: \u00bfc\u00f3mo se financiar\u00e1 con una econom\u00eda creciendo al 2% y un peso tambaleante tras las tensiones con Trump en la frontera?<\/p>\n\n\n\n<p>La relevancia del PND no es solo ser un papel bonito, sino que obliga a todas las secretar\u00edas \u2014desde Salud hasta Energ\u00eda\u2014 a alinear sus programas y presupuestos. Por ejemplo, si la Secretar\u00eda de Bienestar quiere pensiones nuevas, debe coordinarse con Hacienda para los fondos y con Trabajo para no chocar con las reformas laborales. La Secretar\u00eda de las Mujeres, reci\u00e9n creada, tendr\u00e1 que pelear su lugar en la mesa presupuestal para cumplir promesas como el sistema de cuidados. Y la Secretar\u00eda de Infraestructura, con trenes y carreteras en la mira, deber\u00e1 sincronizarse con Econom\u00eda y el Corredor Interoce\u00e1nico para no dilapidar ni duplicar recursos.<\/p>\n\n\n\n<p>Max Weber, ese gran soci\u00f3logo que analiz\u00f3 el Estado, dir\u00eda que esto es la burocracia racional en acci\u00f3n, pero en M\u00e9xico la realidad es m\u00e1s de Octavio Paz \u2014un laberinto de intereses\u2014. La 4T apuesta por centralizar el control desde Los Pinos (o Palacio Nacional), pero las dependencias suelen tener sus propias agendas. Si no hay disciplina interna, el PND podr\u00eda ser un castillo de naipes, como tantas veces a ocurrido con estos documentos rectores.<\/p>\n\n\n\n<p>Para los gobiernos regionales, el PND es un arma de doble filo. Por un lado, pueden aprovecharlo: Chiapas y Oaxaca, con pobreza alta, podr\u00edan capitalizar recursos federales para caminos artesanales o soberan\u00eda alimentaria. Sonora, con su plan energ\u00e9tico, tiene boleto para paneles solares y petroqu\u00edmicos. Si el PND prioriza el centro y sur (como hizo AMLO), el norte industrial podr\u00eda gritar abandono y negociar m\u00e1s descentralizaci\u00f3n en el Congreso.<\/p>\n\n\n\n<p>En t\u00e9rminos comparados, esto recuerda a Brasil con Lula: planes nacionales ambiciosos que chocan con gobernadores fuertes. En M\u00e9xico, el federalismo es m\u00e1s d\u00e9bil, pero la tensi\u00f3n existe. Los gobernadores listos alinear\u00e1n sus planes estatales al PND para bajar recursos; los rebeldes lo usar\u00e1n como bandera electoral en 2025.<\/p>\n\n\n\n<p>En breve, la coyuntura \u2014elecciones, econom\u00eda global, polarizaci\u00f3n\u2014 pondr\u00e1 a prueba su viabilidad. Las secretar\u00edas deben remar al mismo ritmo, y los estados decidir si suben al barco o lo torpedean. Para la gente, es un contrato: si te prometen escuela o agua, apunta y cobra. Por ahora, el tim\u00f3n est\u00e1 en manos de Sheinbaum; veremos si sabe sortear las olas.<\/p>\n","protected":false},"excerpt":{"rendered":"<p>Por Ricardo Mart\u00ednez Mart\u00ednez @ricardommz07 El 28 de febrero de 2025, la presidenta Claudia Sheinbaum envi\u00f3 al Congreso Federal el [&hellip;]<\/p>\n","protected":false},"author":1,"featured_media":91308,"comment_status":"open","ping_status":"open","sticky":false,"template":"","format":"standard","meta":{"site-sidebar-layout":"default","site-content-layout":"","ast-site-content-layout":"default","site-content-style":"default","site-sidebar-style":"default","ast-global-header-display":"","ast-banner-title-visibility":"","ast-main-header-display":"","ast-hfb-above-header-display":"","ast-hfb-below-header-display":"","ast-hfb-mobile-header-display":"","site-post-title":"","ast-breadcrumbs-content":"","ast-featured-img":"","footer-sml-layout":"","theme-transparent-header-meta":"","adv-header-id-meta":"","stick-header-meta":"","header-above-stick-meta":"","header-main-stick-meta":"","header-below-stick-meta":"","astra-migrate-meta-layouts":"default","ast-page-background-enabled":"default","ast-page-background-meta":{"desktop":{"background-color":"var(--ast-global-color-4)","background-image":"","background-repeat":"repeat","background-position":"center center","background-size":"auto","background-attachment":"scroll","background-type":"","background-media":"","overlay-type":"","overlay-color":"","overlay-opacity":"","overlay-gradient":""},"tablet":{"background-color":"","background-image":"","background-repeat":"repeat","background-position":"center center","background-size":"auto","background-attachment":"scroll","background-type":"","background-media":"","overlay-type":"","overlay-color":"","overlay-opacity":"","overlay-gradient":""},"mobile":{"background-color":"","background-image":"","background-repeat":"repeat","background-position":"center center","background-size":"auto","background-attachment":"scroll","background-type":"","background-media":"","overlay-type":"","overlay-color":"","overlay-opacity":"","overlay-gradient":""}},"ast-content-background-meta":{"desktop":{"background-color":"var(--ast-global-color-5)","background-image":"","background-repeat":"repeat","background-position":"center center","background-size":"auto","background-attachment":"scroll","background-type":"","background-media":"","overlay-type":"","overlay-color":"","overlay-opacity":"","overlay-gradient":""},"tablet":{"background-color":"var(--ast-global-color-5)","background-image":"","background-repeat":"repeat","background-position":"center center","background-size":"auto","background-attachment":"scroll","background-type":"","background-media":"","overlay-type":"","overlay-color":"","overlay-opacity":"","overlay-gradient":""},"mobile":{"background-color":"var(--ast-global-color-5)","background-image":"","background-repeat":"repeat","background-position":"center center","background-size":"auto","background-attachment":"scroll","background-type":"","background-media":"","overlay-type":"","overlay-color":"","overlay-opacity":"","overlay-gradient":""}},"footnotes":""},"categories":[32663,8],"tags":[36455],"class_list":["post-95761","post","type-post","status-publish","format-standard","has-post-thumbnail","hentry","category-entre-ruidos-y-senales","category-noticias","tag-plan-nacional-de-desarrollo-2025-2030"],"_links":{"self":[{"href":"https:\/\/losperiodistas.com.mx\/portal\/wp-json\/wp\/v2\/posts\/95761","targetHints":{"allow":["GET"]}}],"collection":[{"href":"https:\/\/losperiodistas.com.mx\/portal\/wp-json\/wp\/v2\/posts"}],"about":[{"href":"https:\/\/losperiodistas.com.mx\/portal\/wp-json\/wp\/v2\/types\/post"}],"author":[{"embeddable":true,"href":"https:\/\/losperiodistas.com.mx\/portal\/wp-json\/wp\/v2\/users\/1"}],"replies":[{"embeddable":true,"href":"https:\/\/losperiodistas.com.mx\/portal\/wp-json\/wp\/v2\/comments?post=95761"}],"version-history":[{"count":1,"href":"https:\/\/losperiodistas.com.mx\/portal\/wp-json\/wp\/v2\/posts\/95761\/revisions"}],"predecessor-version":[{"id":95762,"href":"https:\/\/losperiodistas.com.mx\/portal\/wp-json\/wp\/v2\/posts\/95761\/revisions\/95762"}],"wp:featuredmedia":[{"embeddable":true,"href":"https:\/\/losperiodistas.com.mx\/portal\/wp-json\/wp\/v2\/media\/91308"}],"wp:attachment":[{"href":"https:\/\/losperiodistas.com.mx\/portal\/wp-json\/wp\/v2\/media?parent=95761"}],"wp:term":[{"taxonomy":"category","embeddable":true,"href":"https:\/\/losperiodistas.com.mx\/portal\/wp-json\/wp\/v2\/categories?post=95761"},{"taxonomy":"post_tag","embeddable":true,"href":"https:\/\/losperiodistas.com.mx\/portal\/wp-json\/wp\/v2\/tags?post=95761"}],"curies":[{"name":"wp","href":"https:\/\/api.w.org\/{rel}","templated":true}]}}