{"id":95753,"date":"2025-03-10T06:21:34","date_gmt":"2025-03-10T12:21:34","guid":{"rendered":"https:\/\/losperiodistas.com.mx\/portal\/?p=95753"},"modified":"2025-03-10T06:21:36","modified_gmt":"2025-03-10T12:21:36","slug":"pan-pide-a-donald-trump-que-revele-el-nombre-de-politicos-vinculados-con-el-narcotrafico-en-mexico-infobae","status":"publish","type":"post","link":"https:\/\/losperiodistas.com.mx\/portal\/pan-pide-a-donald-trump-que-revele-el-nombre-de-politicos-vinculados-con-el-narcotrafico-en-mexico-infobae\/","title":{"rendered":"PAN pide a Donald Trump que revele el nombre de pol\u00edticos vinculados con el narcotr\u00e1fico en M\u00e9xico | Infobae"},"content":{"rendered":"\n<h2 class=\"wp-block-heading\">El dirigente nacional del partido blanquiazul, Jorge Romero, se refiri\u00f3 a los se\u00f1alamientos que ha hecho el gobierno de los Estados Unidos<\/h2>\n\n\n\n<figure class=\"wp-block-image size-large\"><img fetchpriority=\"high\" decoding=\"async\" width=\"1024\" height=\"571\" src=\"https:\/\/losperiodistas.com.mx\/portal\/wp-content\/uploads\/2025\/03\/Captura-de-pantalla-2025-03-10-a-las-6.15.48\u202fa.m-1024x571.png\" alt=\"\" class=\"wp-image-95754\" srcset=\"https:\/\/losperiodistas.com.mx\/portal\/wp-content\/uploads\/2025\/03\/Captura-de-pantalla-2025-03-10-a-las-6.15.48\u202fa.m-1024x571.png 1024w, https:\/\/losperiodistas.com.mx\/portal\/wp-content\/uploads\/2025\/03\/Captura-de-pantalla-2025-03-10-a-las-6.15.48\u202fa.m-300x167.png 300w, https:\/\/losperiodistas.com.mx\/portal\/wp-content\/uploads\/2025\/03\/Captura-de-pantalla-2025-03-10-a-las-6.15.48\u202fa.m-768x428.png 768w, https:\/\/losperiodistas.com.mx\/portal\/wp-content\/uploads\/2025\/03\/Captura-de-pantalla-2025-03-10-a-las-6.15.48\u202fa.m-1536x857.png 1536w, https:\/\/losperiodistas.com.mx\/portal\/wp-content\/uploads\/2025\/03\/Captura-de-pantalla-2025-03-10-a-las-6.15.48\u202fa.m.png 1610w\" sizes=\"(max-width: 1024px) 100vw, 1024px\" \/><figcaption class=\"wp-element-caption\">Jorge Romero hizo una petici\u00f3n a Donald Trump (PAN)<\/figcaption><\/figure>\n\n\n\n<p class=\"has-vivid-red-color has-text-color has-link-color has-medium-font-size wp-elements-d11e46c786a9a3189558e7aa2f76345a\"><strong>Por Israel Aguilar Esquivel \/ Infobae<\/strong><\/p>\n\n\n\n<p><strong>Jorge Romero<\/strong>&nbsp;Herrera, dirigente del Partido Acci\u00f3n Nacional (<strong>PAN<\/strong>), pidi\u00f3 al presidente de los Estados Unidos,&nbsp;<strong>Donald Trump<\/strong>, que d\u00e9 a conocer el nombre de aquellos personajes de la pol\u00edtica a quienes ha acusado de tener&nbsp;<strong>v\u00ednculos con el narcotr\u00e1fico.<\/strong>&nbsp;Cabe mencionar que uno de los argumentos para la imposici\u00f3n de aranceles fue el supuesto nexo entre pol\u00edticos y miembros del crimen organizado.<\/p>\n\n\n\n<p><a href=\"https:\/\/www.infobae.com\/mexico\/2025\/03\/10\/los-gobernadores-de-oposicion-que-respaldaron-a-claudia-sheinbaum-en-la-asamblea-informativa-del-zocalo\/\" target=\"_blank\" rel=\"noreferrer noopener\"><\/a><\/p>\n\n\n\n<figure class=\"wp-block-image\"><a href=\"https:\/\/www.infobae.com\/mexico\/2025\/03\/10\/los-gobernadores-de-oposicion-que-respaldaron-a-claudia-sheinbaum-en-la-asamblea-informativa-del-zocalo\/\" target=\"_blank\" rel=\"noreferrer noopener\"><img decoding=\"async\" src=\"https:\/\/www.infobae.com\/resizer\/v2\/UAU2TV75ZZAKVJFGFR24SVJXR4.jpg?auth=d1a73c6146fb3023cde3ede23d3e685aae11716ff24249e39b532f826da2ac79&amp;smart=true&amp;width=256&amp;height=140&amp;quality=85\" alt=\"Los gobernadores de oposici\u00f3n que respaldaron a Claudia Sheinbaum en la asamblea informativa del Z\u00f3calo\"\/><\/a><\/figure>\n\n\n\n<p><a href=\"https:\/\/www.infobae.com\/mexico\/2025\/03\/10\/los-gobernadores-de-oposicion-que-respaldaron-a-claudia-sheinbaum-en-la-asamblea-informativa-del-zocalo\/\" target=\"_blank\" rel=\"noreferrer noopener\">Te puede interesar:<strong>Los gobernadores de oposici\u00f3n que respaldaron a Claudia Sheinbaum en la asamblea informativa del Z\u00f3calo<\/strong><\/a><a href=\"https:\/\/www.infobae.com\/mexico\/2025\/03\/10\/los-gobernadores-de-oposicion-que-respaldaron-a-claudia-sheinbaum-en-la-asamblea-informativa-del-zocalo\/\" target=\"_blank\" rel=\"noreferrer noopener\"><\/a><\/p>\n\n\n\n<p>Durante la sesi\u00f3n del Consejo Nacional del PAN, el dirigente nacional del blanquiazul se refiri\u00f3 a los se\u00f1alamientos que el presidente de Estados Unidos lleg\u00f3 a hacer sobre los&nbsp;<strong>supuestos v\u00ednculos de pol\u00edticos con narcotraficantes<\/strong>. Al respecto, le pidi\u00f3 dar informaci\u00f3n para averiguar la reacci\u00f3n de las autoridades.<\/p>\n\n\n\n<p>\u201cA qui\u00e9nes se refiere, se\u00f1or presidente Donald Trump. En M\u00e9xico queremos saber qui\u00e9nes son esas personas y queremos ver c\u00f3mo act\u00faa el gobierno de M\u00e9xico ante pruebas y se\u00f1alamientos concretos de otro gobierno (&#8230;) Todo el mundo en este pa\u00eds sabe que es la verdad: tuvo la complacencia para que en extens\u00edsimas \u00e1reas territoriales el crimen organizado creciera a grados monstruosos\u201d, dijo.<\/p>\n\n\n\n<p><a href=\"https:\/\/www.infobae.com\/mexico\/2025\/03\/10\/habra-una-guerra-interna-en-el-cjng-el-colapso-del-circulo-de-el-mencho-abre-lucha-por-el-liderazgo\/\" target=\"_blank\" rel=\"noreferrer noopener\"><\/a><\/p>\n\n\n\n<figure class=\"wp-block-image\"><a href=\"https:\/\/www.infobae.com\/mexico\/2025\/03\/10\/habra-una-guerra-interna-en-el-cjng-el-colapso-del-circulo-de-el-mencho-abre-lucha-por-el-liderazgo\/\" target=\"_blank\" rel=\"noreferrer noopener\"><img decoding=\"async\" src=\"https:\/\/www.infobae.com\/resizer\/v2\/AXNHOY6OGJCQXKL4URUIPHBFP4.jpg?auth=825f6bc3de1fc727972344fc7a0dccb3b1b96cfa16fac1befe0e023a2b707c10&amp;smart=true&amp;width=256&amp;height=140&amp;quality=85\" alt=\"\u00bfHabr\u00e1 guerra intestina en el CJNG? As\u00ed es como el colapso del c\u00edrculo de \u201cEl Mencho\u201d abrir\u00eda lucha por liderazgo\"\/><\/a><\/figure>\n\n\n\n<p><a href=\"https:\/\/www.infobae.com\/mexico\/2025\/03\/10\/habra-una-guerra-interna-en-el-cjng-el-colapso-del-circulo-de-el-mencho-abre-lucha-por-el-liderazgo\/\" target=\"_blank\" rel=\"noreferrer noopener\">Te puede interesar:<strong>\u00bfHabr\u00e1 guerra intestina en el CJNG? As\u00ed es como el colapso del c\u00edrculo de \u201cEl Mencho\u201d abrir\u00eda lucha por liderazgo<\/strong><\/a><a href=\"https:\/\/www.infobae.com\/mexico\/2025\/03\/10\/habra-una-guerra-interna-en-el-cjng-el-colapso-del-circulo-de-el-mencho-abre-lucha-por-el-liderazgo\/\" target=\"_blank\" rel=\"noreferrer noopener\"><\/a><img decoding=\"async\" alt=\"Garc\u00eda Luna fue condenado a\" height=\"1080\" src=\"https:\/\/www.infobae.com\/resizer\/v2\/SZK45LRTX5DQ5N5TW76ZYP3K7E.jpg?auth=4af1fa97d4d654e5e0a190858175a0061d22cf69fe96ffc61355a9d7b202e272&amp;smart=true&amp;width=350&amp;height=197&amp;quality=85\" width=\"1920\">Garc\u00eda Luna fue condenado a 38 a\u00f1os de prisi\u00f3n (REUTERS\/Jane Rosenberg)<\/p>\n\n\n\n<p>El comentario de&nbsp;<strong>Romero&nbsp;<\/strong>Herrera tuvo como fin criticar a los gobiernos que han tenido las riendas del pa\u00eds en los \u00faltimos dos sexenios. De igual manera, respald\u00f3 su postura con un se\u00f1alamiento realizado por&nbsp;<strong>Donald Trump<\/strong>&nbsp;al inicio de su periodo como presidente de los Estados Unidos. No obstante, la evidencia que dio a conocer estuvo vinculada con el Partido Acci\u00f3n Nacional (<strong>PAN<\/strong>).<\/p>\n\n\n\n<p>Fue a principios de febrero de 2025 cuando Trump acus\u00f3 la supuesta relaci\u00f3n de autoridades con el narcotr\u00e1fico, aunque en aquel momento se refiri\u00f3 a la&nbsp;<a rel=\"noreferrer noopener\" href=\"https:\/\/www.infobae.com\/mexico\/2024\/10\/16\/genaro-garcia-luna-es-sentenciado-a-38-anos-de-prision-por-vinculos-con-el-cartel-de-sinaloa\/\" target=\"_blank\">sentencia de 38 a\u00f1os en prisi\u00f3n que recibi\u00f3 Genaro Garc\u00eda Luna<\/a>&nbsp;en los Estados Unidos por cargos relacionados con el tr\u00e1fico de drogas como&nbsp;<strong>participar en una empresa criminal<\/strong>, conspiraci\u00f3n internacional para la distribuci\u00f3n de coca\u00edna, conspiraci\u00f3n de distribuci\u00f3n y posesi\u00f3n de coca\u00edna, entre otros.<\/p>\n\n\n\n<p><a href=\"https:\/\/www.infobae.com\/mexico\/2025\/03\/10\/temblor-hoy-en-mexico-noticias-actividad-sismica-10-de-marzo-de-2025\/\" target=\"_blank\" rel=\"noreferrer noopener\"><\/a><\/p>\n\n\n\n<figure class=\"wp-block-image\"><a href=\"https:\/\/www.infobae.com\/mexico\/2025\/03\/10\/temblor-hoy-en-mexico-noticias-actividad-sismica-10-de-marzo-de-2025\/\" target=\"_blank\" rel=\"noreferrer noopener\"><img decoding=\"async\" src=\"https:\/\/www.infobae.com\/resizer\/v2\/PKF2CQOHYFAOTEE5VAAWTVGHDM.jpg?auth=fef11007da9a7bec902a4d3df66238ac6269ea8613fb5d07c2e28ec7771fd1e4&amp;smart=true&amp;width=258&amp;height=140&amp;quality=85\" alt=\"Temblor hoy 10 de marzo en M\u00e9xico: se registr\u00f3 un sismo de magnitud 4.0 en Guerrero\"\/><\/a><\/figure>\n\n\n\n<p><a href=\"https:\/\/www.infobae.com\/mexico\/2025\/03\/10\/temblor-hoy-en-mexico-noticias-actividad-sismica-10-de-marzo-de-2025\/\" target=\"_blank\" rel=\"noreferrer noopener\">Te puede interesar:<strong>Temblor hoy 10 de marzo en M\u00e9xico: se registr\u00f3 un sismo de magnitud 4.0 en Guerrero<\/strong><\/a><a href=\"https:\/\/www.infobae.com\/mexico\/2025\/03\/10\/temblor-hoy-en-mexico-noticias-actividad-sismica-10-de-marzo-de-2025\/\" target=\"_blank\" rel=\"noreferrer noopener\"><\/a><\/p>\n\n\n\n<p>Cabe recordar que&nbsp;<strong>Genaro Garc\u00eda Luna<\/strong>&nbsp;fue el secretario de Seguridad P\u00fablica durante el gobierno de&nbsp;<strong>Felipe Calder\u00f3n<\/strong>&nbsp;Hinojosa, quien eman\u00f3 de las filas del Partido Acci\u00f3n Nacional (<strong>PAN<\/strong>).<img decoding=\"async\" alt=\"Garc\u00eda Luna era miembro del\" height=\"1080\" src=\"https:\/\/www.infobae.com\/resizer\/v2\/WRJE53C6HNABFLBAL2HT4PA5QU.jpg?auth=200bbfbfdc0e558175edbfccf5477f4e7fbaf56f5cdb1809143d4908b2b15fd1&amp;smart=true&amp;width=350&amp;height=197&amp;quality=85\" width=\"1920\">Garc\u00eda Luna era miembro del gabinete de Felipe Calder\u00f3n (X\/@piojo22e)<\/p>\n\n\n\n<h2 class=\"wp-block-heading\">PAN propone medidas para fortalecer la econom\u00eda mexicana<\/h2>\n\n\n\n<p>En otra parte de su intervenci\u00f3n Romero Herrera dio a conocer una serie de estrategias en materia econ\u00f3mica para el pa\u00eds. Ellas consistieron en:<\/p>\n\n\n\n<ol class=\"wp-block-list\">\n<li>Diversificaci\u00f3n de exportaciones: fortalecer la relaci\u00f3n con Europa y otras regiones sin depender \u00fanicamente de Estados Unidos<\/li>\n\n\n\n<li>Sustituci\u00f3n de importaciones: impulsar el consumo de productos nacionales para fortalecer la econom\u00eda interna.<\/li>\n\n\n\n<li>Pol\u00edtica arancelaria inteligente: generar una estrategia de respuesta ante las amenazas econ\u00f3micas externas.<\/li>\n<\/ol>\n\n\n\n<p><\/p>\n\n\n\n<p>Fuente: <a href=\"https:\/\/www.infobae.com\/mexico\/2025\/03\/09\/pan-pide-a-donald-trump-que-revele-el-nombre-de-politicos-vinculados-con-el-narcotrafico-en-mexico\/\">https:\/\/www.infobae.com\/mexico\/2025\/03\/09\/pan-pide-a-donald-trump-que-revele-el-nombre-de-politicos-vinculados-con-el-narcotrafico-en-mexico\/<\/a><\/p>\n","protected":false},"excerpt":{"rendered":"<p>El dirigente nacional del partido blanquiazul, Jorge Romero, se refiri\u00f3 a los se\u00f1alamientos que ha hecho el gobierno de los [&hellip;]<\/p>\n","protected":false},"author":1,"featured_media":95754,"comment_status":"open","ping_status":"open","sticky":false,"template":"","format":"standard","meta":{"site-sidebar-layout":"default","site-content-layout":"","ast-site-content-layout":"default","site-content-style":"default","site-sidebar-style":"default","ast-global-header-display":"","ast-banner-title-visibility":"","ast-main-header-display":"","ast-hfb-above-header-display":"","ast-hfb-below-header-display":"","ast-hfb-mobile-header-display":"","site-post-title":"","ast-breadcrumbs-content":"","ast-featured-img":"","footer-sml-layout":"","theme-transparent-header-meta":"","adv-header-id-meta":"","stick-header-meta":"","header-above-stick-meta":"","header-main-stick-meta":"","header-below-stick-meta":"","astra-migrate-meta-layouts":"default","ast-page-background-enabled":"default","ast-page-background-meta":{"desktop":{"background-color":"var(--ast-global-color-4)","background-image":"","background-repeat":"repeat","background-position":"center center","background-size":"auto","background-attachment":"scroll","background-type":"","background-media":"","overlay-type":"","overlay-color":"","overlay-opacity":"","overlay-gradient":""},"tablet":{"background-color":"","background-image":"","background-repeat":"repeat","background-position":"center center","background-size":"auto","background-attachment":"scroll","background-type":"","background-media":"","overlay-type":"","overlay-color":"","overlay-opacity":"","overlay-gradient":""},"mobile":{"background-color":"","background-image":"","background-repeat":"repeat","background-position":"center center","background-size":"auto","background-attachment":"scroll","background-type":"","background-media":"","overlay-type":"","overlay-color":"","overlay-opacity":"","overlay-gradient":""}},"ast-content-background-meta":{"desktop":{"background-color":"var(--ast-global-color-5)","background-image":"","background-repeat":"repeat","background-position":"center center","background-size":"auto","background-attachment":"scroll","background-type":"","background-media":"","overlay-type":"","overlay-color":"","overlay-opacity":"","overlay-gradient":""},"tablet":{"background-color":"var(--ast-global-color-5)","background-image":"","background-repeat":"repeat","background-position":"center center","background-size":"auto","background-attachment":"scroll","background-type":"","background-media":"","overlay-type":"","overlay-color":"","overlay-opacity":"","overlay-gradient":""},"mobile":{"background-color":"var(--ast-global-color-5)","background-image":"","background-repeat":"repeat","background-position":"center center","background-size":"auto","background-attachment":"scroll","background-type":"","background-media":"","overlay-type":"","overlay-color":"","overlay-opacity":"","overlay-gradient":""}},"footnotes":""},"categories":[8],"tags":[3763,248,36454,36453],"class_list":["post-95753","post","type-post","status-publish","format-standard","has-post-thumbnail","hentry","category-noticias","tag-jorge-romero-herrera","tag-pan","tag-politicos-vinculados-al-narco","tag-tump"],"_links":{"self":[{"href":"https:\/\/losperiodistas.com.mx\/portal\/wp-json\/wp\/v2\/posts\/95753","targetHints":{"allow":["GET"]}}],"collection":[{"href":"https:\/\/losperiodistas.com.mx\/portal\/wp-json\/wp\/v2\/posts"}],"about":[{"href":"https:\/\/losperiodistas.com.mx\/portal\/wp-json\/wp\/v2\/types\/post"}],"author":[{"embeddable":true,"href":"https:\/\/losperiodistas.com.mx\/portal\/wp-json\/wp\/v2\/users\/1"}],"replies":[{"embeddable":true,"href":"https:\/\/losperiodistas.com.mx\/portal\/wp-json\/wp\/v2\/comments?post=95753"}],"version-history":[{"count":1,"href":"https:\/\/losperiodistas.com.mx\/portal\/wp-json\/wp\/v2\/posts\/95753\/revisions"}],"predecessor-version":[{"id":95755,"href":"https:\/\/losperiodistas.com.mx\/portal\/wp-json\/wp\/v2\/posts\/95753\/revisions\/95755"}],"wp:featuredmedia":[{"embeddable":true,"href":"https:\/\/losperiodistas.com.mx\/portal\/wp-json\/wp\/v2\/media\/95754"}],"wp:attachment":[{"href":"https:\/\/losperiodistas.com.mx\/portal\/wp-json\/wp\/v2\/media?parent=95753"}],"wp:term":[{"taxonomy":"category","embeddable":true,"href":"https:\/\/losperiodistas.com.mx\/portal\/wp-json\/wp\/v2\/categories?post=95753"},{"taxonomy":"post_tag","embeddable":true,"href":"https:\/\/losperiodistas.com.mx\/portal\/wp-json\/wp\/v2\/tags?post=95753"}],"curies":[{"name":"wp","href":"https:\/\/api.w.org\/{rel}","templated":true}]}}