{"id":9575,"date":"2021-06-26T19:41:22","date_gmt":"2021-06-27T00:41:22","guid":{"rendered":"http:\/\/losperiodistas.com.mx\/portal\/?p=9575"},"modified":"2021-06-26T19:41:24","modified_gmt":"2021-06-27T00:41:24","slug":"es-amlo-aliado-de-daniel-ortega","status":"publish","type":"post","link":"https:\/\/losperiodistas.com.mx\/portal\/es-amlo-aliado-de-daniel-ortega\/","title":{"rendered":"\u00bfEs AMLO Aliado de Daniel Ortega?"},"content":{"rendered":"\n<p><\/p>\n\n\n\n<figure class=\"wp-block-image size-large\"><img fetchpriority=\"high\" decoding=\"async\" width=\"1024\" height=\"625\" src=\"https:\/\/losperiodistas.com.mx\/portal\/wp-content\/uploads\/2021\/06\/Captura-de-Pantalla-2021-06-26-a-las-19.37.28-1024x625.jpg\" alt=\"\" class=\"wp-image-9576\" srcset=\"https:\/\/losperiodistas.com.mx\/portal\/wp-content\/uploads\/2021\/06\/Captura-de-Pantalla-2021-06-26-a-las-19.37.28-1024x625.jpg 1024w, https:\/\/losperiodistas.com.mx\/portal\/wp-content\/uploads\/2021\/06\/Captura-de-Pantalla-2021-06-26-a-las-19.37.28-300x183.jpg 300w, https:\/\/losperiodistas.com.mx\/portal\/wp-content\/uploads\/2021\/06\/Captura-de-Pantalla-2021-06-26-a-las-19.37.28-768x469.jpg 768w, https:\/\/losperiodistas.com.mx\/portal\/wp-content\/uploads\/2021\/06\/Captura-de-Pantalla-2021-06-26-a-las-19.37.28.jpg 1416w\" sizes=\"(max-width: 1024px) 100vw, 1024px\" \/><figcaption>Director Acad\u00e9mico Facultad de Comercio Internacional y Log\u00edstica\/\/Profesor Em\u00e9rito<\/figcaption><\/figure>\n\n\n\n<p><\/p>\n\n\n\n<p class=\"has-vivid-cyan-blue-color has-text-color\" style=\"font-size:26px\"><strong><em>Por Dr. Juan Carlos Botello \/ Dr. Werner G.C. Voigt<\/em><\/strong><\/p>\n\n\n\n<p><\/p>\n\n\n\n<p>Los gobiernos de M\u00e9xico y Argentina informaron el lunes 26 de junio de 2021 que llamaron a consultas a sus embajadores en Nicaragua sobre las acciones del gobierno de Daniel Ortega de los \u00faltimos d\u00edas, que \u2013 seg\u00fan nuestro embajador Gustavo Alonso Cabrera \u2013 \u201chan puesto en riesgo la integridad y libertad de diversas figuras de la oposici\u00f3n, incluidos precandidatos presidenciales, activistas y empresarios nicarag\u00fcenses\u201d. Andr\u00e9s Manuel L\u00f3pez Obrador indic\u00f3 en un pronunciamiento oficial: \u201cM\u00e9xico y Argentina se mantendr\u00e1n atentos a la evoluci\u00f3n de los acontecimientos y seguir\u00e1n promoviendo inequ\u00edvocamente el pleno respeto y promoci\u00f3n de los derechos humanos, las libertades civiles, pol\u00edticas y de expresi\u00f3n de toda persona con independencia de su nacionalidad y\/o profesi\u00f3n\u201d.<\/p>\n\n\n\n<p>\u00bfQu\u00e9 ha provocado un acto tan serio como el retiro de nuestro embajador en Nicaragua? La explicaci\u00f3n es simple: De cara a las elecciones presidenciales de 7 de noviembre de 2021, el presidente Daniel Ortega ha iniciado una campa\u00f1a brutal de detenciones arbitrarias y persecuciones contra cr\u00edticos del gobierno incluidos prominentes opositores pol\u00edticos, defensores de derechos humanos y destacados periodistas. Entre los candidatos a la presidencia se encuentren personalidades destacadas como Cristiana Chamorro, Arturo Cruz Sequiera, F\u00e9lix Maradiaga, Juan Sebasti\u00e1n Chamorro, todos arrestados en Managua o en exilio en Costa Rica. Y ahora el r\u00e9gimen orden\u00f3 arrestar al distinguido periodista Miguel Mora, quien se convirti\u00f3 en el quinto precandidato presidencial detenido e incomunicado.<\/p>\n\n\n\n<p>El gobierno se ha aprovechado de su mayor\u00eda en la Asamblea Nacional para adoptar restricciones dr\u00e1sticas que socavan gravemente los derechos humanos fundamentales, as\u00ed como una \u201creforma\u201d electoral que, en la pr\u00e1ctica, facilita la posibilidad de inhabilitar opositores pol\u00edticos. El gobierno tambi\u00e9n ha retenido el control del Consejo Supremo Electoral permitiendo la designaci\u00f3n de miembros del Consejo \u2013 todos ellos seguidores de Ortega \u2013 y este nuevo Consejo cancel\u00f3 la personalidad jur\u00eddica de uno de los dos partidos pol\u00edticos. Adem\u00e1s, Daniel Ortega ha estado en poder ininterrumpido como presidente desde 2007 y en 2009, bajo enorme presi\u00f3n de Ortega, la Suprema Corte de Nicaragua permiti\u00f3 ignorar una prohibici\u00f3n constitucional a la reelecci\u00f3n del presidente y postularse a un segundo mandato consecutivo. Una reforma constitucional aprobada en 2014 por su partido, que controla la Asamblea Nacional, completamente derog\u00f3 los l\u00edmites al periodo presidencial, potencialmente permiti\u00e9ndole convertirse en presidente vitalicio.<\/p>\n\n\n\n<p>Ante esta alarmante situaci\u00f3n, en el Consejo de Derechos Humanos de la ONU en Ginebra, 59 pa\u00edses firmaron, el martes 27 de junio, una declaraci\u00f3n conjunta en la que condenaron categ\u00f3ricamente la violaci\u00f3n a los derechos humanos en Nicaragua e instaron a la liberaci\u00f3n inmediata de los opositores detenidos y la celebraci\u00f3n de elecciones libres. El 15 de junio la Organizaci\u00f3n de Estados Americanos (OEA) emiti\u00f3 una resoluci\u00f3n \u2013 aprobada por 26 pa\u00edses \u2013 en el mismo sentido y con la misma exhortaci\u00f3n.<\/p>\n\n\n\n<p>Inexplicablemente, el gobierno de la 4T ahora se ha negado a adherirse con la ONU y la OEA contra el gobierno de Daniel Ortega y ha rechazado categ\u00f3ricamente estos dos documentos internacionales. \u00bfPodr\u00eda ser que AMLO \u2013 despu\u00e9s del acto correcto de llamar a nuestro embajador \u2013 ahora quiere anular este acto y aliarse con el dictador de Nicaragua en franca contravenci\u00f3n al Art\u00edculo 99 de la Carta de las Naciones Unidas? \u00bfCu\u00e1les podr\u00edan ser las consecuencias para M\u00e9xico? \u00bfEsperar\u00edamos un embargo econ\u00f3mico por parte de Estados Unidos de Am\u00e9rica como una medida de castigo por el apoyo a los gobiernos dictatoriales?<\/p>\n","protected":false},"excerpt":{"rendered":"<p>Por Dr. Juan Carlos Botello \/ Dr. Werner G.C. Voigt Los gobiernos de M\u00e9xico y Argentina informaron el lunes 26 [&hellip;]<\/p>\n","protected":false},"author":1,"featured_media":9576,"comment_status":"open","ping_status":"open","sticky":false,"template":"","format":"standard","meta":{"site-sidebar-layout":"default","site-content-layout":"","ast-site-content-layout":"default","site-content-style":"default","site-sidebar-style":"default","ast-global-header-display":"","ast-banner-title-visibility":"","ast-main-header-display":"","ast-hfb-above-header-display":"","ast-hfb-below-header-display":"","ast-hfb-mobile-header-display":"","site-post-title":"","ast-breadcrumbs-content":"","ast-featured-img":"","footer-sml-layout":"","theme-transparent-header-meta":"","adv-header-id-meta":"","stick-header-meta":"","header-above-stick-meta":"","header-main-stick-meta":"","header-below-stick-meta":"","astra-migrate-meta-layouts":"default","ast-page-background-enabled":"default","ast-page-background-meta":{"desktop":{"background-color":"var(--ast-global-color-4)","background-image":"","background-repeat":"repeat","background-position":"center center","background-size":"auto","background-attachment":"scroll","background-type":"","background-media":"","overlay-type":"","overlay-color":"","overlay-opacity":"","overlay-gradient":""},"tablet":{"background-color":"","background-image":"","background-repeat":"repeat","background-position":"center center","background-size":"auto","background-attachment":"scroll","background-type":"","background-media":"","overlay-type":"","overlay-color":"","overlay-opacity":"","overlay-gradient":""},"mobile":{"background-color":"","background-image":"","background-repeat":"repeat","background-position":"center center","background-size":"auto","background-attachment":"scroll","background-type":"","background-media":"","overlay-type":"","overlay-color":"","overlay-opacity":"","overlay-gradient":""}},"ast-content-background-meta":{"desktop":{"background-color":"var(--ast-global-color-5)","background-image":"","background-repeat":"repeat","background-position":"center center","background-size":"auto","background-attachment":"scroll","background-type":"","background-media":"","overlay-type":"","overlay-color":"","overlay-opacity":"","overlay-gradient":""},"tablet":{"background-color":"var(--ast-global-color-5)","background-image":"","background-repeat":"repeat","background-position":"center center","background-size":"auto","background-attachment":"scroll","background-type":"","background-media":"","overlay-type":"","overlay-color":"","overlay-opacity":"","overlay-gradient":""},"mobile":{"background-color":"var(--ast-global-color-5)","background-image":"","background-repeat":"repeat","background-position":"center center","background-size":"auto","background-attachment":"scroll","background-type":"","background-media":"","overlay-type":"","overlay-color":"","overlay-opacity":"","overlay-gradient":""}},"footnotes":""},"categories":[20,8],"tags":[2290,2289],"class_list":["post-9575","post","type-post","status-publish","format-standard","has-post-thumbnail","hentry","category-analisis-estrategico","category-noticias","tag-amlo-aliado-daniel-ortega","tag-mexico-y-nicaragua"],"_links":{"self":[{"href":"https:\/\/losperiodistas.com.mx\/portal\/wp-json\/wp\/v2\/posts\/9575","targetHints":{"allow":["GET"]}}],"collection":[{"href":"https:\/\/losperiodistas.com.mx\/portal\/wp-json\/wp\/v2\/posts"}],"about":[{"href":"https:\/\/losperiodistas.com.mx\/portal\/wp-json\/wp\/v2\/types\/post"}],"author":[{"embeddable":true,"href":"https:\/\/losperiodistas.com.mx\/portal\/wp-json\/wp\/v2\/users\/1"}],"replies":[{"embeddable":true,"href":"https:\/\/losperiodistas.com.mx\/portal\/wp-json\/wp\/v2\/comments?post=9575"}],"version-history":[{"count":1,"href":"https:\/\/losperiodistas.com.mx\/portal\/wp-json\/wp\/v2\/posts\/9575\/revisions"}],"predecessor-version":[{"id":9577,"href":"https:\/\/losperiodistas.com.mx\/portal\/wp-json\/wp\/v2\/posts\/9575\/revisions\/9577"}],"wp:featuredmedia":[{"embeddable":true,"href":"https:\/\/losperiodistas.com.mx\/portal\/wp-json\/wp\/v2\/media\/9576"}],"wp:attachment":[{"href":"https:\/\/losperiodistas.com.mx\/portal\/wp-json\/wp\/v2\/media?parent=9575"}],"wp:term":[{"taxonomy":"category","embeddable":true,"href":"https:\/\/losperiodistas.com.mx\/portal\/wp-json\/wp\/v2\/categories?post=9575"},{"taxonomy":"post_tag","embeddable":true,"href":"https:\/\/losperiodistas.com.mx\/portal\/wp-json\/wp\/v2\/tags?post=9575"}],"curies":[{"name":"wp","href":"https:\/\/api.w.org\/{rel}","templated":true}]}}