{"id":95744,"date":"2025-03-10T03:34:34","date_gmt":"2025-03-10T09:34:34","guid":{"rendered":"https:\/\/losperiodistas.com.mx\/portal\/?p=95744"},"modified":"2025-03-10T03:34:37","modified_gmt":"2025-03-10T09:34:37","slug":"los-liberales-de-canada-eligen-al-economista-mark-carney-como-sucesor-de-justin-trudeau-el-pais","status":"publish","type":"post","link":"https:\/\/losperiodistas.com.mx\/portal\/los-liberales-de-canada-eligen-al-economista-mark-carney-como-sucesor-de-justin-trudeau-el-pais\/","title":{"rendered":"Los liberales de Canad\u00e1 eligen al economista Mark Carney como sucesor de Justin Trudeau | El Pa\u00eds"},"content":{"rendered":"\n<h2 class=\"wp-block-heading\">El pr\u00f3ximo primer ministro y l\u00edder de la formaci\u00f3n, exgobernador de los bancos centrales de Canad\u00e1 y de Inglaterra, tendr\u00e1 que afrontar una tensa relaci\u00f3n con Washington en plena guerra comercial lanzada por Trump<\/h2>\n\n\n\n<figure class=\"wp-block-image\"><img decoding=\"async\" src=\"https:\/\/imagenes.elpais.com\/resizer\/v2\/MHLPIPBV2FFIZOW5JDJUQSK2PE.JPG?auth=cbcaa1e29564c541a62f0edeb5980f6e63219fdb91d0e20c9ca6464064be5bb2&amp;width=1200&amp;height=675&amp;smart=true\" alt=\"\"\/><figcaption class=\"wp-element-caption\">Mark Carney en Ontario, Canad\u00e1, el 9 de marzo 2025. Foto:\u00a0Amber Bracken\u00a0|\u00a0V\u00eddeo:\u00a0EPV<\/figcaption><\/figure>\n\n\n\n<p class=\"has-vivid-red-color has-text-color has-link-color has-medium-font-size wp-elements-b16f0841e6cfdf34767785b24f45795f\"><strong><a href=\"https:\/\/elpais.com\/autor\/jaime-porras-ferreyra\/#?rel=author_top\">Jaime Porras Ferreyra<\/a> \/ El Pa\u00eds<\/strong><\/p>\n\n\n\n<p>Montreal <\/p>\n\n\n\n<p>El economista Mark Carney ha sido elegido este domingo l\u00edder del Partido Liberal de Canad\u00e1. El exgobernador del Banco de Canad\u00e1 y del Banco de Inglaterra se impuso de forma abrumadora en la carrera interna de la formaci\u00f3n. Carney sustituye a Justin Trudeau al frente del partido y del Gobierno. Tomar\u00e1 posesi\u00f3n como primer ministro canadiense en los pr\u00f3ximos d\u00edas. \u201cQuiero daros las gracias, queridos liberales, por concederme el mayor honor de todos: servir como vuestro nuevo l\u00edder\u201d, declar\u00f3 Carney en su discurso de victoria, apuntando que&nbsp;<a href=\"https:\/\/elpais.com\/mexico\/2025-03-09\/los-simpatizantes-de-sheinbaum-envian-un-mensaje-a-trump-a-mexico-se-le-respeta.html\">tanto Donald Trump como Pierre Poilievre (l\u00edder de los conservadores) son un peligro para Canad\u00e1.<\/a><\/p>\n\n\n\n<p>Los miembros de la formaci\u00f3n liberal eligieron a Carney con el 85,9% de los votos. El pol\u00edtico encabezaba las encuestas y las cifras de recaudaci\u00f3n, adem\u00e1s de sumar el mayor n\u00famero de apoyos entre ministros y diputados, pero el porcentaje de victoria mostr\u00f3 que cuenta con un respaldo sumamente vigoroso dentro de su partido.&nbsp;<a href=\"https:\/\/elpais.com\/internacional\/2024-12-17\/el-portazo-de-la-viceprimera-ministra-chrystia-freeland-deja-en-la-estacada-a-justin-trudeau-en-canada.html\">Chrystia Freeland, viceprimera ministra y ministra de Finanzas hasta el pasado 16 de diciembre,<\/a>&nbsp;ocup\u00f3 la segunda posici\u00f3n con el 8%. La renuncia de Freeland a dichos cargos acentu\u00f3 la crisis dentro del Gobierno liberal, provocando&nbsp;<a href=\"https:\/\/elpais.com\/internacional\/2025-01-06\/justin-trudeau-dimite-como-lider-del-partido-liberal-de-canada-y-dejara-de-ser-primer-ministro-cuando-haya-sustituto.html\" target=\"_blank\" rel=\"noreferrer noopener\">el anuncio de la dimisi\u00f3n de Trudeau como primer ministro el 6 de enero.<\/a><\/p>\n\n\n\n<p>Antes de darse a conocer los resultados, Trudeau pronunci\u00f3 un discurso. \u201cCuando los liberales nos reunimos, siempre nos centramos en una cosa: el trabajo que a\u00fan nos queda por hacer para construir un pa\u00eds que siga siendo digno de todos los canadienses\u201d, expres\u00f3. Trudeau se convirti\u00f3 en l\u00edder de los liberales en 2013. Dos a\u00f1os despu\u00e9s&nbsp;<a href=\"https:\/\/elpais.com\/internacional\/2015\/10\/20\/america\/1445299360_943027.html\">venci\u00f3 a los conservadores gracias a una combinaci\u00f3n de magnetismo y de promesas de grandes cambios.<\/a>&nbsp;Entre sus logros m\u00e1s importantes destacan la prestaci\u00f3n federal para familias con hijos, un sistema nacional de guarder\u00edas y la legalizaci\u00f3n del cannabis recreativo. Y entre sus promesas incumplidas es posible citar una reforma electoral, el equilibrio presupuestario y una reducci\u00f3n considerable de las emisiones de gases de efecto invernadero. El pol\u00edtico fue perdiendo popularidad con el paso de los a\u00f1os, aunque no solo como consecuencia del desgaste en el poder. Se recuerda su lista de esc\u00e1ndalos por cercanos v\u00ednculos con las altas esferas econ\u00f3micas, su poca tolerancia a opiniones contrarias dentro de su equipo y su intenci\u00f3n de buscar un cuarto mandato pese a las r\u00e1fagas de viento en contra. La tarea de que los liberales sigan gobernando recae ahora en Carney.<\/p>\n\n\n\n<figure class=\"wp-block-image\"><img decoding=\"async\" src=\"https:\/\/imagenes.elpais.com\/resizer\/v2\/K3GLKQ5EGTDD7DQQ7VHR7GLVT4.jpg?auth=4d7777058376aeb3a57ea4bbdd4a885e8ef7085b34019f9df9d711b4b76f9711&amp;width=414\" alt=\"Mark Carney y Justin Trudeau tras el anuncio de los resultados del Partido Liberal. \"\/><figcaption class=\"wp-element-caption\">Mark Carney y Justin Trudeau tras el anuncio de los resultados del Partido Liberal.Amber Bracken (REUTERS)<\/figcaption><\/figure>\n\n\n\n<p>Mark Joseph Carney naci\u00f3 en 1965 en Fort Smith, ciudad perteneciente a los Territorios del Noroeste, aunque pas\u00f3 su infancia y adolescencia en Edmonton (Alberta). Graduado como economista en Harvard y Oxford, trabaj\u00f3 algunos a\u00f1os en Goldman Sachs. Ingres\u00f3 posteriormente en el Banco de Canad\u00e1, donde se desempe\u00f1\u00f3 como gobernador entre 2008 y 2013,&nbsp;<a href=\"https:\/\/elpais.com\/economia\/2019\/12\/19\/actualidad\/1576750732_627988.html\">ocupando el mismo cargo en el Banco de Inglaterra entre 2013 y 2020.&nbsp;<\/a>Despu\u00e9s se convirti\u00f3 en enviado especial de la ONU para la Acci\u00f3n Clim\u00e1tica y la Financiaci\u00f3n. Tras haber ocupado cargos en los consejos de administraci\u00f3n de algunas firmas, fue nombrado por Trudeau consejero especial del Partido Liberal de Canad\u00e1. El primer ministro le ofreci\u00f3 el Ministerio de Finanzas, pero Carney rechaz\u00f3 la invitaci\u00f3n y anunci\u00f3 su candidatura a la jefatura de la agrupaci\u00f3n liberal el pasado 16 de enero.<\/p>\n\n\n\n<p>El sistema parlamentario canadiense permite que el l\u00edder del partido en el poder pueda ejercer como primer ministro aunque no ocupe un esca\u00f1o de diputado. El nutrido curr\u00edculum de Mark Carney y sus propuestas convencieron a las huestes liberales pese a que no cuenta con tablas parlamentarias. Carney se enfoc\u00f3 en la primera parte de la campa\u00f1a partidista en se\u00f1alar que cuenta con la capacidad para \u201cequilibrar la econom\u00eda del pa\u00eds\u201d gracias a su experiencia en pol\u00edtica monetaria. Subray\u00f3 su intenci\u00f3n de bajar varios impuestos y de gestionar de forma m\u00e1s estricta el presupuesto, aunque sin efectuar recortes en programas sociales.<\/p>\n\n\n\n<p>Las hostilidades comerciales provocadas por Trump,&nbsp;<a href=\"https:\/\/elpais.com\/expres\/2025-03-07\/estados-unidos-suspende-por-segunda-vez-los-aranceles-a-mexico.html\">mediante la imposici\u00f3n de aranceles a productos canadienses,&nbsp;<\/a>se han convertido en la gran preocupaci\u00f3n para los habitantes del pa\u00eds norteamericano. Ottawa respondi\u00f3 con las mismas cargas arancelarias, aunque Washington decret\u00f3 una pausa hasta el dos de abril para bienes incluidos en el T-MEC. A ra\u00edz de este escenario, Carney puso especial \u00e9nfasis durante los m\u00edtines de la campa\u00f1a interna en asegurar que seguir\u00e1 defendiendo a Canad\u00e1 de los embates comerciales de Trump. \u201cHemos hecho de este pa\u00eds el mejor del mundo, y ahora nuestros vecinos quieren apoderarse de nosotros. \u00a1De ninguna manera lo permitiremos!\u201d, declar\u00f3 este domingo, citando en varios momentos que Trump ha cometido \u201cuna injusticia\u201d con los aranceles.<\/p>\n\n\n\n<p>Los trabajos parlamentarios se reanudar\u00e1n el pr\u00f3ximo 24 de marzo con un nuevo primer ministro. Las elecciones federales est\u00e1n programadas para octubre de este a\u00f1o, aunque dicha fecha parece ya sumamente improbable debido a que los partidos de oposici\u00f3n han se\u00f1alado que no apoyar\u00e1n un voto de confianza, para as\u00ed propiciar la ca\u00edda del Gobierno liberal. Adem\u00e1s, diversos analistas se\u00f1alan que Carney podr\u00eda convocar a comicios anticipados aprovechando el repunte de su partido en los sondeos: la ventaja de los conservadores sobre los liberales ha pasado de 25 a ocho puntos porcentuales; incluso ubic\u00e1ndose en los m\u00e1rgenes de error con Carney como candidato en las papeletas de los comicios federales. Sin embargo, los tiempos electorales de Canad\u00e1 ya no dependen \u00fanicamente de las decisiones en los pasillos pol\u00edticos de Ottawa; tambi\u00e9n est\u00e1n condicionados en buena medida por los impactos de las acciones orquestadas desde la Casa Blanca. Una cifra ayuda a comprender este panorama: el 75% de las exportaciones canadienses son enviadas a suelo estadounidense.<\/p>\n\n\n\n<p>Fuente: <a href=\"https:\/\/elpais.com\/internacional\/2025-03-09\/los-liberales-de-canada-eligen-al-economista-mark-carney-como-sucesor-de-justin-trudeau.html\">https:\/\/elpais.com\/internacional\/2025-03-09\/los-liberales-de-canada-eligen-al-economista-mark-carney-como-sucesor-de-justin-trudeau.html<\/a><\/p>\n","protected":false},"excerpt":{"rendered":"<p>El pr\u00f3ximo primer ministro y l\u00edder de la formaci\u00f3n, exgobernador de los bancos centrales de Canad\u00e1 y de Inglaterra, tendr\u00e1 [&hellip;]<\/p>\n","protected":false},"author":1,"featured_media":95745,"comment_status":"open","ping_status":"open","sticky":false,"template":"","format":"standard","meta":{"site-sidebar-layout":"default","site-content-layout":"","ast-site-content-layout":"default","site-content-style":"default","site-sidebar-style":"default","ast-global-header-display":"","ast-banner-title-visibility":"","ast-main-header-display":"","ast-hfb-above-header-display":"","ast-hfb-below-header-display":"","ast-hfb-mobile-header-display":"","site-post-title":"","ast-breadcrumbs-content":"","ast-featured-img":"","footer-sml-layout":"","theme-transparent-header-meta":"","adv-header-id-meta":"","stick-header-meta":"","header-above-stick-meta":"","header-main-stick-meta":"","header-below-stick-meta":"","astra-migrate-meta-layouts":"default","ast-page-background-enabled":"default","ast-page-background-meta":{"desktop":{"background-color":"var(--ast-global-color-4)","background-image":"","background-repeat":"repeat","background-position":"center center","background-size":"auto","background-attachment":"scroll","background-type":"","background-media":"","overlay-type":"","overlay-color":"","overlay-opacity":"","overlay-gradient":""},"tablet":{"background-color":"","background-image":"","background-repeat":"repeat","background-position":"center center","background-size":"auto","background-attachment":"scroll","background-type":"","background-media":"","overlay-type":"","overlay-color":"","overlay-opacity":"","overlay-gradient":""},"mobile":{"background-color":"","background-image":"","background-repeat":"repeat","background-position":"center center","background-size":"auto","background-attachment":"scroll","background-type":"","background-media":"","overlay-type":"","overlay-color":"","overlay-opacity":"","overlay-gradient":""}},"ast-content-background-meta":{"desktop":{"background-color":"var(--ast-global-color-5)","background-image":"","background-repeat":"repeat","background-position":"center center","background-size":"auto","background-attachment":"scroll","background-type":"","background-media":"","overlay-type":"","overlay-color":"","overlay-opacity":"","overlay-gradient":""},"tablet":{"background-color":"var(--ast-global-color-5)","background-image":"","background-repeat":"repeat","background-position":"center center","background-size":"auto","background-attachment":"scroll","background-type":"","background-media":"","overlay-type":"","overlay-color":"","overlay-opacity":"","overlay-gradient":""},"mobile":{"background-color":"var(--ast-global-color-5)","background-image":"","background-repeat":"repeat","background-position":"center center","background-size":"auto","background-attachment":"scroll","background-type":"","background-media":"","overlay-type":"","overlay-color":"","overlay-opacity":"","overlay-gradient":""}},"footnotes":""},"categories":[8],"tags":[36451,36452,36450],"class_list":["post-95744","post","type-post","status-publish","format-standard","has-post-thumbnail","hentry","category-noticias","tag-canada-primer-ministro","tag-liberales-canada","tag-mark-carney"],"_links":{"self":[{"href":"https:\/\/losperiodistas.com.mx\/portal\/wp-json\/wp\/v2\/posts\/95744","targetHints":{"allow":["GET"]}}],"collection":[{"href":"https:\/\/losperiodistas.com.mx\/portal\/wp-json\/wp\/v2\/posts"}],"about":[{"href":"https:\/\/losperiodistas.com.mx\/portal\/wp-json\/wp\/v2\/types\/post"}],"author":[{"embeddable":true,"href":"https:\/\/losperiodistas.com.mx\/portal\/wp-json\/wp\/v2\/users\/1"}],"replies":[{"embeddable":true,"href":"https:\/\/losperiodistas.com.mx\/portal\/wp-json\/wp\/v2\/comments?post=95744"}],"version-history":[{"count":1,"href":"https:\/\/losperiodistas.com.mx\/portal\/wp-json\/wp\/v2\/posts\/95744\/revisions"}],"predecessor-version":[{"id":95746,"href":"https:\/\/losperiodistas.com.mx\/portal\/wp-json\/wp\/v2\/posts\/95744\/revisions\/95746"}],"wp:featuredmedia":[{"embeddable":true,"href":"https:\/\/losperiodistas.com.mx\/portal\/wp-json\/wp\/v2\/media\/95745"}],"wp:attachment":[{"href":"https:\/\/losperiodistas.com.mx\/portal\/wp-json\/wp\/v2\/media?parent=95744"}],"wp:term":[{"taxonomy":"category","embeddable":true,"href":"https:\/\/losperiodistas.com.mx\/portal\/wp-json\/wp\/v2\/categories?post=95744"},{"taxonomy":"post_tag","embeddable":true,"href":"https:\/\/losperiodistas.com.mx\/portal\/wp-json\/wp\/v2\/tags?post=95744"}],"curies":[{"name":"wp","href":"https:\/\/api.w.org\/{rel}","templated":true}]}}