{"id":95741,"date":"2025-03-10T03:19:18","date_gmt":"2025-03-10T09:19:18","guid":{"rendered":"https:\/\/losperiodistas.com.mx\/portal\/?p=95741"},"modified":"2025-03-10T03:19:19","modified_gmt":"2025-03-10T09:19:19","slug":"un-estudio-se-asoma-al-mundo-esoterico-de-federico-garcia-lorca","status":"publish","type":"post","link":"https:\/\/losperiodistas.com.mx\/portal\/un-estudio-se-asoma-al-mundo-esoterico-de-federico-garcia-lorca\/","title":{"rendered":"Un estudio se asoma al \u00abmundo esot\u00e9rico\u00bb de Federico Garc\u00eda Lorca"},"content":{"rendered":"\n<figure class=\"wp-block-image size-large\"><img fetchpriority=\"high\" decoding=\"async\" width=\"1024\" height=\"682\" src=\"https:\/\/losperiodistas.com.mx\/portal\/wp-content\/uploads\/2025\/03\/GRAF1659-ESPANA-GARCIA-LORCA-1024x682.webp\" alt=\"\" class=\"wp-image-95742\" srcset=\"https:\/\/losperiodistas.com.mx\/portal\/wp-content\/uploads\/2025\/03\/GRAF1659-ESPANA-GARCIA-LORCA-1024x682.webp 1024w, https:\/\/losperiodistas.com.mx\/portal\/wp-content\/uploads\/2025\/03\/GRAF1659-ESPANA-GARCIA-LORCA-300x200.webp 300w, https:\/\/losperiodistas.com.mx\/portal\/wp-content\/uploads\/2025\/03\/GRAF1659-ESPANA-GARCIA-LORCA-768x511.webp 768w, https:\/\/losperiodistas.com.mx\/portal\/wp-content\/uploads\/2025\/03\/GRAF1659-ESPANA-GARCIA-LORCA-1536x1023.webp 1536w, https:\/\/losperiodistas.com.mx\/portal\/wp-content\/uploads\/2025\/03\/GRAF1659-ESPANA-GARCIA-LORCA-2048x1364.webp 2048w\" sizes=\"(max-width: 1024px) 100vw, 1024px\" \/><figcaption class=\"wp-element-caption\">El profesor granadino Ismael Ramos posa con su libro &#8216;El mundo esot\u00e9rico de Federico Garc\u00eda Lorca&#8217;, editado por Comares. EFE\/Miguel \u00c1ngel Molina<\/figcaption><\/figure>\n\n\n\n<p class=\"has-vivid-red-color has-text-color has-link-color has-medium-font-size wp-elements-67a8e6b2049e85647f236a09d725076f\"><strong>Alfredo Valenzuela \/ EFE<\/strong><\/p>\n\n\n\n<p>Sevilla, (EFE).- Vicente Aleixandre dijo de Federico Garc\u00eda Lorca que \u00abpasaba m\u00e1gicamente por la vida\u00bb y entre sus allegados hubo quien lo consider\u00f3 \u00abun ni\u00f1o mimado por las hadas\u00bb, \u00abun elegido\u00bb, \u00abun hombre de naturaleza c\u00f3smica\u00bb e incluso un m\u00e9dium, y ahora un estudio del profesor granadino Ismael Ramos ahonda en la faceta \u00abesot\u00e9rica\u00bb del poeta universal.<\/p>\n\n\n\n<p>\u00abEl mundo esot\u00e9rico de Federico Garc\u00eda Lorca\u00bb, editado en Granada por Comares, es el breve volumen de apenas un centenar de p\u00e1ginas que Ismael Ramos, autor de otro estudio sobre las relaciones con la masoner\u00eda de Garc\u00eda Lorca, ha escrito con criterios acad\u00e9micos y \u00abcon todo el rigor cient\u00edfico\u00bb que le merece el respeto por el poeta, seg\u00fan ha dicho a EFE.<\/p>\n\n\n\n<p>De hecho, Ramos ha limitado su investigaci\u00f3n a las personas m\u00e1s allegadas al poeta y a testimonios directos, entre ellos los de su madre y dos hermanos o los de amigos como el diplom\u00e1tico chileno Carlos Morla Lynch, que dej\u00f3 cientos de p\u00e1ginas de su relaci\u00f3n con Lorca, en las que recogi\u00f3 muchas de sus conversaciones.<\/p>\n\n\n\n<p>Morla Lynch, recuerda Ramos, sosten\u00eda que no hab\u00eda un \u00fanico&nbsp;<a href=\"https:\/\/efe.com\/andalucia\/2023-02-07\/garcia-lorca-el-verso-que-inspira-a-granada-para-atraer-turistas\/\" target=\"_blank\" rel=\"noreferrer noopener\">Federico Garc\u00eda Lorca<\/a>&nbsp;y que uno de ellos era el del \u00abm\u00e1s all\u00e1\u00bb, mientras otros allegados consideraban que poes\u00eda aptitudes de \u00abadivinaci\u00f3n y vaticinio\u00bb o que ten\u00eda \u00abciertas y desconcertantes facultades tel\u00faricas que ven\u00edan a constituir en el poeta granadino como un sexto sentido\u00bb.<\/p>\n\n\n\n<h2 class=\"wp-block-heading\" id=\"h-solo-el-misterio-nos-hace-vivir\">\u00abSolo el misterio nos hace vivir\u00bb<\/h2>\n\n\n\n<p>En Lorca, tanto en su persona como en su obra, \u00abhabitaba un inmenso y plural mundo esot\u00e9rico\u00bb, seg\u00fan Ramos, quien ha elegido para la cubierta de su libro, junto con un dibujo del poeta de claro significado espiritual, una frase que puso \u00abcomo t\u00edtulo o como reflexi\u00f3n\u00bb a uno de sus dibujos de marineros: \u00abSolo el misterio nos hace vivir\u00bb.<\/p>\n\n\n\n<figure class=\"wp-block-image\"><img decoding=\"async\" src=\"https:\/\/i0.wp.com\/efe.com\/wp-content\/uploads\/2025\/03\/GRAFAND6805-AND-GARCIA-LORCA.jpg?resize=980%2C654&amp;ssl=1\" alt=\"esot\u00e9rico Garc\u00eda Lorca\" class=\"wp-image-1725260\"\/><figcaption class=\"wp-element-caption\">El profesor granadino Ismael Ramos posa con su libro \u2018El mundo esot\u00e9rico de Federico Garc\u00eda Lorca\u2019, editado por Comares. EFE\/Miguel \u00c1ngel Molina<\/figcaption><\/figure>\n\n\n\n<p>Aunque Lorca negaba ser supersticioso, Ramos recoge numerosos testimonios que dan prueba de lo contrario, as\u00ed como de las enso\u00f1aciones, premoniciones y la relaci\u00f3n con la muerte del poeta, y hasta de algunos rituales de exorcismo y de c\u00f3mo \u00e9l mismo dirigi\u00f3 sesiones de espiritismo, lo que en la \u00e9poca, aclara el investigador, no era infrecuente.<\/p>\n\n\n\n<p>Tambi\u00e9n de que en algunas casas no pisaba un determinado escal\u00f3n de la escalera, de las precauciones que ten\u00eda con la pronunciaci\u00f3n de la palabra \u00abv\u00edbora\u00bb o \u00abbicha\u00bb o de c\u00f3mo interpret\u00f3 como presagios de su muerte que una bala perdida se incrustara en el techo de su casa de Madrid o que d\u00edas antes de su final se cruzara con un grupo de abejorros negros.<\/p>\n\n\n\n<p>Los abejorros tienen una coplilla en la comarca de la Vega granadina, cuyas costumbres y simbolismo tambi\u00e9n hizo suyas el poeta, seg\u00fan Ramos, quien ha eludido tratar el tema religioso, pero no as\u00ed el de la teosof\u00eda, de la que tambi\u00e9n Morla Lynch dej\u00f3 constancia escrita de su complicidad con Lorca en esta afici\u00f3n, as\u00ed como de la visi\u00f3n del m\u00e1s all\u00e1 que ten\u00eda el poeta.<\/p>\n\n\n\n<h2 class=\"wp-block-heading\" id=\"h-capacidad-premonitoria\">Capacidad premonitoria<\/h2>\n\n\n\n<p>El propio Lorca se considerada un \u00abvivista\u00bb, lo que entronca con las filosof\u00edas orientales, y tambi\u00e9n mantuvo relaci\u00f3n de amistad con el tambi\u00e9n poeta de su generaci\u00f3n Fernando Villal\u00f3n, por completo entregado a pr\u00e1cticas espiritistas.<\/p>\n\n\n\n<p>La capacidad premonitoria de algunos versos de Lorca, como los que en \u2018Poeta en Nueva York\u2019 auguran su muerte y que no se encontrar\u00e1n sus restos mortales, llegan a ser escalofriantes, seg\u00fan Ramos, quien tambi\u00e9n recuerda la obra de teatro que titul\u00f3 \u00abAs\u00ed que pasen cinco a\u00f1os\u00bb, fechada por el poeta en la Huerta de San Vicente el 19 de agosto de 1931, justo cinco a\u00f1os antes de su asesinato.<\/p>\n\n\n\n<p>Un fotograma de \u00abUn perro andaluz\u00bb, de Luis Bu\u00f1uel, parodia un ritual f\u00fanebre; de Lorca, Dal\u00ed dec\u00eda que, en la Residencia de Estudiantes, el poeta cada noche fing\u00eda su muerte y descomposici\u00f3n, y Francisco, el hermano del poeta, dio testimonio de que de ni\u00f1o un rayo de una tormenta ilumin\u00f3 su cara y \u00e9ste vio surgir un caballo de la nada.<\/p>\n\n\n\n<p>\u00abGarc\u00eda Lorca no es ya un oc\u00e9ano sino un universo, y todos los cr\u00edticos coinciden en su car\u00e1cter cr\u00edptico; lo que he querido es ofrecer una visi\u00f3n del \u2018hombre m\u00e1gico\u2019; Federico activa diversos planos al entrar en su mundo, y va m\u00e1s all\u00e1 de ser una figura central de la cultura espa\u00f1ola, es mucho m\u00e1s que un miembro de la Generaci\u00f3n del 27\u00bb, ha&nbsp;<a href=\"https:\/\/www.comares.com\/\" target=\"_blank\" rel=\"noreferrer noopener\">concluido Ramos&nbsp;<\/a>al confiar en que su estudio ayude a \u00abdesencriptar su obra, al menos su poes\u00eda\u00bb.&nbsp;<\/p>\n\n\n\n<p>Fuente: <a href=\"https:\/\/efe.com\/andalucia\/2025-03-10\/un-estudio-se-asoma-al-mundo-esoterico-de-federico-garcia-lorca\/\">https:\/\/efe.com\/andalucia\/2025-03-10\/un-estudio-se-asoma-al-mundo-esoterico-de-federico-garcia-lorca\/<\/a><\/p>\n","protected":false},"excerpt":{"rendered":"<p>Alfredo Valenzuela \/ EFE Sevilla, (EFE).- Vicente Aleixandre dijo de Federico Garc\u00eda Lorca que \u00abpasaba m\u00e1gicamente por la vida\u00bb y [&hellip;]<\/p>\n","protected":false},"author":1,"featured_media":95742,"comment_status":"open","ping_status":"open","sticky":false,"template":"","format":"standard","meta":{"site-sidebar-layout":"default","site-content-layout":"","ast-site-content-layout":"default","site-content-style":"default","site-sidebar-style":"default","ast-global-header-display":"","ast-banner-title-visibility":"","ast-main-header-display":"","ast-hfb-above-header-display":"","ast-hfb-below-header-display":"","ast-hfb-mobile-header-display":"","site-post-title":"","ast-breadcrumbs-content":"","ast-featured-img":"","footer-sml-layout":"","theme-transparent-header-meta":"","adv-header-id-meta":"","stick-header-meta":"","header-above-stick-meta":"","header-main-stick-meta":"","header-below-stick-meta":"","astra-migrate-meta-layouts":"default","ast-page-background-enabled":"default","ast-page-background-meta":{"desktop":{"background-color":"var(--ast-global-color-4)","background-image":"","background-repeat":"repeat","background-position":"center center","background-size":"auto","background-attachment":"scroll","background-type":"","background-media":"","overlay-type":"","overlay-color":"","overlay-opacity":"","overlay-gradient":""},"tablet":{"background-color":"","background-image":"","background-repeat":"repeat","background-position":"center center","background-size":"auto","background-attachment":"scroll","background-type":"","background-media":"","overlay-type":"","overlay-color":"","overlay-opacity":"","overlay-gradient":""},"mobile":{"background-color":"","background-image":"","background-repeat":"repeat","background-position":"center center","background-size":"auto","background-attachment":"scroll","background-type":"","background-media":"","overlay-type":"","overlay-color":"","overlay-opacity":"","overlay-gradient":""}},"ast-content-background-meta":{"desktop":{"background-color":"var(--ast-global-color-5)","background-image":"","background-repeat":"repeat","background-position":"center center","background-size":"auto","background-attachment":"scroll","background-type":"","background-media":"","overlay-type":"","overlay-color":"","overlay-opacity":"","overlay-gradient":""},"tablet":{"background-color":"var(--ast-global-color-5)","background-image":"","background-repeat":"repeat","background-position":"center center","background-size":"auto","background-attachment":"scroll","background-type":"","background-media":"","overlay-type":"","overlay-color":"","overlay-opacity":"","overlay-gradient":""},"mobile":{"background-color":"var(--ast-global-color-5)","background-image":"","background-repeat":"repeat","background-position":"center center","background-size":"auto","background-attachment":"scroll","background-type":"","background-media":"","overlay-type":"","overlay-color":"","overlay-opacity":"","overlay-gradient":""}},"footnotes":""},"categories":[8],"tags":[28726,36449],"class_list":["post-95741","post","type-post","status-publish","format-standard","has-post-thumbnail","hentry","category-noticias","tag-garcia-lorca","tag-ismael-ramos"],"_links":{"self":[{"href":"https:\/\/losperiodistas.com.mx\/portal\/wp-json\/wp\/v2\/posts\/95741","targetHints":{"allow":["GET"]}}],"collection":[{"href":"https:\/\/losperiodistas.com.mx\/portal\/wp-json\/wp\/v2\/posts"}],"about":[{"href":"https:\/\/losperiodistas.com.mx\/portal\/wp-json\/wp\/v2\/types\/post"}],"author":[{"embeddable":true,"href":"https:\/\/losperiodistas.com.mx\/portal\/wp-json\/wp\/v2\/users\/1"}],"replies":[{"embeddable":true,"href":"https:\/\/losperiodistas.com.mx\/portal\/wp-json\/wp\/v2\/comments?post=95741"}],"version-history":[{"count":1,"href":"https:\/\/losperiodistas.com.mx\/portal\/wp-json\/wp\/v2\/posts\/95741\/revisions"}],"predecessor-version":[{"id":95743,"href":"https:\/\/losperiodistas.com.mx\/portal\/wp-json\/wp\/v2\/posts\/95741\/revisions\/95743"}],"wp:featuredmedia":[{"embeddable":true,"href":"https:\/\/losperiodistas.com.mx\/portal\/wp-json\/wp\/v2\/media\/95742"}],"wp:attachment":[{"href":"https:\/\/losperiodistas.com.mx\/portal\/wp-json\/wp\/v2\/media?parent=95741"}],"wp:term":[{"taxonomy":"category","embeddable":true,"href":"https:\/\/losperiodistas.com.mx\/portal\/wp-json\/wp\/v2\/categories?post=95741"},{"taxonomy":"post_tag","embeddable":true,"href":"https:\/\/losperiodistas.com.mx\/portal\/wp-json\/wp\/v2\/tags?post=95741"}],"curies":[{"name":"wp","href":"https:\/\/api.w.org\/{rel}","templated":true}]}}