{"id":95734,"date":"2025-03-10T03:00:26","date_gmt":"2025-03-10T09:00:26","guid":{"rendered":"https:\/\/losperiodistas.com.mx\/portal\/?p=95734"},"modified":"2025-03-10T03:00:27","modified_gmt":"2025-03-10T09:00:27","slug":"el-santo-padre-ha-transcurrido-una-noche-tranquila-en-el-hospital-vatican-news","status":"publish","type":"post","link":"https:\/\/losperiodistas.com.mx\/portal\/el-santo-padre-ha-transcurrido-una-noche-tranquila-en-el-hospital-vatican-news\/","title":{"rendered":"El Santo Padre ha transcurrido una noche tranquila en el hospital | Vatican News"},"content":{"rendered":"\n<p class=\"has-luminous-vivid-amber-background-color has-background has-medium-font-size\">En su primera comunicaci\u00f3n de este lunes 10 de marzo de 2025, la Oficina de Prensa de la Santa Sede brinda una actualizaci\u00f3n sobre el estado de salud del Pont\u00edfice, quien permanece estable, con ligeras y graduales mejor\u00edas dentro de un cuadro cl\u00ednico complejo.<\/p>\n\n\n\n<figure class=\"wp-block-image size-large\"><img fetchpriority=\"high\" decoding=\"async\" width=\"1024\" height=\"675\" src=\"https:\/\/losperiodistas.com.mx\/portal\/wp-content\/uploads\/2025\/03\/cq5dam.thumbnail.cropped.1500.844-1-2-1024x675.jpeg\" alt=\"\" class=\"wp-image-95735\" srcset=\"https:\/\/losperiodistas.com.mx\/portal\/wp-content\/uploads\/2025\/03\/cq5dam.thumbnail.cropped.1500.844-1-2-1024x675.jpeg 1024w, https:\/\/losperiodistas.com.mx\/portal\/wp-content\/uploads\/2025\/03\/cq5dam.thumbnail.cropped.1500.844-1-2-300x198.jpeg 300w, https:\/\/losperiodistas.com.mx\/portal\/wp-content\/uploads\/2025\/03\/cq5dam.thumbnail.cropped.1500.844-1-2-768x506.jpeg 768w, https:\/\/losperiodistas.com.mx\/portal\/wp-content\/uploads\/2025\/03\/cq5dam.thumbnail.cropped.1500.844-1-2.jpeg 1280w\" sizes=\"(max-width: 1024px) 100vw, 1024px\" \/><figcaption class=\"wp-element-caption\">Numerosos fieles rezan ante la estatua de San Juan Pablo II en la plaza situada frente al Policl\u00ednico Gemelli.<\/figcaption><\/figure>\n\n\n\n<p class=\"has-vivid-red-color has-text-color has-link-color has-medium-font-size wp-elements-5155ea6f34947892dae48f078d690925\"><strong>Vatican News<\/strong><\/p>\n\n\n\n<p>\u00abEl Papa ha transcurrido una noche tranquila, est\u00e1 descansando\u00bb, reporta la Oficina de Prensa de la Santa Sede en su comunicaci\u00f3n a los periodistas este lunes 10 de marzo de 2025 por la ma\u00f1ana.<\/p>\n\n\n\n<p>En el primer domingo de Cuaresma, el 9 de marzo, el Papa asisti\u00f3 a Misa y sigui\u00f3 por v\u00eddeo desde el centro sanitario los ejercicios espirituales de la Curia Romana, que comenzaron en el Aula Pablo VI y son dirigidos por el padre Roberto Pasolini, predicador de la Casa Pontificia. Mientras tanto, prosiguen la terapia respiratoria y motora y la fisioterapia, y contin\u00faa la dieta prescrita por los m\u00e9dicos. La situaci\u00f3n permanece estable, con ligeras y graduales mejor\u00edas, en un cuadro que, sin embargo, sigue siendo complejo y que empuja a los m\u00e9dicos a mantener prudentemente el pron\u00f3stico reservado. Se espera que esta tarde se emita un nuevo bolet\u00edn m\u00e9dico.&nbsp;<\/p>\n","protected":false},"excerpt":{"rendered":"<p>En su primera comunicaci\u00f3n de este lunes 10 de marzo de 2025, la Oficina de Prensa de la Santa Sede [&hellip;]<\/p>\n","protected":false},"author":1,"featured_media":95735,"comment_status":"open","ping_status":"open","sticky":false,"template":"","format":"standard","meta":{"site-sidebar-layout":"default","site-content-layout":"","ast-site-content-layout":"default","site-content-style":"default","site-sidebar-style":"default","ast-global-header-display":"","ast-banner-title-visibility":"","ast-main-header-display":"","ast-hfb-above-header-display":"","ast-hfb-below-header-display":"","ast-hfb-mobile-header-display":"","site-post-title":"","ast-breadcrumbs-content":"","ast-featured-img":"","footer-sml-layout":"","theme-transparent-header-meta":"","adv-header-id-meta":"","stick-header-meta":"","header-above-stick-meta":"","header-main-stick-meta":"","header-below-stick-meta":"","astra-migrate-meta-layouts":"default","ast-page-background-enabled":"default","ast-page-background-meta":{"desktop":{"background-color":"var(--ast-global-color-4)","background-image":"","background-repeat":"repeat","background-position":"center center","background-size":"auto","background-attachment":"scroll","background-type":"","background-media":"","overlay-type":"","overlay-color":"","overlay-opacity":"","overlay-gradient":""},"tablet":{"background-color":"","background-image":"","background-repeat":"repeat","background-position":"center center","background-size":"auto","background-attachment":"scroll","background-type":"","background-media":"","overlay-type":"","overlay-color":"","overlay-opacity":"","overlay-gradient":""},"mobile":{"background-color":"","background-image":"","background-repeat":"repeat","background-position":"center center","background-size":"auto","background-attachment":"scroll","background-type":"","background-media":"","overlay-type":"","overlay-color":"","overlay-opacity":"","overlay-gradient":""}},"ast-content-background-meta":{"desktop":{"background-color":"var(--ast-global-color-5)","background-image":"","background-repeat":"repeat","background-position":"center center","background-size":"auto","background-attachment":"scroll","background-type":"","background-media":"","overlay-type":"","overlay-color":"","overlay-opacity":"","overlay-gradient":""},"tablet":{"background-color":"var(--ast-global-color-5)","background-image":"","background-repeat":"repeat","background-position":"center center","background-size":"auto","background-attachment":"scroll","background-type":"","background-media":"","overlay-type":"","overlay-color":"","overlay-opacity":"","overlay-gradient":""},"mobile":{"background-color":"var(--ast-global-color-5)","background-image":"","background-repeat":"repeat","background-position":"center center","background-size":"auto","background-attachment":"scroll","background-type":"","background-media":"","overlay-type":"","overlay-color":"","overlay-opacity":"","overlay-gradient":""}},"footnotes":""},"categories":[8],"tags":[9854],"class_list":["post-95734","post","type-post","status-publish","format-standard","has-post-thumbnail","hentry","category-noticias","tag-papa-francisco-salud"],"_links":{"self":[{"href":"https:\/\/losperiodistas.com.mx\/portal\/wp-json\/wp\/v2\/posts\/95734","targetHints":{"allow":["GET"]}}],"collection":[{"href":"https:\/\/losperiodistas.com.mx\/portal\/wp-json\/wp\/v2\/posts"}],"about":[{"href":"https:\/\/losperiodistas.com.mx\/portal\/wp-json\/wp\/v2\/types\/post"}],"author":[{"embeddable":true,"href":"https:\/\/losperiodistas.com.mx\/portal\/wp-json\/wp\/v2\/users\/1"}],"replies":[{"embeddable":true,"href":"https:\/\/losperiodistas.com.mx\/portal\/wp-json\/wp\/v2\/comments?post=95734"}],"version-history":[{"count":1,"href":"https:\/\/losperiodistas.com.mx\/portal\/wp-json\/wp\/v2\/posts\/95734\/revisions"}],"predecessor-version":[{"id":95736,"href":"https:\/\/losperiodistas.com.mx\/portal\/wp-json\/wp\/v2\/posts\/95734\/revisions\/95736"}],"wp:featuredmedia":[{"embeddable":true,"href":"https:\/\/losperiodistas.com.mx\/portal\/wp-json\/wp\/v2\/media\/95735"}],"wp:attachment":[{"href":"https:\/\/losperiodistas.com.mx\/portal\/wp-json\/wp\/v2\/media?parent=95734"}],"wp:term":[{"taxonomy":"category","embeddable":true,"href":"https:\/\/losperiodistas.com.mx\/portal\/wp-json\/wp\/v2\/categories?post=95734"},{"taxonomy":"post_tag","embeddable":true,"href":"https:\/\/losperiodistas.com.mx\/portal\/wp-json\/wp\/v2\/tags?post=95734"}],"curies":[{"name":"wp","href":"https:\/\/api.w.org\/{rel}","templated":true}]}}