{"id":956,"date":"2020-11-07T08:16:46","date_gmt":"2020-11-07T14:16:46","guid":{"rendered":"http:\/\/losperiodistas.com.mx\/portal\/?p=956"},"modified":"2020-11-07T08:16:46","modified_gmt":"2020-11-07T14:16:46","slug":"la-fuerza-de-trump-y-la-decadencia-estadounidense","status":"publish","type":"post","link":"https:\/\/losperiodistas.com.mx\/portal\/la-fuerza-de-trump-y-la-decadencia-estadounidense\/","title":{"rendered":"La fuerza de Trump y la decadencia estadounidense"},"content":{"rendered":"\n<p style=\"font-size:26px\"><em>Por Dr. Carlos Figueroa Ibarra<\/em><\/p>\n\n\n\n<p>Cuando escribo estas l\u00edneas, tal como estaba previsto por los analistas, todav\u00eda no es posible saber qui\u00e9n ser\u00e1 el ganador en las elecciones en los Estados Unidos de Am\u00e9rica. Biden lleva 264 votos electorales y Trump 214. Gane Biden o Trump -el lector\/a de este art\u00edculo lo sabr\u00e1 cuando este texto est\u00e9 frente a sus ojos-, el hecho cierto es que el actual presidente habr\u00e1 mostrado que su fuerza no es un hecho casual. Pese a su catastr\u00f3fica gesti\u00f3n y estilo, el Partido Dem\u00f3crata habr\u00eda ganado sin lograr la victoria amplia que se supon\u00eda deber\u00eda haber obtenido. Trump ha hecho una terrible gesti\u00f3n de la pandemia que ha azotado a su pa\u00eds, la cual ha cobrado 250 mil vidas y 10 millones de infectados. Dijo sobre la peste las m\u00e1s grandes tonter\u00edas (recuerden que asever\u00f3 que un desinfectante pod\u00eda eliminar el virus), ha atizado con su conducta el enfrentamiento racial en su pa\u00eds, y su gesti\u00f3n econ\u00f3mica no ha sido mala pero hay que recordar que no recibi\u00f3 a la econom\u00eda en las condiciones en que lo hizo Barack Obama. As\u00ed las cosas, el resultado final fue cerrado y dependiendo de los que se obtuvieron en cinco o seis \u201cestados p\u00e9ndulo\u201d, es decir los que votan alternativamente por dem\u00f3cratas o republicanos.<\/p>\n\n\n\n<p>El que Trump gane o pierda por un escaso margen en el voto electoral, evidencia la decadencia de los Estados Unidos de Am\u00e9rica. El presidente ultraderechista de rasgos neofascistas gan\u00f3 en 2016 haciendo uso de un discurso chauvinista (Make America Great) y xen\u00f3fobo (la migrantofobia). Tambi\u00e9n explotando el descontento de las clases trabajadoras ante las pol\u00edticas neoliberales que hab\u00edan desmantelado a la planta industrial y comercial estadounidense. Adem\u00e1s prometiendo la recuperaci\u00f3n del liderazgo mundial estadounidense que indefectiblemente camina hacia su ocaso merced al crecimiento de la hegemon\u00eda china. Esta vez, logr\u00f3 remontar su desgaste pol\u00edtico haciendo uso de la paranoia anticomunista propia de la guerra fr\u00eda acusando a Biden y a los dem\u00f3cratas de \u201csocialistas\u201d y de querer llevar a EUA a ser \u201cuna nueva Venezuela\u201d\u2026 Con ello logr\u00f3 captar el voto anticomunista de los cubanos y venezolanos ultraderechistas residentes en Florida y ganar los decisivos 29 votos electorales de ese estado. Pero con ello logr\u00f3 tambi\u00e9n rebajar la contienda electoral al nivel chocarrero del anticomunismo latinoamericano.<\/p>\n\n\n\n<p>Parte de la decadencia estadounidense se refleja en su anticuado sistema electoral que ha propiciado burlar la voluntad del voto popular (que ganaron los candidatos perdedores Al Gore, Hillary Clinton y ahora Joe Biden). Con su prevista acusaci\u00f3n de fraude electoral y judicializaci\u00f3n de las elecciones, Trump expresa el disgusto ultraderechista, no por la anticualla electoral aludida, sino por la democracia liberal y representativa. Al surgir la posibilidad de su candidatura en 2015, parec\u00eda un mal chiste. Hoy podr\u00eda ganar un segundo per\u00edodo. Como dijo el comediante Charlamagne Tha God: \u201cdespu\u00e9s de cuatro a\u00f1os que comprobaron que Trump era a\u00fan peor de lo que pens\u00e1bamos, \u00bfc\u00f3mo es posible que esta contienda est\u00e9 tan cerrada? \u00bfQu\u00e9 chingados est\u00e1 pasando con este pa\u00eds\u201d.<\/p>\n\n\n\n<ul class=\"wp-block-list\"><li>Columna aparecida originalmente en Diario La Hora<\/li><\/ul>\n","protected":false},"excerpt":{"rendered":"<p>Por Dr. Carlos Figueroa Ibarra Cuando escribo estas l\u00edneas, tal como estaba previsto por los analistas, todav\u00eda no es posible [&hellip;]<\/p>\n","protected":false},"author":1,"featured_media":600,"comment_status":"open","ping_status":"open","sticky":false,"template":"","format":"standard","meta":{"site-sidebar-layout":"default","site-content-layout":"","ast-site-content-layout":"default","site-content-style":"default","site-sidebar-style":"default","ast-global-header-display":"","ast-banner-title-visibility":"","ast-main-header-display":"","ast-hfb-above-header-display":"","ast-hfb-below-header-display":"","ast-hfb-mobile-header-display":"","site-post-title":"","ast-breadcrumbs-content":"","ast-featured-img":"","footer-sml-layout":"","theme-transparent-header-meta":"","adv-header-id-meta":"","stick-header-meta":"","header-above-stick-meta":"","header-main-stick-meta":"","header-below-stick-meta":"","astra-migrate-meta-layouts":"default","ast-page-background-enabled":"default","ast-page-background-meta":{"desktop":{"background-color":"var(--ast-global-color-4)","background-image":"","background-repeat":"repeat","background-position":"center center","background-size":"auto","background-attachment":"scroll","background-type":"","background-media":"","overlay-type":"","overlay-color":"","overlay-opacity":"","overlay-gradient":""},"tablet":{"background-color":"","background-image":"","background-repeat":"repeat","background-position":"center center","background-size":"auto","background-attachment":"scroll","background-type":"","background-media":"","overlay-type":"","overlay-color":"","overlay-opacity":"","overlay-gradient":""},"mobile":{"background-color":"","background-image":"","background-repeat":"repeat","background-position":"center center","background-size":"auto","background-attachment":"scroll","background-type":"","background-media":"","overlay-type":"","overlay-color":"","overlay-opacity":"","overlay-gradient":""}},"ast-content-background-meta":{"desktop":{"background-color":"var(--ast-global-color-5)","background-image":"","background-repeat":"repeat","background-position":"center center","background-size":"auto","background-attachment":"scroll","background-type":"","background-media":"","overlay-type":"","overlay-color":"","overlay-opacity":"","overlay-gradient":""},"tablet":{"background-color":"var(--ast-global-color-5)","background-image":"","background-repeat":"repeat","background-position":"center center","background-size":"auto","background-attachment":"scroll","background-type":"","background-media":"","overlay-type":"","overlay-color":"","overlay-opacity":"","overlay-gradient":""},"mobile":{"background-color":"var(--ast-global-color-5)","background-image":"","background-repeat":"repeat","background-position":"center center","background-size":"auto","background-attachment":"scroll","background-type":"","background-media":"","overlay-type":"","overlay-color":"","overlay-opacity":"","overlay-gradient":""}},"footnotes":""},"categories":[22],"tags":[],"class_list":["post-956","post","type-post","status-publish","format-standard","has-post-thumbnail","hentry","category-opinion-invitada"],"_links":{"self":[{"href":"https:\/\/losperiodistas.com.mx\/portal\/wp-json\/wp\/v2\/posts\/956","targetHints":{"allow":["GET"]}}],"collection":[{"href":"https:\/\/losperiodistas.com.mx\/portal\/wp-json\/wp\/v2\/posts"}],"about":[{"href":"https:\/\/losperiodistas.com.mx\/portal\/wp-json\/wp\/v2\/types\/post"}],"author":[{"embeddable":true,"href":"https:\/\/losperiodistas.com.mx\/portal\/wp-json\/wp\/v2\/users\/1"}],"replies":[{"embeddable":true,"href":"https:\/\/losperiodistas.com.mx\/portal\/wp-json\/wp\/v2\/comments?post=956"}],"version-history":[{"count":1,"href":"https:\/\/losperiodistas.com.mx\/portal\/wp-json\/wp\/v2\/posts\/956\/revisions"}],"predecessor-version":[{"id":957,"href":"https:\/\/losperiodistas.com.mx\/portal\/wp-json\/wp\/v2\/posts\/956\/revisions\/957"}],"wp:featuredmedia":[{"embeddable":true,"href":"https:\/\/losperiodistas.com.mx\/portal\/wp-json\/wp\/v2\/media\/600"}],"wp:attachment":[{"href":"https:\/\/losperiodistas.com.mx\/portal\/wp-json\/wp\/v2\/media?parent=956"}],"wp:term":[{"taxonomy":"category","embeddable":true,"href":"https:\/\/losperiodistas.com.mx\/portal\/wp-json\/wp\/v2\/categories?post=956"},{"taxonomy":"post_tag","embeddable":true,"href":"https:\/\/losperiodistas.com.mx\/portal\/wp-json\/wp\/v2\/tags?post=956"}],"curies":[{"name":"wp","href":"https:\/\/api.w.org\/{rel}","templated":true}]}}