{"id":94561,"date":"2025-02-20T04:13:31","date_gmt":"2025-02-20T10:13:31","guid":{"rendered":"https:\/\/losperiodistas.com.mx\/portal\/?p=94561"},"modified":"2025-02-20T04:13:33","modified_gmt":"2025-02-20T10:13:33","slug":"el-papa-en-el-gemelli-paso-una-noche-tranquila-vatican-news","status":"publish","type":"post","link":"https:\/\/losperiodistas.com.mx\/portal\/el-papa-en-el-gemelli-paso-una-noche-tranquila-vatican-news\/","title":{"rendered":"El Papa en el Gemelli pas\u00f3 una noche tranquila | Vatican News"},"content":{"rendered":"\n<p class=\"has-luminous-vivid-amber-background-color has-background has-medium-font-size\">El Papa Francisco, internado en el hospital romano desde el 14 de febrero, la ma\u00f1ana de este jueves se ha levantado y ha desayunado en el sill\u00f3n.<\/p>\n\n\n\n<figure class=\"wp-block-image size-large\"><img fetchpriority=\"high\" decoding=\"async\" width=\"1024\" height=\"576\" src=\"https:\/\/losperiodistas.com.mx\/portal\/wp-content\/uploads\/2025\/02\/cq5dam.thumbnail.cropped.1500.844-1-1024x576.jpeg\" alt=\"\" class=\"wp-image-94562\" srcset=\"https:\/\/losperiodistas.com.mx\/portal\/wp-content\/uploads\/2025\/02\/cq5dam.thumbnail.cropped.1500.844-1-1024x576.jpeg 1024w, https:\/\/losperiodistas.com.mx\/portal\/wp-content\/uploads\/2025\/02\/cq5dam.thumbnail.cropped.1500.844-1-300x169.jpeg 300w, https:\/\/losperiodistas.com.mx\/portal\/wp-content\/uploads\/2025\/02\/cq5dam.thumbnail.cropped.1500.844-1-768x432.jpeg 768w, https:\/\/losperiodistas.com.mx\/portal\/wp-content\/uploads\/2025\/02\/cq5dam.thumbnail.cropped.1500.844-1.jpeg 1280w\" sizes=\"(max-width: 1024px) 100vw, 1024px\" \/><figcaption class=\"wp-element-caption\">Policl\u00ednico Agostino Gemelli de Roma<\/figcaption><\/figure>\n\n\n\n<p class=\"has-medium-font-size\"><strong>Vatican News<\/strong><\/p>\n\n\n\n<p>La Oficina de Prensa de la Santa Sede ha proporcionado esta ma\u00f1ana, 20 de febrero, &nbsp;una actualizaci\u00f3n&nbsp;sobre las condiciones de salud del Papa:<\/p>\n\n\n\n<blockquote class=\"wp-block-quote has-medium-font-size is-layout-flow wp-block-quote-is-layout-flow\">\n<p>\u201cLa noche ha transcurrido tranquila, el Papa se ha levantado y ha desayunado en el sill\u00f3n\u201d<\/p>\n<\/blockquote>\n\n\n\n<p>Tambi\u00e9n se supo que, el Papa contin\u00faa con sus actividades laborales.<\/p>\n\n\n\n<p>En el bolet\u00edn m\u00e9dico difundido por la Oficina de Prensa del Vaticano, ayer por la tarde, se subrayaba la situaci\u00f3n cl\u00ednica \u00abestacionaria\u00bb con \u00abuna ligera mejor\u00eda, en particular de los \u00edndices inflamatorios\u00bb de los an\u00e1lisis de sangre evaluados por el personal m\u00e9dico.<\/p>\n\n\n\n<p><a href=\"https:\/\/www.vaticannews.va\/es\/papa\/news\/2025-02\/papa-en-el-gemelli-estado-estable-los-analisis-de-sangre-mejor.html\"><\/a><\/p>\n\n\n\n<figure class=\"wp-block-image\"><a href=\"https:\/\/www.vaticannews.va\/es\/papa\/news\/2025-02\/papa-en-el-gemelli-estado-estable-los-analisis-de-sangre-mejor.html\"><img decoding=\"async\" src=\"https:\/\/www.vaticannews.va\/content\/dam\/vaticannews\/multimedia\/2025\/febbraio\/19\/Papa-Gemelli---Victor-Hugo-Barros-23--rsz.jpg\/_jcr_content\/renditions\/cq5dam.thumbnail.cropped.500.281.jpeg\" alt=\"El Papa en el Gemelli: estado estable, los an\u00e1lisis de sangre mejoran ligeramente\"\/><\/a><\/figure>\n\n\n\n<p>19\/02\/2025<\/p>\n\n\n\n<h2 class=\"wp-block-heading has-ast-global-color-6-background-color has-background has-medium-font-size\"><a href=\"https:\/\/www.vaticannews.va\/es\/papa\/news\/2025-02\/papa-en-el-gemelli-estado-estable-los-analisis-de-sangre-mejor.html\">El Papa en el Gemelli: estado estable, los an\u00e1lisis de sangre mejoran ligeramente<\/a><\/h2>\n\n\n\n<p>En una actualizaci\u00f3n sobre el estado de salud del Papa se ha comunicado que \u201clos an\u00e1lisis de sangre, muestran una ligera mejor\u00eda, sobre todo en los \u00edndices inflamatorios\u201d.<\/p>\n\n\n\n<p>Fuente: <a href=\"https:\/\/www.vaticannews.va\/es\/papa\/news\/2025-02\/el-papa-en-el-gemelli-paso-una-noche-tranquila-20-febrero.html\">https:\/\/www.vaticannews.va\/es\/papa\/news\/2025-02\/el-papa-en-el-gemelli-paso-una-noche-tranquila-20-febrero.html<\/a><\/p>\n","protected":false},"excerpt":{"rendered":"<p>El Papa Francisco, internado en el hospital romano desde el 14 de febrero, la ma\u00f1ana de este jueves se ha [&hellip;]<\/p>\n","protected":false},"author":1,"featured_media":94562,"comment_status":"open","ping_status":"open","sticky":false,"template":"","format":"standard","meta":{"site-sidebar-layout":"default","site-content-layout":"","ast-site-content-layout":"default","site-content-style":"default","site-sidebar-style":"default","ast-global-header-display":"","ast-banner-title-visibility":"","ast-main-header-display":"","ast-hfb-above-header-display":"","ast-hfb-below-header-display":"","ast-hfb-mobile-header-display":"","site-post-title":"","ast-breadcrumbs-content":"","ast-featured-img":"","footer-sml-layout":"","theme-transparent-header-meta":"","adv-header-id-meta":"","stick-header-meta":"","header-above-stick-meta":"","header-main-stick-meta":"","header-below-stick-meta":"","astra-migrate-meta-layouts":"default","ast-page-background-enabled":"default","ast-page-background-meta":{"desktop":{"background-color":"var(--ast-global-color-4)","background-image":"","background-repeat":"repeat","background-position":"center center","background-size":"auto","background-attachment":"scroll","background-type":"","background-media":"","overlay-type":"","overlay-color":"","overlay-opacity":"","overlay-gradient":""},"tablet":{"background-color":"","background-image":"","background-repeat":"repeat","background-position":"center center","background-size":"auto","background-attachment":"scroll","background-type":"","background-media":"","overlay-type":"","overlay-color":"","overlay-opacity":"","overlay-gradient":""},"mobile":{"background-color":"","background-image":"","background-repeat":"repeat","background-position":"center center","background-size":"auto","background-attachment":"scroll","background-type":"","background-media":"","overlay-type":"","overlay-color":"","overlay-opacity":"","overlay-gradient":""}},"ast-content-background-meta":{"desktop":{"background-color":"var(--ast-global-color-5)","background-image":"","background-repeat":"repeat","background-position":"center center","background-size":"auto","background-attachment":"scroll","background-type":"","background-media":"","overlay-type":"","overlay-color":"","overlay-opacity":"","overlay-gradient":""},"tablet":{"background-color":"var(--ast-global-color-5)","background-image":"","background-repeat":"repeat","background-position":"center center","background-size":"auto","background-attachment":"scroll","background-type":"","background-media":"","overlay-type":"","overlay-color":"","overlay-opacity":"","overlay-gradient":""},"mobile":{"background-color":"var(--ast-global-color-5)","background-image":"","background-repeat":"repeat","background-position":"center center","background-size":"auto","background-attachment":"scroll","background-type":"","background-media":"","overlay-type":"","overlay-color":"","overlay-opacity":"","overlay-gradient":""}},"footnotes":""},"categories":[8],"tags":[35948,35947,35946],"class_list":["post-94561","post","type-post","status-publish","format-standard","has-post-thumbnail","hentry","category-noticias","tag-analisis-sangre-mejoran","tag-papa-desayuna-en-su-sillon","tag-papa-francisco-noche-tranquila"],"_links":{"self":[{"href":"https:\/\/losperiodistas.com.mx\/portal\/wp-json\/wp\/v2\/posts\/94561","targetHints":{"allow":["GET"]}}],"collection":[{"href":"https:\/\/losperiodistas.com.mx\/portal\/wp-json\/wp\/v2\/posts"}],"about":[{"href":"https:\/\/losperiodistas.com.mx\/portal\/wp-json\/wp\/v2\/types\/post"}],"author":[{"embeddable":true,"href":"https:\/\/losperiodistas.com.mx\/portal\/wp-json\/wp\/v2\/users\/1"}],"replies":[{"embeddable":true,"href":"https:\/\/losperiodistas.com.mx\/portal\/wp-json\/wp\/v2\/comments?post=94561"}],"version-history":[{"count":1,"href":"https:\/\/losperiodistas.com.mx\/portal\/wp-json\/wp\/v2\/posts\/94561\/revisions"}],"predecessor-version":[{"id":94563,"href":"https:\/\/losperiodistas.com.mx\/portal\/wp-json\/wp\/v2\/posts\/94561\/revisions\/94563"}],"wp:featuredmedia":[{"embeddable":true,"href":"https:\/\/losperiodistas.com.mx\/portal\/wp-json\/wp\/v2\/media\/94562"}],"wp:attachment":[{"href":"https:\/\/losperiodistas.com.mx\/portal\/wp-json\/wp\/v2\/media?parent=94561"}],"wp:term":[{"taxonomy":"category","embeddable":true,"href":"https:\/\/losperiodistas.com.mx\/portal\/wp-json\/wp\/v2\/categories?post=94561"},{"taxonomy":"post_tag","embeddable":true,"href":"https:\/\/losperiodistas.com.mx\/portal\/wp-json\/wp\/v2\/tags?post=94561"}],"curies":[{"name":"wp","href":"https:\/\/api.w.org\/{rel}","templated":true}]}}