{"id":94558,"date":"2025-02-20T04:03:43","date_gmt":"2025-02-20T10:03:43","guid":{"rendered":"https:\/\/losperiodistas.com.mx\/portal\/?p=94558"},"modified":"2025-02-20T04:03:45","modified_gmt":"2025-02-20T10:03:45","slug":"aranceles-ordenes-presidenciales-y-deportaciones-marcan-el-primer-mes-de-donald-trump-efe","status":"publish","type":"post","link":"https:\/\/losperiodistas.com.mx\/portal\/aranceles-ordenes-presidenciales-y-deportaciones-marcan-el-primer-mes-de-donald-trump-efe\/","title":{"rendered":"Aranceles, \u00f3rdenes presidenciales y deportaciones marcan el primer mes de Donald Trump | EFE"},"content":{"rendered":"\n<figure class=\"wp-block-image size-full\"><img fetchpriority=\"high\" decoding=\"async\" width=\"900\" height=\"600\" src=\"https:\/\/losperiodistas.com.mx\/portal\/wp-content\/uploads\/2025\/02\/Donald_Trump_primer_mes.webp\" alt=\"\" class=\"wp-image-94559\" srcset=\"https:\/\/losperiodistas.com.mx\/portal\/wp-content\/uploads\/2025\/02\/Donald_Trump_primer_mes.webp 900w, https:\/\/losperiodistas.com.mx\/portal\/wp-content\/uploads\/2025\/02\/Donald_Trump_primer_mes-300x200.webp 300w, https:\/\/losperiodistas.com.mx\/portal\/wp-content\/uploads\/2025\/02\/Donald_Trump_primer_mes-768x512.webp 768w\" sizes=\"(max-width: 900px) 100vw, 900px\" \/><figcaption class=\"wp-element-caption\">Fotograf\u00eda del presidente de los Estados Unidos, Donald Trump. EFE\/EPA\/ Samuel Corum<\/figcaption><\/figure>\n\n\n\n<p><\/p>\n\n\n\n<p class=\"has-vivid-red-color has-text-color has-link-color has-medium-font-size wp-elements-23db7e95974579b190d8bc7ea9a6cef6\"><strong>Agencia EFE<\/strong><\/p>\n\n\n\n<p>Redacci\u00f3n Internacional (EFE)- El presidente de los Estados Unidos, Donald Trump, cumple un mes en la Casa Blanca en el que, mediante \u00f3rdenes presidenciales -68 a 19 de febrero-, ha removido las alianzas y usado los aranceles como herramienta de presi\u00f3n para obtener concesiones.<\/p>\n\n\n\n<p>Los grav\u00e1menes han permitido ventajas en el comercio pero tambi\u00e9n en migraci\u00f3n y seguridad, forzando a cada pa\u00eds a sentarse a negociar directamente con Estados Unidos.<\/p>\n\n\n\n<p>El primero de febrero, despu\u00e9s de varias amenazas, impuso los primeros aranceles del 25 % para Canad\u00e1 y M\u00e9xico, as\u00ed como otros del 10 % para los productos de China.<\/p>\n\n\n\n<figure class=\"wp-block-image\"><img decoding=\"async\" src=\"https:\/\/i0.wp.com\/efe.com\/wp-content\/uploads\/2025\/02\/Donald_Trump_EEUU-1.jpg?resize=900%2C600&amp;ssl=1\" alt=\"Aranceles, \u00f3rdenes presidenciales y deportaciones marcan el primer mes de Trump\" class=\"wp-image-1684857\"\/><figcaption class=\"wp-element-caption\">Fotograf\u00eda en silueta del presidente de EE.UU., Donald Trump. EFE\/EPA\/Samuel Corum<\/figcaption><\/figure>\n\n\n\n<p>Tras sucesivas negociaciones, ambos vecinos lograron aplazar un mes la entrada en vigor de las tasas. Sin embargo, en China se hicieron efectivas a los tres d\u00edas y&nbsp;<a href=\"https:\/\/efe.com\/economia\/2025-02-10\/aranceles-china-trump-eeuu\/\">el gigante asi\u00e1tico respondi\u00f3 con grav\u00e1menes de entre el 10 % al 15 %<\/a>&nbsp;a ciertos productos estadounidenses.<\/p>\n\n\n\n<p>La guerra comercial de Trump continu\u00f3 con el aluminio y el acero, a cuyas importaciones les aplic\u00f3 aranceles del 25%.<\/p>\n\n\n\n<h2 class=\"wp-block-heading\" id=\"h-la-inmigracion-tema-clave-en-el-primer-mes-de-trump\">La inmigraci\u00f3n, tema clave en el primer mes de Trump<\/h2>\n\n\n\n<p>Otra de sus principales batallas es la inmigraci\u00f3n. El mismo d\u00eda que asumi\u00f3 el cargo declar\u00f3 emergencia nacional en la frontera con M\u00e9xico y despleg\u00f3 a 15.000 militares para \u00abasegurar\u00bb esa linde y repeler esas \u00abformas de invasi\u00f3n\u00bb.<\/p>\n\n\n\n<p>Dentro de las fronteras estadounidenses comenzaron a hacerse detenciones masivas de inmigrantes indocumentados, con casi mil personas en un d\u00eda para, en muchos casos, ser devueltas a sus pa\u00edses de origen.<\/p>\n\n\n\n<p>Las primeras deportaciones tuvieron lugar el 24 de enero, cuando se trasladaron a m\u00e1s de 150 personas en dos aviones militares a Guatemala.<\/p>\n\n\n\n<figure class=\"wp-block-image\"><img decoding=\"async\" src=\"https:\/\/i0.wp.com\/efe.com\/wp-content\/uploads\/2025\/02\/Guatemala_migracion_deportados.jpg?resize=900%2C599&amp;ssl=1\" alt=\"Vuelo con migrantes deportados desde Estados Unidos a Guatemala\" class=\"wp-image-1684847\"\/><figcaption class=\"wp-element-caption\">Fotograf\u00eda de archivo de migrantes deportados de Estados Unidos a Guatemala. EFE\/ Mariano Macz<\/figcaption><\/figure>\n\n\n\n<p>A Colombia volaron en dos aviones 110 inmigrantes el 27 de enero despu\u00e9s de que el presidente Gustavo Petro cediese tras un pulso con Trump. En un primer momento deneg\u00f3 las deportaciones, pero termin\u00f3 acept\u00e1ndolas tras las amenazas de Washington de imponer impuestos del 25 % a los productos de Colombia.<\/p>\n\n\n\n<p>Dentro de su guerra contra la migraci\u00f3n, Trump tambi\u00e9n orden\u00f3 habilitar 30.000 camas en la base naval de Guant\u00e1namo a fin de detener a inmigrantes indocumentados; los diez primeros llegaron el 4 de febrero.<\/p>\n\n\n\n<p>En su af\u00e1n de enaltecer Am\u00e9rica (\u2018Make America Great Again\u2019 es su eslogan), otra de sus batallas fue redenominar el Golfo de M\u00e9xico como&nbsp;<a href=\"https:\/\/efe.com\/mundo\/2025-02-17\/sheinbaum-google-golfo-de-america\/\">\u2018Golfo de Am\u00e9rica\u2019<\/a>, para el que estableci\u00f3 el 9 de febrero como su d\u00eda oficial. Ello ha inquietado a sus vecinos mexicanos.<\/p>\n\n\n\n<figure class=\"wp-block-embed is-type-wp-embed is-provider-efe-noticias wp-block-embed-efe-noticias\"><div class=\"wp-block-embed__wrapper\">\n<blockquote class=\"wp-embedded-content\" data-secret=\"4idxUzLlWs\"><a href=\"https:\/\/efe.com\/mundo\/2025-02-14\/ap-veto-casa-blanca-golfo-de-america\/\">La Casa Blanca veta a AP del Despacho Oval y Air Force One por no decir &#8216;Golfo de Am\u00e9rica&#8217;<\/a><\/blockquote><iframe class=\"wp-embedded-content\" sandbox=\"allow-scripts\" security=\"restricted\" style=\"position: absolute; visibility: hidden;\" title=\"\u00abLa Casa Blanca veta a AP del Despacho Oval y Air Force One por no decir &#8216;Golfo de Am\u00e9rica&#8217;\u00bb \u2014 EFE Noticias\" src=\"https:\/\/efe.com\/mundo\/2025-02-14\/ap-veto-casa-blanca-golfo-de-america\/embed\/#?secret=7dwQmVzI2i#?secret=4idxUzLlWs\" data-secret=\"4idxUzLlWs\" width=\"500\" height=\"282\" frameborder=\"0\" marginwidth=\"0\" marginheight=\"0\" scrolling=\"no\"><\/iframe>\n<\/div><\/figure>\n\n\n\n<p>Adem\u00e1s, retir\u00f3 a EE.UU. de diversas organizaciones y acuerdos internacionales. El d\u00eda de su llegada rompi\u00f3 con el Acuerdo clim\u00e1tico de Par\u00eds, con la Organizaci\u00f3n Mundial de la Salud (OMS), as\u00ed como con la Organizaci\u00f3n para la Cooperaci\u00f3n y el Desarrollo Econ\u00f3mico (OCDE). Tambi\u00e9n cercen\u00f3 las ayudas de Usaid, la entidad que aporta ayudas a pa\u00edses en v\u00edas de desarrollo.<\/p>\n\n\n\n<h2 class=\"wp-block-heading\" id=\"h-el-fin-de-la-guerra-de-ucrania\">El fin de la Guerra de Ucrania<\/h2>\n\n\n\n<p>Durante su campa\u00f1a, el l\u00edder republicano asegur\u00f3 que terminar\u00eda con la guerra de Ucrania en 24 horas, promesa que no ha podido cumplir pero s\u00ed que ha dado pasos para llevarla a cabo.<\/p>\n\n\n\n<p>Este 12 de febrero mantuvo conversaciones por tel\u00e9fono con los presidentes de Rusia, Vlad\u00edmir Putin, y de Ucrania, Volod\u00edmir Zelenski.<\/p>\n\n\n\n<p>Este martes, el secretario de Estado de Estados Unidos, Marco Rubio, y su hom\u00f3logo ruso, Sergu\u00e9i Lavrov, se reunieron en Riad (Arabia Saud\u00ed), donde comenzaron a trabajar en un plan para poner fin a la guerra.<\/p>\n\n\n\n<p>Por lo pronto, Trump propuso a Kiev continuar con el apoyo militar a cambio del acceso de Estados Unidos a las tierras raras ucranianas.<\/p>\n\n\n\n<figure class=\"wp-block-embed is-type-wp-embed is-provider-efe-noticias wp-block-embed-efe-noticias\"><div class=\"wp-block-embed__wrapper\">\n<blockquote class=\"wp-embedded-content\" data-secret=\"EUNBxYOg59\"><a href=\"https:\/\/efe.com\/mundo\/2025-02-18\/negociaciones-rusia-eeuu-riad\/\">EE.UU. y Rusia acuerdan normalizar las relaciones y poner fin a la guerra en Ucrania<\/a><\/blockquote><iframe class=\"wp-embedded-content\" sandbox=\"allow-scripts\" security=\"restricted\" style=\"position: absolute; visibility: hidden;\" title=\"\u00abEE.UU. y Rusia acuerdan normalizar las relaciones y poner fin a la guerra en Ucrania\u00bb \u2014 EFE Noticias\" src=\"https:\/\/efe.com\/mundo\/2025-02-18\/negociaciones-rusia-eeuu-riad\/embed\/#?secret=HLh9WE9hJP#?secret=EUNBxYOg59\" data-secret=\"EUNBxYOg59\" width=\"500\" height=\"282\" frameborder=\"0\" marginwidth=\"0\" marginheight=\"0\" scrolling=\"no\"><\/iframe>\n<\/div><\/figure>\n\n\n\n<h2 class=\"wp-block-heading\" id=\"h-un-resort-en-gaza\">Un resort en Gaza<\/h2>\n\n\n\n<p>Gaza es otra de las palabras clave del primer mes de la presidencia de Trump. Ha mostrado su cercan\u00eda al primer ministro israel\u00ed, Bejam\u00edn Netanyahu, e ideado un plan para la Franja muy criticado por la comunidad internacional.<\/p>\n\n\n\n<p>En el segundo d\u00eda de su mandato levant\u00f3 las sanciones impuestas por la anterior administraci\u00f3n a los grupos de colonos israel\u00edes y de extrema derecha en Cisjordania y cuatro d\u00edas despu\u00e9s descongel\u00f3 un cargamento de bombas a Israel que hab\u00eda sido frenado por su predecesor, Joe Biden.<\/p>\n\n\n\n<figure class=\"wp-block-image\"><img decoding=\"async\" src=\"https:\/\/i0.wp.com\/efe.com\/wp-content\/uploads\/2025\/02\/Trump_Netanyahu_reunion.jpg?resize=900%2C600&amp;ssl=1\" alt=\"Trump Netanyahu\" class=\"wp-image-1684928\"\/><figcaption class=\"wp-element-caption\">El presidente de Estados Unidos, Donald Trump y el primer ministro de Israel, Benjam\u00edn Netanyahu. EFE\/Jim Lo Scalzo<\/figcaption><\/figure>\n\n\n\n<p>Netanyahu ha sido el primer l\u00edder extranjero en visitar la Casa Blanca desde el regreso de Trump. Ambos mandatarios se reunieron el cuatro de febrero y horas antes, el presidente de EE.UU. retir\u00f3 la participaci\u00f3n del pa\u00eds del Consejo de Derechos Humanos de la ONU y congel\u00f3 fondos para la Agencia de la ONU para los Refugiados Palestinos, UNRWA.<\/p>\n\n\n\n<p>Adem\u00e1s,&nbsp;<a href=\"https:\/\/efe.com\/mundo\/2025-02-07\/donald-trump-eeuu-gaza\/\">Trump propuso desplazar a los gazat\u00edes de la Franja a pa\u00edses como Egipto o Jordania<\/a>&nbsp;y reconstruir ese territorio para convertirlo en la nueva \u2018Riviera de Oriente Medio\u2019, un plan que ha recibido muchas cr\u00edticas.<\/p>\n\n\n\n<h2 class=\"wp-block-heading\" id=\"h-elon-musk-con-mas-poder-en-el-primer-mes-de-trump\">Elon Musk, con m\u00e1s poder en el primer mes de Trump<\/h2>\n\n\n\n<p>La imagen del presidente ha estado muy asociada al nombre de Elon Musk, al que le ha concedido amplios poderes desde su responsabilidad en el Departamento de Eficiencia Gubernamental (DOGE, en ingl\u00e9s). Trump y Musk han emprendido un recorte significativo de los funcionarios p\u00fablicos con enorme pol\u00e9mica en el pa\u00eds.<\/p>\n\n\n\n<figure class=\"wp-block-embed\"><div class=\"wp-block-embed__wrapper\">\n<blockquote class=\"wp-embedded-content\" data-secret=\"6UDG0vJLyB\"><a href=\"https:\/\/efe.com\/mundo\/2025-02-12\/elon-musk-doge-burocracia-estados-unidos\/\">Elon Musk y su pol\u00e9mico DOGE declaran la guerra a la burocracia federal de EE.UU.<\/a><\/blockquote><iframe class=\"wp-embedded-content\" sandbox=\"allow-scripts\" security=\"restricted\" style=\"position: absolute; visibility: hidden;\" title=\"\u00abElon Musk y su pol\u00e9mico DOGE declaran la guerra a la burocracia federal de EE.UU.\u00bb \u2014 EFE Noticias\" src=\"https:\/\/efe.com\/mundo\/2025-02-12\/elon-musk-doge-burocracia-estados-unidos\/embed\/#?secret=oFdYQlIpF2#?secret=6UDG0vJLyB\" data-secret=\"6UDG0vJLyB\" width=\"500\" height=\"282\" frameborder=\"0\" marginwidth=\"0\" marginheight=\"0\" scrolling=\"no\"><\/iframe>\n<\/div><\/figure>\n\n\n\n<p>En este mes, Trump ha cargado contra los derechos sociales de las minor\u00edas y en su tercer d\u00eda como presidente cerr\u00f3 incluso las agencias federales dedicadas a fomentar la diversidad y la inclusi\u00f3n en la contrataci\u00f3n de trabajadores.<\/p>\n\n\n\n<p>Entre los colectivos m\u00e1s golpeados se encuentran las personas transg\u00e9nero, a las que les ha negado competir en deportes femeninos y tambi\u00e9n ha prohibido el tratamiento de transici\u00f3n de g\u00e9nero y cirug\u00edas a menores de 19 a\u00f1os.<\/p>\n\n\n\n<p>Fuente: <a href=\"https:\/\/efe.com\/mundo\/2025-02-20\/donald-trump-primer-mes-eeuu\/\">https:\/\/efe.com\/mundo\/2025-02-20\/donald-trump-primer-mes-eeuu\/<\/a><\/p>\n","protected":false},"excerpt":{"rendered":"<p>Agencia EFE Redacci\u00f3n Internacional (EFE)- El presidente de los Estados Unidos, Donald Trump, cumple un mes en la Casa Blanca [&hellip;]<\/p>\n","protected":false},"author":1,"featured_media":94559,"comment_status":"open","ping_status":"open","sticky":false,"template":"","format":"standard","meta":{"site-sidebar-layout":"default","site-content-layout":"","ast-site-content-layout":"default","site-content-style":"default","site-sidebar-style":"default","ast-global-header-display":"","ast-banner-title-visibility":"","ast-main-header-display":"","ast-hfb-above-header-display":"","ast-hfb-below-header-display":"","ast-hfb-mobile-header-display":"","site-post-title":"","ast-breadcrumbs-content":"","ast-featured-img":"","footer-sml-layout":"","theme-transparent-header-meta":"","adv-header-id-meta":"","stick-header-meta":"","header-above-stick-meta":"","header-main-stick-meta":"","header-below-stick-meta":"","astra-migrate-meta-layouts":"default","ast-page-background-enabled":"default","ast-page-background-meta":{"desktop":{"background-color":"var(--ast-global-color-4)","background-image":"","background-repeat":"repeat","background-position":"center center","background-size":"auto","background-attachment":"scroll","background-type":"","background-media":"","overlay-type":"","overlay-color":"","overlay-opacity":"","overlay-gradient":""},"tablet":{"background-color":"","background-image":"","background-repeat":"repeat","background-position":"center center","background-size":"auto","background-attachment":"scroll","background-type":"","background-media":"","overlay-type":"","overlay-color":"","overlay-opacity":"","overlay-gradient":""},"mobile":{"background-color":"","background-image":"","background-repeat":"repeat","background-position":"center center","background-size":"auto","background-attachment":"scroll","background-type":"","background-media":"","overlay-type":"","overlay-color":"","overlay-opacity":"","overlay-gradient":""}},"ast-content-background-meta":{"desktop":{"background-color":"var(--ast-global-color-5)","background-image":"","background-repeat":"repeat","background-position":"center center","background-size":"auto","background-attachment":"scroll","background-type":"","background-media":"","overlay-type":"","overlay-color":"","overlay-opacity":"","overlay-gradient":""},"tablet":{"background-color":"var(--ast-global-color-5)","background-image":"","background-repeat":"repeat","background-position":"center center","background-size":"auto","background-attachment":"scroll","background-type":"","background-media":"","overlay-type":"","overlay-color":"","overlay-opacity":"","overlay-gradient":""},"mobile":{"background-color":"var(--ast-global-color-5)","background-image":"","background-repeat":"repeat","background-position":"center center","background-size":"auto","background-attachment":"scroll","background-type":"","background-media":"","overlay-type":"","overlay-color":"","overlay-opacity":"","overlay-gradient":""}},"footnotes":""},"categories":[8],"tags":[17118,29082,35945,35943,35944,6232],"class_list":["post-94558","post","type-post","status-publish","format-standard","has-post-thumbnail","hentry","category-noticias","tag-aranceles","tag-deportaciones","tag-elon-musk-y-mas-poder","tag-primer-mes-de-trump","tag-resort-en-gaza","tag-ucrania"],"_links":{"self":[{"href":"https:\/\/losperiodistas.com.mx\/portal\/wp-json\/wp\/v2\/posts\/94558","targetHints":{"allow":["GET"]}}],"collection":[{"href":"https:\/\/losperiodistas.com.mx\/portal\/wp-json\/wp\/v2\/posts"}],"about":[{"href":"https:\/\/losperiodistas.com.mx\/portal\/wp-json\/wp\/v2\/types\/post"}],"author":[{"embeddable":true,"href":"https:\/\/losperiodistas.com.mx\/portal\/wp-json\/wp\/v2\/users\/1"}],"replies":[{"embeddable":true,"href":"https:\/\/losperiodistas.com.mx\/portal\/wp-json\/wp\/v2\/comments?post=94558"}],"version-history":[{"count":1,"href":"https:\/\/losperiodistas.com.mx\/portal\/wp-json\/wp\/v2\/posts\/94558\/revisions"}],"predecessor-version":[{"id":94560,"href":"https:\/\/losperiodistas.com.mx\/portal\/wp-json\/wp\/v2\/posts\/94558\/revisions\/94560"}],"wp:featuredmedia":[{"embeddable":true,"href":"https:\/\/losperiodistas.com.mx\/portal\/wp-json\/wp\/v2\/media\/94559"}],"wp:attachment":[{"href":"https:\/\/losperiodistas.com.mx\/portal\/wp-json\/wp\/v2\/media?parent=94558"}],"wp:term":[{"taxonomy":"category","embeddable":true,"href":"https:\/\/losperiodistas.com.mx\/portal\/wp-json\/wp\/v2\/categories?post=94558"},{"taxonomy":"post_tag","embeddable":true,"href":"https:\/\/losperiodistas.com.mx\/portal\/wp-json\/wp\/v2\/tags?post=94558"}],"curies":[{"name":"wp","href":"https:\/\/api.w.org\/{rel}","templated":true}]}}