{"id":94545,"date":"2025-02-19T10:10:49","date_gmt":"2025-02-19T16:10:49","guid":{"rendered":"https:\/\/losperiodistas.com.mx\/portal\/?p=94545"},"modified":"2025-02-19T10:14:12","modified_gmt":"2025-02-19T16:14:12","slug":"eu-designa-a-carteles-mexicanos-como-grupos-terroristas-incluye-al-cartel-de-sinaloa-cjng-y-familia-michoacana-el-universal","status":"publish","type":"post","link":"https:\/\/losperiodistas.com.mx\/portal\/eu-designa-a-carteles-mexicanos-como-grupos-terroristas-incluye-al-cartel-de-sinaloa-cjng-y-familia-michoacana-el-universal\/","title":{"rendered":"EU designa a c\u00e1rteles mexicanos como grupos terroristas; incluye al C\u00e1rtel de Sinaloa, CJNG y Familia Michoacana | El Universal"},"content":{"rendered":"\n<h2 class=\"wp-block-heading\">La designaci\u00f3n entrar\u00e1 en vigor el jueves, tras ser publicada en el Registro Federal de Estados Unidos<\/h2>\n\n\n\n<figure class=\"wp-block-image size-large\"><img fetchpriority=\"high\" decoding=\"async\" width=\"1024\" height=\"620\" src=\"https:\/\/losperiodistas.com.mx\/portal\/wp-content\/uploads\/2025\/02\/BRUBVQSQORAT5JW7VH26BEF644-copia-1024x620.jpg\" alt=\"\" class=\"wp-image-94546\" srcset=\"https:\/\/losperiodistas.com.mx\/portal\/wp-content\/uploads\/2025\/02\/BRUBVQSQORAT5JW7VH26BEF644-copia-1024x620.jpg 1024w, https:\/\/losperiodistas.com.mx\/portal\/wp-content\/uploads\/2025\/02\/BRUBVQSQORAT5JW7VH26BEF644-copia-300x182.jpg 300w, https:\/\/losperiodistas.com.mx\/portal\/wp-content\/uploads\/2025\/02\/BRUBVQSQORAT5JW7VH26BEF644-copia-768x465.jpg 768w, https:\/\/losperiodistas.com.mx\/portal\/wp-content\/uploads\/2025\/02\/BRUBVQSQORAT5JW7VH26BEF644-copia.jpg 1100w\" sizes=\"(max-width: 1024px) 100vw, 1024px\" \/><figcaption class=\"wp-element-caption\">El C\u00e1rtel de Sinaloa es considerado el principal exportador de fentanilo al vecino pa\u00eds del norte. Foto: EL UNIVERSAL<\/figcaption><\/figure>\n\n\n\n<p class=\"has-vivid-red-color has-text-color has-link-color has-medium-font-size wp-elements-f444d26de2474c9a966b45b96752479c\"><strong>Redacci\u00f3n El Universal<\/strong><\/p>\n\n\n\n<p>El&nbsp;<a href=\"https:\/\/www.eluniversal.com.mx\/mundo\/\" target=\"_blank\" rel=\"noreferrer noopener\"><strong>Departamento de Estado de Estados Unidos<\/strong><\/a>&nbsp;anunci\u00f3 la designaci\u00f3n de seis&nbsp;<a href=\"https:\/\/www.eluniversal.com.mx\/tag\/carteles-mexicanos\/\" target=\"_blank\" rel=\"noreferrer noopener\"><strong>c\u00e1rteles mexicanos&nbsp;<\/strong><\/a>de la&nbsp;<strong>droga&nbsp;<\/strong>como&nbsp;<strong>organizaciones terroristas&nbsp;<\/strong>trasnacionales.<\/p>\n\n\n\n<p>Se trata del&nbsp;<a href=\"https:\/\/www.eluniversal.com.mx\/tag\/cartel-de-sinaloa\/\" target=\"_blank\" rel=\"noreferrer noopener\"><strong>C\u00e1rtel de Sinaloa<\/strong><\/a>,&nbsp;<strong>C\u00e1rtel Jalisco Nueva Generaci\u00f3n&nbsp;<\/strong>(<a href=\"https:\/\/www.eluniversal.com.mx\/tag\/cjng\/\" target=\"_blank\" rel=\"noreferrer noopener\"><strong>CJNG<\/strong><\/a>),&nbsp;<strong>C\u00e1rteles Unidos<\/strong>,&nbsp;<strong>C\u00e1rtel del Noreste<\/strong>,&nbsp;<strong>C\u00e1rtel del Golfo<\/strong>&nbsp;y a la nueva&nbsp;<strong>Familia Michoacana<\/strong>.<\/p>\n\n\n\n<p>La designaci\u00f3n\u00a0<strong>entrar\u00e1 en vigor\u00a0<\/strong>el\u00a0<strong>jueves<\/strong>, tras ser publicada en el\u00a0<strong>Registro Federal\u00a0<\/strong>de Estados Unidos.<\/p>\n\n\n\n<figure class=\"wp-block-image size-full\"><img decoding=\"async\" width=\"993\" height=\"620\" src=\"https:\/\/losperiodistas.com.mx\/portal\/wp-content\/uploads\/2025\/02\/GLZH6NMD5RATNNXRF3G3N3L4Z4.avif\" alt=\"\" class=\"wp-image-94547\" srcset=\"https:\/\/losperiodistas.com.mx\/portal\/wp-content\/uploads\/2025\/02\/GLZH6NMD5RATNNXRF3G3N3L4Z4.avif 993w, https:\/\/losperiodistas.com.mx\/portal\/wp-content\/uploads\/2025\/02\/GLZH6NMD5RATNNXRF3G3N3L4Z4-300x187.avif 300w, https:\/\/losperiodistas.com.mx\/portal\/wp-content\/uploads\/2025\/02\/GLZH6NMD5RATNNXRF3G3N3L4Z4-768x480.avif 768w\" sizes=\"(max-width: 993px) 100vw, 993px\" \/><\/figure>\n\n\n\n<p>CJNG. Foto: especial<\/p>\n\n\n\n<p><strong>Lee tambi\u00e9n&nbsp;<\/strong><a href=\"https:\/\/www.eluniversal.com.mx\/mundo\/eu-clasificara-a-5-carteles-mexicanos-como-terroristas-nyt-el-de-sinaloa-cjng-y-familia-michoacana-en-la-lista\/\" target=\"_blank\" rel=\"noreferrer noopener\"><strong>EU clasificar\u00e1 a 6 c\u00e1rteles mexicanos como terroristas: NYT; el de Sinaloa, CJNG y Familia Michoacana en la lista<\/strong><\/a><\/p>\n\n\n\n<p>El documento, difundido como versi\u00f3n previa en el Registro Federal, incluye a la organizaci\u00f3n criminal venezolana&nbsp;<strong>Tren de Aragua<\/strong>&nbsp;y a la&nbsp;<strong>Mara Salvatrucha&nbsp;<\/strong>en la designaci\u00f3n como organizaciones&nbsp;<strong>terroristas<\/strong>.<\/p>\n\n\n\n<p>\u00abSobre la base de un examen de los expedientes administrativos reunidos en este asunto, y en consulta con el Fiscal General y el&nbsp;<strong>Secretario del Tesoro<\/strong>, he concluido que existe una base f\u00e1ctica suficiente\u00bb para declarar a estos ocho grupos criminales como organizaciones terroristas trasnacionales, indica el documento, firmado por el secretario de Estado,&nbsp;<strong>Marco Rubio<\/strong>.<\/p>\n\n\n\n<figure class=\"wp-block-embed is-type-rich is-provider-twitter wp-block-embed-twitter\"><div class=\"wp-block-embed__wrapper\">\n<blockquote class=\"twitter-tweet\" data-width=\"500\" data-dnt=\"true\"><p lang=\"es\" dir=\"ltr\"><a href=\"https:\/\/twitter.com\/hashtag\/%C3%9ALTIMAHORA?src=hash&amp;ref_src=twsrc%5Etfw\">#\u00daLTIMAHORA<\/a> El Departamento de Estado de los Estados Unidos dio a conocer que designar\u00e1 como organizaciones terroristas internacionales al C\u00e1rtel de Sinaloa, C\u00e1rtel Jalisco Nueva Generaci\u00f3n, C\u00e1rteles Unidos, C\u00e1rtel del Noreste, C\u00e1rtel del Golfo y a la nueva Familia Michoacana. La\u2026 <a href=\"https:\/\/t.co\/aik63limgU\">pic.twitter.com\/aik63limgU<\/a><\/p>&mdash; Ciro G\u00f3mez Leyva (@CiroGomezL) <a href=\"https:\/\/twitter.com\/CiroGomezL\/status\/1892234981256139199?ref_src=twsrc%5Etfw\">February 19, 2025<\/a><\/blockquote><script async src=\"https:\/\/platform.twitter.com\/widgets.js\" charset=\"utf-8\"><\/script>\n<\/div><\/figure>\n\n\n\n<h2 class=\"wp-block-heading\">Trump firma orden ejecutiva para declarar terroristas a los c\u00e1rteles mexicanos<\/h2>\n\n\n\n<p>El presidente estadounidense&nbsp;<strong>Donald Trump<\/strong>&nbsp;firm\u00f3 la orden ejecutiva de declarar&nbsp;<strong>terroristas&nbsp;<\/strong>a los c\u00e1rteles desde el pasado 20 de enero. La orden daba a Rubio 14 d\u00edas para hacer las evaluaciones pertinentes e implementar la decisi\u00f3n.<\/p>\n\n\n\n<p>Los&nbsp;<strong>argumentos&nbsp;<\/strong>por los que estas ocho organizaciones son declaradas terroristas son los siguientes:<\/p>\n\n\n\n<p>Los c\u00e1rteles internacionales constituyen una amenaza para la&nbsp;<strong>seguridad nacional<\/strong>&nbsp;que va m\u00e1s all\u00e1 de la que plantea la delincuencia organizada tradicional, con actividades que abarcan:<\/p>\n\n\n\n<ul class=\"wp-block-list\">\n<li>(i) convergencia entre ellos y una serie de actores extrahemisf\u00e9ricos, desde organizaciones designadas como terroristas extranjeras hasta gobiernos extranjeros antagonistas;<\/li>\n\n\n\n<li>(ii) sistemas adaptativos complejos, caracter\u00edsticos de entidades dedicadas a la insurgencia y la guerra asim\u00e9trica; e<\/li>\n\n\n\n<li>(iii) infiltraci\u00f3n en gobiernos extranjeros de todo el hemisferio occidental.<\/li>\n<\/ul>\n\n\n\n<p><strong>Lee tambi\u00e9n&nbsp;<\/strong><a href=\"https:\/\/www.eluniversal.com.mx\/mundo\/revela-cnn-misiones-encubiertas-de-la-cia-para-espiar-a-carteles-usan-drones-antiterroristas-en-espacio-aereo-mexicano\/\" target=\"_blank\" rel=\"noreferrer noopener\"><strong>Revela CNN misiones encubiertas de la CIA para espiar a c\u00e1rteles; usan drones antiterroristas en espacio a\u00e9reo mexicano<\/strong><\/a><\/p>\n\n\n\n<p>La orden se\u00f1ala que \u00ablos c\u00e1rteles han emprendido una campa\u00f1a de&nbsp;<strong>violencia&nbsp;<\/strong>y terror en todo el hemisferio occidental que no s\u00f3lo ha desestabilizado pa\u00edses de gran importancia para nuestros intereses nacionales, sino que tambi\u00e9n ha inundado Estados Unidos de drogas mortales, delincuentes violentos y bandas sanguinarias\u00bb.<\/p>\n\n\n\n<p>Asimismo, la orden acusa que \u00aben ciertas partes de M\u00e9xico, [los c\u00e1rteles] funcionan como entidades casi gubernamentales, controlando casi todos los aspectos de la sociedad\u00bb.<\/p>\n\n\n\n<p>En ese sentido, determina que \u00ablas actividades de los c\u00e1rteles amenazan la seguridad del pueblo estadounidense, la<strong>&nbsp;seguridad de Estados Unidos&nbsp;<\/strong>y la estabilidad del orden internacional en el hemisferio occidental. Sus actividades, proximidad e incursiones en el territorio f\u00edsico de los Estados Unidos suponen un riesgo inaceptable para la seguridad nacional de los Estados Unidos\u00bb.<\/p>\n\n\n\n<p><strong>Lee tambi\u00e9n&nbsp;<\/strong><a href=\"https:\/\/www.eluniversal.com.mx\/mundo\/programa-de-espionaje-con-drones-en-mexico-empezo-en-gobierno-de-biden-con-trump-aumentaron-los-vuelos-segun-nyt\/\" target=\"_blank\" rel=\"noreferrer noopener\"><strong>Programa de espionaje con drones en M\u00e9xico empez\u00f3 en gobierno de Biden; con Trump aumentaron los vuelos, seg\u00fan NYT<\/strong><\/a><\/p>\n\n\n\n<p>En cuanto al<strong>&nbsp;Tren de Aragua&nbsp;<\/strong>y la&nbsp;<strong>Mara<\/strong>, la orden explica que \u00abrepresentan amenazas similares para Estados Unidos. Sus campa\u00f1as de violencia y terror en Estados Unidos y a escala internacional son extraordinariamente violentas, despiadadas y amenazan de forma similar la estabilidad del orden internacional en el hemisferio occidental\u00bb.<\/p>\n\n\n\n<p>La orden reclama \u00abgarantizar la eliminaci\u00f3n total de la presencia de estas organizaciones en Estados Unidos y de su capacidad para amenazar el territorio, la seguridad y la protecci\u00f3n de Estados Unidos a trav\u00e9s de sus estructuras extraterritoriales de mando y control, protegiendo as\u00ed al pueblo estadounidense y la integridad territorial de Estados Unidos\u00bb.<\/p>\n\n\n\n<p><a href=\"https:\/\/www.eluniversal.com.mx\/nacion\/cjng-cartel-de-sinaloa-fm-carteles-unidos-y-el-cartel-del-noreste-esta-es-su-historia-entraran-a-la-lista-de-terroristas-de-eu\/\"><\/a><\/p>\n\n\n\n<h3 class=\"wp-block-heading\"><a href=\"https:\/\/www.eluniversal.com.mx\/nacion\/cjng-cartel-de-sinaloa-fm-carteles-unidos-y-el-cartel-del-noreste-esta-es-su-historia-entraran-a-la-lista-de-terroristas-de-eu\/\">CJNG, C\u00e1rtel de Sinaloa, La Familia, C\u00e1rteles Unidos y el C\u00e1rtel del Noreste, esta es su historia; entrar\u00e1n a la lista de terroristas de EU<\/a><\/h3>\n\n\n\n<p><a href=\"https:\/\/www.eluniversal.com.mx\/nacion\/cjng-cartel-de-sinaloa-fm-carteles-unidos-y-el-cartel-del-noreste-esta-es-su-historia-entraran-a-la-lista-de-terroristas-de-eu\/\"><\/a><\/p>\n\n\n\n<p><em><strong><a href=\"https:\/\/whatsapp.com\/channel\/0029Va4lfJc1CYoM1R8IT71e\"><u>\u00danete a nuestro canal&nbsp;<\/u><\/a><\/strong>\u00a1EL UNIVERSAL ya est\u00e1 en Whatsapp!, desde tu dispositivo m\u00f3vil ent\u00e9rate de las noticias m\u00e1s relevantes del d\u00eda, art\u00edculos de opini\u00f3n, entretenimiento, tendencias y m\u00e1s.<\/em><\/p>\n\n\n\n<p>Fuente: <a href=\"https:\/\/www.eluniversal.com.mx\/mundo\/eu-designa-a-carteles-mexicanos-como-grupos-terroristas-incluye-al-cartel-de-sinaloa-cjng-y-familia-michoacana\/\">https:\/\/www.eluniversal.com.mx\/mundo\/eu-designa-a-carteles-mexicanos-como-grupos-terroristas-incluye-al-cartel-de-sinaloa-cjng-y-familia-michoacana\/<\/a><\/p>\n\n\n\n<p><\/p>\n","protected":false},"excerpt":{"rendered":"<p>La designaci\u00f3n entrar\u00e1 en vigor el jueves, tras ser publicada en el Registro Federal de Estados Unidos Redacci\u00f3n El Universal [&hellip;]<\/p>\n","protected":false},"author":1,"featured_media":94546,"comment_status":"open","ping_status":"open","sticky":false,"template":"","format":"standard","meta":{"site-sidebar-layout":"default","site-content-layout":"","ast-site-content-layout":"default","site-content-style":"default","site-sidebar-style":"default","ast-global-header-display":"","ast-banner-title-visibility":"","ast-main-header-display":"","ast-hfb-above-header-display":"","ast-hfb-below-header-display":"","ast-hfb-mobile-header-display":"","site-post-title":"","ast-breadcrumbs-content":"","ast-featured-img":"","footer-sml-layout":"","theme-transparent-header-meta":"","adv-header-id-meta":"","stick-header-meta":"","header-above-stick-meta":"","header-main-stick-meta":"","header-below-stick-meta":"","astra-migrate-meta-layouts":"default","ast-page-background-enabled":"default","ast-page-background-meta":{"desktop":{"background-color":"var(--ast-global-color-4)","background-image":"","background-repeat":"repeat","background-position":"center center","background-size":"auto","background-attachment":"scroll","background-type":"","background-media":"","overlay-type":"","overlay-color":"","overlay-opacity":"","overlay-gradient":""},"tablet":{"background-color":"","background-image":"","background-repeat":"repeat","background-position":"center center","background-size":"auto","background-attachment":"scroll","background-type":"","background-media":"","overlay-type":"","overlay-color":"","overlay-opacity":"","overlay-gradient":""},"mobile":{"background-color":"","background-image":"","background-repeat":"repeat","background-position":"center center","background-size":"auto","background-attachment":"scroll","background-type":"","background-media":"","overlay-type":"","overlay-color":"","overlay-opacity":"","overlay-gradient":""}},"ast-content-background-meta":{"desktop":{"background-color":"var(--ast-global-color-5)","background-image":"","background-repeat":"repeat","background-position":"center center","background-size":"auto","background-attachment":"scroll","background-type":"","background-media":"","overlay-type":"","overlay-color":"","overlay-opacity":"","overlay-gradient":""},"tablet":{"background-color":"var(--ast-global-color-5)","background-image":"","background-repeat":"repeat","background-position":"center center","background-size":"auto","background-attachment":"scroll","background-type":"","background-media":"","overlay-type":"","overlay-color":"","overlay-opacity":"","overlay-gradient":""},"mobile":{"background-color":"var(--ast-global-color-5)","background-image":"","background-repeat":"repeat","background-position":"center center","background-size":"auto","background-attachment":"scroll","background-type":"","background-media":"","overlay-type":"","overlay-color":"","overlay-opacity":"","overlay-gradient":""}},"footnotes":""},"categories":[8],"tags":[1278,2336,30433,35939,7179,35936,35937],"class_list":["post-94545","post","type-post","status-publish","format-standard","has-post-thumbnail","hentry","category-noticias","tag-cartel-de-sinaloa","tag-cartel-del-golfo","tag-cartel-jalisco-nueva-generacion","tag-ccartelew-unidos-cartel-del-noreste","tag-familia-michoacana","tag-oficial-carteles-mexicanos-son-terroristas","tag-registro-federal-de-estados-unidos"],"_links":{"self":[{"href":"https:\/\/losperiodistas.com.mx\/portal\/wp-json\/wp\/v2\/posts\/94545","targetHints":{"allow":["GET"]}}],"collection":[{"href":"https:\/\/losperiodistas.com.mx\/portal\/wp-json\/wp\/v2\/posts"}],"about":[{"href":"https:\/\/losperiodistas.com.mx\/portal\/wp-json\/wp\/v2\/types\/post"}],"author":[{"embeddable":true,"href":"https:\/\/losperiodistas.com.mx\/portal\/wp-json\/wp\/v2\/users\/1"}],"replies":[{"embeddable":true,"href":"https:\/\/losperiodistas.com.mx\/portal\/wp-json\/wp\/v2\/comments?post=94545"}],"version-history":[{"count":1,"href":"https:\/\/losperiodistas.com.mx\/portal\/wp-json\/wp\/v2\/posts\/94545\/revisions"}],"predecessor-version":[{"id":94548,"href":"https:\/\/losperiodistas.com.mx\/portal\/wp-json\/wp\/v2\/posts\/94545\/revisions\/94548"}],"wp:featuredmedia":[{"embeddable":true,"href":"https:\/\/losperiodistas.com.mx\/portal\/wp-json\/wp\/v2\/media\/94546"}],"wp:attachment":[{"href":"https:\/\/losperiodistas.com.mx\/portal\/wp-json\/wp\/v2\/media?parent=94545"}],"wp:term":[{"taxonomy":"category","embeddable":true,"href":"https:\/\/losperiodistas.com.mx\/portal\/wp-json\/wp\/v2\/categories?post=94545"},{"taxonomy":"post_tag","embeddable":true,"href":"https:\/\/losperiodistas.com.mx\/portal\/wp-json\/wp\/v2\/tags?post=94545"}],"curies":[{"name":"wp","href":"https:\/\/api.w.org\/{rel}","templated":true}]}}