{"id":94538,"date":"2025-02-19T08:51:41","date_gmt":"2025-02-19T14:51:41","guid":{"rendered":"https:\/\/losperiodistas.com.mx\/portal\/?p=94538"},"modified":"2025-02-19T09:33:28","modified_gmt":"2025-02-19T15:33:28","slug":"el-indice-de-aprobacion-de-trump-cae-mientras-los-estadounidenses-se-preocupan-por-la-economia-reuters","status":"publish","type":"post","link":"https:\/\/losperiodistas.com.mx\/portal\/el-indice-de-aprobacion-de-trump-cae-mientras-los-estadounidenses-se-preocupan-por-la-economia-reuters\/","title":{"rendered":"El \u00edndice de aprobaci\u00f3n de Trump cae mientras los estadounidenses se preocupan por la econom\u00eda | Reuters"},"content":{"rendered":"\n<p class=\"has-medium-font-size\">La aprobaci\u00f3n del manejo de la econom\u00eda por parte de Trump ha disminuido. Su aprobaci\u00f3n de la inmigraci\u00f3n ha cambiado poco. La mayor\u00eda se opone a los nuevos aranceles; opiniones encontradas sobre los aranceles chinos<\/p>\n\n\n\n<figure class=\"wp-block-image size-large\"><img fetchpriority=\"high\" decoding=\"async\" width=\"1024\" height=\"577\" src=\"https:\/\/losperiodistas.com.mx\/portal\/wp-content\/uploads\/2025\/02\/Captura-de-pantalla-2025-02-19-a-las-9.27.17\u202fa.m-1024x577.png\" alt=\"\" class=\"wp-image-94539\" srcset=\"https:\/\/losperiodistas.com.mx\/portal\/wp-content\/uploads\/2025\/02\/Captura-de-pantalla-2025-02-19-a-las-9.27.17\u202fa.m-1024x577.png 1024w, https:\/\/losperiodistas.com.mx\/portal\/wp-content\/uploads\/2025\/02\/Captura-de-pantalla-2025-02-19-a-las-9.27.17\u202fa.m-300x169.png 300w, https:\/\/losperiodistas.com.mx\/portal\/wp-content\/uploads\/2025\/02\/Captura-de-pantalla-2025-02-19-a-las-9.27.17\u202fa.m-768x433.png 768w, https:\/\/losperiodistas.com.mx\/portal\/wp-content\/uploads\/2025\/02\/Captura-de-pantalla-2025-02-19-a-las-9.27.17\u202fa.m.png 1426w\" sizes=\"(max-width: 1024px) 100vw, 1024px\" \/><figcaption class=\"wp-element-caption\">Reuters<\/figcaption><\/figure>\n\n\n\n<p><\/p>\n\n\n\n<p class=\"has-vivid-red-color has-text-color has-link-color has-medium-font-size wp-elements-9f3211410be9c6f6afa2356356a77e73\"><strong>Por\u00a0<a href=\"https:\/\/www.reuters.com\/authors\/jason-lange\/\">Jason Lange<\/a> \/ Reuters<\/strong><\/p>\n\n\n\n<p>WASHINGTON, 19 feb (Reuters) &#8211; El \u00edndice de aprobaci\u00f3n\u00a0<a href=\"https:\/\/www.reuters.com\/topic\/person\/donald-trump\/\">del presidente estadounidense, Donald Trump,<\/a>\u00a0ha bajado ligeramente en los \u00faltimos d\u00edas debido a que m\u00e1s estadounidenses se preocupan por la direcci\u00f3n de la econom\u00eda estadounidense mientras el nuevo l\u00edder amenaza a una serie de pa\u00edses con aranceles, seg\u00fan\u00a0<a href=\"https:\/\/www.reuters.com\/data\/trumps-approval-rating-2025-01-21\/\">un sondeo de Reuters\/Ipsos<\/a>\u00a0.<\/p>\n\n\n\n<p>La encuesta, que se extendi\u00f3 durante seis d\u00edas y cerr\u00f3 el martes, mostr\u00f3 que el 44% de los encuestados aprueba la labor que\u00a0<a href=\"https:\/\/www.reuters.com\/data\/trumps-approval-rating-2025-01-21\/\">Trump<\/a>\u00a0est\u00e1 realizando como presidente, frente al 45% de una encuesta de Reuters\/Ipsos realizada entre el 24 y el 26 de enero. El \u00edndice de aprobaci\u00f3n de Trump se situ\u00f3 en el 47% en una encuesta realizada entre el 20 y el 21 de enero, horas despu\u00e9s del regreso del republicano a la Casa Blanca.<\/p>\n\n\n\n<p>La proporci\u00f3n de estadounidenses que desaprueba su presidencia ha aumentado m\u00e1s sustancialmente, al 51% en la \u00faltima encuesta, en comparaci\u00f3n con el 41% justo despu\u00e9s de asumir el cargo.<\/p>\n\n\n\n<figure class=\"wp-block-image\"><img decoding=\"async\" src=\"https:\/\/www.reuters.com\/graphics\/TRUMP-POLLS-AUTOMATED\/APPROVAL-20250218\/znpnjdjgrpl\/chart.png\" alt=\"Un gr\u00e1fico de l\u00edneas que muestra la aprobaci\u00f3n del trabajo del presidente de Estados Unidos.\"\/><figcaption class=\"wp-element-caption\">Un gr\u00e1fico de l\u00edneas que muestra la aprobaci\u00f3n del trabajo del presidente de Estados Unidos.<\/figcaption><\/figure>\n\n\n\n<p>Trump goza de un nivel relativamente alto de aprobaci\u00f3n en su pol\u00edtica migratoria: el 47% de los encuestados respalda su estrategia, que incluye promesas de aumentar las deportaciones de inmigrantes que se encuentran en el pa\u00eds ilegalmente. La proporci\u00f3n no vari\u00f3 mucho respecto de enero.Pero la proporci\u00f3n de estadounidenses que piensa que la econom\u00eda va por mal camino aument\u00f3 al 53% en la \u00faltima encuesta, frente al 43% en la encuesta del 24 al 26 de enero. La aprobaci\u00f3n p\u00fablica de la gesti\u00f3n econ\u00f3mica de Trump cay\u00f3 al 39%, frente al 43% en la encuesta anterior.<\/p>\n\n\n\n<p>Un pilar de la fortaleza pol\u00edtica de Trump ha sido la creencia p\u00fablica de que sus pol\u00edticas ser\u00e1n buenas para la econom\u00eda, y su calificaci\u00f3n en materia de econom\u00eda sigue siendo significativamente m\u00e1s alta que las lecturas finales de su predecesor en el cargo, el dem\u00f3crata Joe Biden, quien termin\u00f3 su mandato con un \u00edndice de aprobaci\u00f3n del 34% en materia de econom\u00eda. Pero la calificaci\u00f3n de Trump para la econom\u00eda est\u00e1 muy por debajo del 53% que obtuvo en la encuesta de Reuters\/Ipsos realizada en febrero de 2017, el primer mes completo de su primer mandato como presidente de Estados Unidos.<\/p>\n\n\n\n<figure class=\"wp-block-image\"><a href=\"https:\/\/www.reutersagency.com\/en\/licensereuterscontent\/?utm_medium=rcom-article-media&amp;utm_campaign=rcom-rcp-lead\" target=\"_blank\" rel=\"noreferrer noopener\"><img decoding=\"async\" src=\"https:\/\/www.reuters.com\/resizer\/v2\/RUEUBH63EBKF3MH5S7G6PEXR6Q.jpg?auth=3f73e21cc865b560cc669ab641dad68dd3fcbc6cde357d02a9af88bb2a3f3bd4&amp;width=8192&amp;quality=80\" alt=\"El presidente de Estados Unidos, Trump, firma una orden ejecutiva en la Oficina Oval, en la Casa Blanca\"\/><\/a><\/figure>\n\n\n\n<figure class=\"wp-block-image\"><img decoding=\"async\" src=\"https:\/\/www.reuters.com\/graphics\/TRUMP-POLLS-AUTOMATED\/ECONOMY-20250218\/zjvqaqalovx\/chart.png\" alt=\"Un gr\u00e1fico de l\u00edneas que muestra la aprobaci\u00f3n del trabajo del presidente de Estados Unidos.\"\/><figcaption class=\"wp-element-caption\">Un gr\u00e1fico de l\u00edneas que muestra la aprobaci\u00f3n del trabajo del presidente de Estados Unidos.<\/figcaption><\/figure>\n\n\n\n<p>En la \u00faltima encuesta, solo el 32% de los encuestados aprob\u00f3 la actuaci\u00f3n de Trump en materia de inflaci\u00f3n, una posible se\u00f1al temprana de decepci\u00f3n por el desempe\u00f1o del republicano en un tema econ\u00f3mico central despu\u00e9s de que varios a\u00f1os de aumento de precios debilitaran a Biden antes de las elecciones presidenciales del a\u00f1o pasado. Trump derrot\u00f3 a la vicepresidenta de Biden, Kamala Harris, en el Colegio Electoral y gan\u00f3 por un estrecho margen el voto popular.<\/p>\n\n\n\n<p>Un informe reciente del Departamento de Trabajo de Estados Unidos\u00a0<a href=\"https:\/\/www.reuters.com\/markets\/us\/us-consumer-prices-increase-more-than-expected-january-2025-02-12\/\">mostr\u00f3 que<\/a>\u00a0los precios al consumidor aumentaron en enero a su nivel m\u00e1s alto en casi un a\u00f1o y medio, y que los estadounidenses enfrentan mayores costos por una variedad de bienes y servicios. Otros datos econ\u00f3micos han\u00a0<a href=\"https:\/\/www.reuters.com\/markets\/us\/us-consumer-sentiment-drops-inflation-expectations-surge-2025-02-07\/\">mostrado<\/a>\u00a0que los hogares estadounidenses esperan que la inflaci\u00f3n repunte tras los anuncios de Trump del 1 de febrero sobre aranceles elevados a las importaciones de China, M\u00e9xico y Canad\u00e1.Si bien los grav\u00e1menes a M\u00e9xico y Canad\u00e1 se retrasaron hasta marzo, Trump ha fijado el 12 de marzo como fecha de inicio para otros aranceles al acero y aluminio importados y ha ordenado a su personal que dise\u00f1e aranceles rec\u00edprocos globales.<\/p>\n\n\n\n<h2 class=\"wp-block-heading\" id=\"relatedcontent-0\">Siguiendo a Trump 2.0<\/h2>\n\n\n\n<ul class=\"wp-block-list\">\n<li><a href=\"https:\/\/www.reuters.com\/data\/trumps-approval-rating-2025-01-21\/\">Encuestas de aprobaci\u00f3n presidencial<\/a><a href=\"https:\/\/www.reuters.com\/data\/trumps-approval-rating-2025-01-21\/\"><\/a><a href=\"https:\/\/www.reuters.com\/data\/trumps-approval-rating-2025-01-21\/\"><\/a><\/li>\n\n\n\n<li><a href=\"https:\/\/www.reuters.com\/data\/tracking-trumps-economy-2025-01-27\/\">El estado de la econom\u00eda de Trump<\/a><a href=\"https:\/\/www.reuters.com\/data\/tracking-trumps-economy-2025-01-27\/\"><\/a><a href=\"https:\/\/www.reuters.com\/data\/tracking-trumps-economy-2025-01-27\/\"><\/a><\/li>\n<\/ul>\n\n\n\n<p>El 54% de los encuestados en la \u00faltima encuesta de Reuters\/Ipsos dijo que se opon\u00eda a la imposici\u00f3n de nuevos aranceles a los bienes importados de otros pa\u00edses, mientras que el 41% estaba a favor. El aumento de los aranceles a los productos chinos obtuvo niveles m\u00e1s altos de apoyo: el 49% estaba a favor y el 47% en contra.<\/p>\n\n\n\n<p><a href=\"https:\/\/www.reuters.com\/data\/trumps-approval-rating-2025-01-21\/\">La encuesta de Reuters\/Ipsos<\/a>&nbsp;, que se realiz\u00f3 en l\u00ednea, encuest\u00f3 a 4.145 adultos estadounidenses en todo el pa\u00eds y tuvo un margen de error de alrededor de 2 puntos porcentuales en cualquier direcci\u00f3n.<\/p>\n\n\n\n<p>Reporte de Jason Lange; editado por Scott Malone y Deepa Babington<\/p>\n\n\n\n<p>Fuente: <a href=\"https:\/\/www.reuters.com\/world\/us\/trumps-approval-rating-slips-americans-worry-about-economy-2025-02-19\/\">https:\/\/www.reuters.com\/world\/us\/trumps-approval-rating-slips-americans-worry-about-economy-2025-02-19\/<\/a><\/p>\n","protected":false},"excerpt":{"rendered":"<p>La aprobaci\u00f3n del manejo de la econom\u00eda por parte de Trump ha disminuido. Su aprobaci\u00f3n de la inmigraci\u00f3n ha cambiado [&hellip;]<\/p>\n","protected":false},"author":1,"featured_media":94539,"comment_status":"open","ping_status":"open","sticky":false,"template":"","format":"standard","meta":{"site-sidebar-layout":"default","site-content-layout":"","ast-site-content-layout":"default","site-content-style":"default","site-sidebar-style":"default","ast-global-header-display":"","ast-banner-title-visibility":"","ast-main-header-display":"","ast-hfb-above-header-display":"","ast-hfb-below-header-display":"","ast-hfb-mobile-header-display":"","site-post-title":"","ast-breadcrumbs-content":"","ast-featured-img":"","footer-sml-layout":"","theme-transparent-header-meta":"","adv-header-id-meta":"","stick-header-meta":"","header-above-stick-meta":"","header-main-stick-meta":"","header-below-stick-meta":"","astra-migrate-meta-layouts":"default","ast-page-background-enabled":"default","ast-page-background-meta":{"desktop":{"background-color":"var(--ast-global-color-4)","background-image":"","background-repeat":"repeat","background-position":"center center","background-size":"auto","background-attachment":"scroll","background-type":"","background-media":"","overlay-type":"","overlay-color":"","overlay-opacity":"","overlay-gradient":""},"tablet":{"background-color":"","background-image":"","background-repeat":"repeat","background-position":"center center","background-size":"auto","background-attachment":"scroll","background-type":"","background-media":"","overlay-type":"","overlay-color":"","overlay-opacity":"","overlay-gradient":""},"mobile":{"background-color":"","background-image":"","background-repeat":"repeat","background-position":"center center","background-size":"auto","background-attachment":"scroll","background-type":"","background-media":"","overlay-type":"","overlay-color":"","overlay-opacity":"","overlay-gradient":""}},"ast-content-background-meta":{"desktop":{"background-color":"var(--ast-global-color-5)","background-image":"","background-repeat":"repeat","background-position":"center center","background-size":"auto","background-attachment":"scroll","background-type":"","background-media":"","overlay-type":"","overlay-color":"","overlay-opacity":"","overlay-gradient":""},"tablet":{"background-color":"var(--ast-global-color-5)","background-image":"","background-repeat":"repeat","background-position":"center center","background-size":"auto","background-attachment":"scroll","background-type":"","background-media":"","overlay-type":"","overlay-color":"","overlay-opacity":"","overlay-gradient":""},"mobile":{"background-color":"var(--ast-global-color-5)","background-image":"","background-repeat":"repeat","background-position":"center center","background-size":"auto","background-attachment":"scroll","background-type":"","background-media":"","overlay-type":"","overlay-color":"","overlay-opacity":"","overlay-gradient":""}},"footnotes":""},"categories":[8],"tags":[35930,35931,29403,35932],"class_list":["post-94538","post","type-post","status-publish","format-standard","has-post-thumbnail","hentry","category-noticias","tag-aprobacion-trump-a-la-baja","tag-econmia-eu-preocupante","tag-encuesta-reuters-ipsos","tag-oposicion-a-nuevos-aranceles"],"_links":{"self":[{"href":"https:\/\/losperiodistas.com.mx\/portal\/wp-json\/wp\/v2\/posts\/94538","targetHints":{"allow":["GET"]}}],"collection":[{"href":"https:\/\/losperiodistas.com.mx\/portal\/wp-json\/wp\/v2\/posts"}],"about":[{"href":"https:\/\/losperiodistas.com.mx\/portal\/wp-json\/wp\/v2\/types\/post"}],"author":[{"embeddable":true,"href":"https:\/\/losperiodistas.com.mx\/portal\/wp-json\/wp\/v2\/users\/1"}],"replies":[{"embeddable":true,"href":"https:\/\/losperiodistas.com.mx\/portal\/wp-json\/wp\/v2\/comments?post=94538"}],"version-history":[{"count":1,"href":"https:\/\/losperiodistas.com.mx\/portal\/wp-json\/wp\/v2\/posts\/94538\/revisions"}],"predecessor-version":[{"id":94540,"href":"https:\/\/losperiodistas.com.mx\/portal\/wp-json\/wp\/v2\/posts\/94538\/revisions\/94540"}],"wp:featuredmedia":[{"embeddable":true,"href":"https:\/\/losperiodistas.com.mx\/portal\/wp-json\/wp\/v2\/media\/94539"}],"wp:attachment":[{"href":"https:\/\/losperiodistas.com.mx\/portal\/wp-json\/wp\/v2\/media?parent=94538"}],"wp:term":[{"taxonomy":"category","embeddable":true,"href":"https:\/\/losperiodistas.com.mx\/portal\/wp-json\/wp\/v2\/categories?post=94538"},{"taxonomy":"post_tag","embeddable":true,"href":"https:\/\/losperiodistas.com.mx\/portal\/wp-json\/wp\/v2\/tags?post=94538"}],"curies":[{"name":"wp","href":"https:\/\/api.w.org\/{rel}","templated":true}]}}