{"id":94535,"date":"2025-02-19T08:45:00","date_gmt":"2025-02-19T14:45:00","guid":{"rendered":"https:\/\/losperiodistas.com.mx\/portal\/?p=94535"},"modified":"2025-02-19T09:20:24","modified_gmt":"2025-02-19T15:20:24","slug":"claudia-sheinbaum-confirmo-que-vuelos-de-la-cia-son-legales-son-actividades-de-colaboracion-que-existe-desde-hace-anos-infobae","status":"publish","type":"post","link":"https:\/\/losperiodistas.com.mx\/portal\/claudia-sheinbaum-confirmo-que-vuelos-de-la-cia-son-legales-son-actividades-de-colaboracion-que-existe-desde-hace-anos-infobae\/","title":{"rendered":"Claudia Sheinbaum confirm\u00f3 que vuelos de la CIA son legales: son actividades de colaboraci\u00f3n que existe desde hace a\u00f1os | Infobae"},"content":{"rendered":"\n<h2 class=\"wp-block-heading\">La titular del Ejecutivo declar\u00f3, una vez m\u00e1s, que hay colaboraci\u00f3n con EEUU, pero en el marco de la defensa de la soberan\u00eda<\/h2>\n\n\n\n<p><img fetchpriority=\"high\" decoding=\"async\" height=\"1080\" width=\"1920\" src=\"https:\/\/www.infobae.com\/resizer\/v2\/BXZGGDQIKVFMHH5KIUXDGVG7NE.jpg?auth=21394acb9f3426dc5b99d71ab916bcffe5f366070329bfd60299275ea8fd0d45&amp;smart=true&amp;width=350&amp;height=197&amp;quality=85\" alt=\"(Infobae M\u00e9xico | Jovani P\u00e9rez)\">(Infobae M\u00e9xico | Jovani P\u00e9rez)<\/p>\n\n\n\n<p class=\"has-vivid-red-color has-text-color has-link-color has-medium-font-size wp-elements-6c87eb44c579acd9eaa268bddad78a1f\"><strong>Redacci\u00f3n Infobae M\u00e9xico<\/strong><\/p>\n\n\n\n<p>Este mi\u00e9rcoles, la presidenta&nbsp;<strong>Claudia Sheinbaum Pardo<\/strong>&nbsp;puso fin a la pol\u00e9mica sobre los sobrevuelos de&nbsp;<a rel=\"noreferrer noopener\" href=\"https:\/\/www.infobae.com\/mexico\/2025\/02\/19\/senado-pide-al-ejercito-informacion-sobrevuelos-de-drones-de-eeuu-en-espacio-aereo-mexicano-es-un-tema-delicado\/\" target=\"_blank\"><strong>drones&nbsp;<\/strong><\/a>de&nbsp;<strong>Estados Unidos&nbsp;<\/strong>en espacio a\u00e9reo mexicano e indic\u00f3 que se trata una&nbsp;<strong>colaboraci\u00f3n&nbsp;<\/strong>entre ambos pa\u00edses.&nbsp;<strong>\u201cNo hay nada ilegal\u201d<\/strong>, asegur\u00f3.<\/p>\n\n\n\n<p><a href=\"https:\/\/www.infobae.com\/mexico\/2025\/02\/19\/la-mananera-de-claudia-sheinbaum-hoy-19-de-febrero-en-vivo\/\" target=\"_blank\" rel=\"noreferrer noopener\"><\/a><\/p>\n\n\n\n<figure class=\"wp-block-image\"><a href=\"https:\/\/www.infobae.com\/mexico\/2025\/02\/19\/la-mananera-de-claudia-sheinbaum-hoy-19-de-febrero-en-vivo\/\" target=\"_blank\" rel=\"noreferrer noopener\"><img decoding=\"async\" src=\"https:\/\/www.infobae.com\/resizer\/v2\/MYM5Y3TG5ZC5LYYBJG2FJEBGVU.jpg?auth=e2d971ba931a8ecc789fa619ca5bed7a76d31307a30967124c3db6c4fd831d0a&amp;smart=true&amp;width=256&amp;height=140&amp;quality=85\" alt=\"La Ma\u00f1anera de hoy 19 de febrero | No tengo miedo de Trump, hay un pueblo que me respalda, no permitiremos que se vulnere la soberan\u00eda: Sheinbaum\"\/><\/a><\/figure>\n\n\n\n<p><a href=\"https:\/\/www.infobae.com\/mexico\/2025\/02\/19\/la-mananera-de-claudia-sheinbaum-hoy-19-de-febrero-en-vivo\/\" target=\"_blank\" rel=\"noreferrer noopener\">Te puede interesar:<strong>La Ma\u00f1anera de hoy 19 de febrero | No tengo miedo de Trump, hay un pueblo que me respalda, no permitiremos que se vulnere la soberan\u00eda: Sheinbaum<\/strong><\/a><a href=\"https:\/\/www.infobae.com\/mexico\/2025\/02\/19\/la-mananera-de-claudia-sheinbaum-hoy-19-de-febrero-en-vivo\/\" target=\"_blank\" rel=\"noreferrer noopener\"><\/a><\/p>\n\n\n\n<p>Fue en la conferencia de prensa matutina de este&nbsp;<strong>19 de febrero<\/strong>, donde la titular del Ejecutivo se\u00f1al\u00f3 al&nbsp;<strong>The New York Times (NYT)&nbsp;<\/strong>de querer debilitar su administraci\u00f3n al filtrar informaci\u00f3n sobre las&nbsp;<strong>acciones de vigilancia&nbsp;<\/strong>del gobierno estadounidense en M\u00e9xico.<\/p>\n\n\n\n<p>\u201cSobre estos vuelos de drones que, por cierto, hay que decirlo, viene de una nota de NYT que despu\u00e9s recupera CNN y otras agencias internacionales.&nbsp;<strong>En primer lugar, no hay nada ilegal, lo que hay es una colaboraci\u00f3n y una cooperaci\u00f3n<\/strong>, que tiene much\u00edsimos a\u00f1os, no es de ahora\u201d, declar\u00f3.<\/p>\n\n\n\n<p><a href=\"https:\/\/www.infobae.com\/mexico\/2025\/02\/18\/claudia-sheinbaum-confirma-conclusion-de-busqueda-en-mina-el-pinabete-ya-fueron-entregados-los-ultimos-restos\/\" target=\"_blank\" rel=\"noreferrer noopener\"><\/a><\/p>\n\n\n\n<figure class=\"wp-block-image\"><a href=\"https:\/\/www.infobae.com\/mexico\/2025\/02\/18\/claudia-sheinbaum-confirma-conclusion-de-busqueda-en-mina-el-pinabete-ya-fueron-entregados-los-ultimos-restos\/\" target=\"_blank\" rel=\"noreferrer noopener\"><img decoding=\"async\" src=\"https:\/\/www.infobae.com\/resizer\/v2\/MQLZPCJSRBBD5CSZ2RXQF3LW4I.jpg?auth=9adea236a0f29d24db811a611b8069c1e9629c66be7ecc46d591d36b4beea2df&amp;smart=true&amp;width=256&amp;height=140&amp;quality=85\" alt=\"Claudia Sheinbaum confirma conclusi\u00f3n de b\u00fasqueda en mina El Pinabete: \u201cYa fueron entregados los \u00faltimos restos\u201d\"\/><\/a><\/figure>\n\n\n\n<p><a href=\"https:\/\/www.infobae.com\/mexico\/2025\/02\/18\/claudia-sheinbaum-confirma-conclusion-de-busqueda-en-mina-el-pinabete-ya-fueron-entregados-los-ultimos-restos\/\" target=\"_blank\" rel=\"noreferrer noopener\">Te puede interesar:<strong>Claudia Sheinbaum confirma conclusi\u00f3n de b\u00fasqueda en mina El Pinabete: \u201cYa fueron entregados los \u00faltimos restos\u201d<\/strong><\/a><a href=\"https:\/\/www.infobae.com\/mexico\/2025\/02\/18\/claudia-sheinbaum-confirma-conclusion-de-busqueda-en-mina-el-pinabete-ya-fueron-entregados-los-ultimos-restos\/\" target=\"_blank\" rel=\"noreferrer noopener\"><\/a><\/p>\n\n\n\n<p>En esa l\u00ednea, Sheinbaum explic\u00f3 que se tratan de vuelos coordinados de M\u00e9xico y EEUU que se han realizado&nbsp;<strong>desde \u201chace muchos a\u00f1os\u201d.<\/strong><\/p>\n\n\n\n<p>\u201cTodas veces&nbsp;<strong>es bajo petici\u00f3n del gobierno de M\u00e9xico&nbsp;<\/strong>(&#8230;) para poder atender condiciones de seguridad, en el marco de los cuatro principios de la colaboraci\u00f3n, donde un elemento principal es el&nbsp;<strong>respeto a nuestra soberan\u00eda<\/strong>. La pregunta es \u00bfpor qu\u00e9 sale la nota en NYT?, \u00bfQui\u00e9n le da esa nota?&nbsp;<strong>\u00bfQu\u00e9 quieren promover?&nbsp;<\/strong>Como diciendo:&nbsp;<em>Es que la presidenta de M\u00e9xico es d\u00e9bil, tuvo que ceder ante el espionaje<\/em>&nbsp;<em>de EEUU<\/em>, cuando en realidad es un protocolo de colaboraci\u00f3n\u201d, agreg\u00f3.<\/p>\n\n\n\n<p><a href=\"https:\/\/www.infobae.com\/mexico\/2025\/02\/18\/claudia-sheinbaum-anuncia-inversiones-por-2-mil-millones-de-dolares-en-mexico-tras-su-encuentro-con-ana-botin\/\" target=\"_blank\" rel=\"noreferrer noopener\"><\/a><\/p>\n\n\n\n<figure class=\"wp-block-image\"><a href=\"https:\/\/www.infobae.com\/mexico\/2025\/02\/18\/claudia-sheinbaum-anuncia-inversiones-por-2-mil-millones-de-dolares-en-mexico-tras-su-encuentro-con-ana-botin\/\" target=\"_blank\" rel=\"noreferrer noopener\"><img decoding=\"async\" src=\"https:\/\/www.infobae.com\/resizer\/v2\/VMYQE5TLMZHVXGBDYFY5GCWAGA.jpg?auth=1442ebf5cce2d85d33b2b925e30393db98553cadc31032b4004913b62eb91189&amp;smart=true&amp;width=258&amp;height=140&amp;quality=85\" alt=\"Claudia Sheinbaum anuncia inversiones por 2 mil millones de d\u00f3lares en M\u00e9xico tras su encuentro con Ana Bot\u00edn\"\/><\/a><\/figure>\n\n\n\n<p><a href=\"https:\/\/www.infobae.com\/mexico\/2025\/02\/18\/claudia-sheinbaum-anuncia-inversiones-por-2-mil-millones-de-dolares-en-mexico-tras-su-encuentro-con-ana-botin\/\" target=\"_blank\" rel=\"noreferrer noopener\">Te puede interesar:<strong>Claudia Sheinbaum anuncia inversiones por 2 mil millones de d\u00f3lares en M\u00e9xico tras su encuentro con Ana Bot\u00edn<\/strong><\/a><a href=\"https:\/\/www.infobae.com\/mexico\/2025\/02\/18\/claudia-sheinbaum-anuncia-inversiones-por-2-mil-millones-de-dolares-en-mexico-tras-su-encuentro-con-ana-botin\/\" target=\"_blank\" rel=\"noreferrer noopener\"><\/a><img decoding=\"async\" alt=\"FOTO DE ARCHIVO. La presidenta\" height=\"533\" src=\"https:\/\/www.infobae.com\/resizer\/v2\/MYM5Y3TG5ZC5LYYBJG2FJEBGVU.jpg?auth=e2d971ba931a8ecc789fa619ca5bed7a76d31307a30967124c3db6c4fd831d0a&amp;smart=true&amp;width=350&amp;height=233&amp;quality=85\" width=\"800\">FOTO DE ARCHIVO. La presidenta de M\u00e9xico, Claudia Sheinbaum, ofrece una conferencia de prensa en Ciudad de M\u00e9xico. (REUTERS\/Raquel Cunha)<\/p>\n\n\n\n<h2 class=\"wp-block-heading\">\u201cAqu\u00ed no hay divorcio\u201d<\/h2>\n\n\n\n<p>Tras aclarar la reciente informaci\u00f3n difundida por NYT y CNN, la mandataria federal advirti\u00f3 que la soberan\u00eda nunca ser\u00e1 negociable.<\/p>\n\n\n\n<p>\u201cNo nos van a debilitar,&nbsp;<strong>no hay absolutamente nada que ocultar.&nbsp;<\/strong>Quieren vulnerarlos como si nosotros estuvi\u00e9ramos negociando la soberan\u00eda nacional.&nbsp;<strong>Jam\u00e1s&nbsp;<\/strong>y no nos van a vulnerar porque el pueblo de M\u00e9xico y el gobierno es uno solo,&nbsp;<strong>aqu\u00ed no hay divorcio\u201d<\/strong>, extern\u00f3.<\/p>\n\n\n\n<p>\u201c<strong>Hay tantas amenazas de (Donald) Trump<\/strong>, (&#8230;) \u00bft\u00fa no tienes miedo?\u201d, se le cuestion\u00f3.<\/p>\n\n\n\n<p>\u201cNo,<strong>&nbsp;tengo un pueblo que me respalda<\/strong>. Cuando uno tiene la certeza y la convicci\u00f3n y sabe cu\u00e1les son sus principios, \u00bfpor qu\u00e9 uno va a tener miedo? El presidente Trump tiene su manera de expresarse. Hay en este momento di\u00e1logo y nosotros no vamos a permitir nunca que se vulnera la soberan\u00eda\u201d, afirm\u00f3.<\/p>\n\n\n\n<p>Por otra parte, Sheinbaum aclar\u00f3 que, si en alg\u00fan momento EEUU solicita realizar acciones extraterritoriales, esas no ser\u00e1n aceptadas.<\/p>\n\n\n\n<p>\u201cNosotros creemos que es bueno avanzar en investigaciones conjuntas, por ejemplo, de<strong>&nbsp;lavado de dinero<\/strong>, que son muy importantes porque la droga se vende en EEUU. Lo que nosotros no aceptamos es la violaci\u00f3n a nuestra soberan\u00eda\u201d, reiter\u00f3.<\/p>\n\n\n\n<h2 class=\"wp-block-heading\">\u00bfQu\u00e9 se sabe sobre los sobrevuelos de drones de EEUU en M\u00e9xico?<\/h2>\n\n\n\n<p>De acuerdo con medios estadounidenses como The New York Times (NYT) y CNN, la&nbsp;<strong>Agencia Central de Inteligencia (CIA<\/strong>, por sus siglas en ingl\u00e9s) realiza vuelos de drones para vigilar a los c\u00e1rteles de drogas dentro de territorio mexicano.<\/p>\n\n\n\n<p>Pese a que&nbsp;<strong>no es un programa nuevo<\/strong>, NYT se\u00f1ala que bajo el nuevo mandato del presidente Donald Trump estos vuelos han&nbsp;<strong>aumentado como una especie de \u201cpaso inicial\u201d<\/strong>&nbsp;para llevar a cabo su plan contra las organizaciones criminales de M\u00e9xico.<\/p>\n\n\n\n<p>Funcionarios, tanto actuales como anteriores, familiarizados con el asunto explicaron a la CNN que los drones que se utilizan son los del&nbsp;<strong>modelo MQ-9&nbsp;<\/strong>y que<strong>&nbsp;no est\u00e1n armados<\/strong>, aunque podr\u00edan equiparse con cargas.<img decoding=\"async\" alt=\"Foto de archivo. Un dron\" height=\"1080\" src=\"https:\/\/www.infobae.com\/resizer\/v2\/ALU4MWZSHND3ZJA5LBTB23ZL4U.jpg?auth=fb3885fd36f5a0a78148fd509197a84e0756d8fdf1d679b865b1d848bb322edf&amp;smart=true&amp;width=350&amp;height=197&amp;quality=85\" width=\"1920\">Foto de archivo. Un dron MQ-9 Reaper de la Fuerza A\u00e9rea de EEUU. (REUTERS\/Janis Laizans)<\/p>\n\n\n\n<p>Fuente: <a href=\"https:\/\/www.infobae.com\/mexico\/2025\/02\/19\/claudia-sheinbaum-niega-que-vuelos-de-la-cia-sean-ilegales-y-tener-miedo-de-trump-tengo-un-pueblo-que-me-respalda\/\">https:\/\/www.infobae.com\/mexico\/2025\/02\/19\/claudia-sheinbaum-niega-que-vuelos-de-la-cia-sean-ilegales-y-tener-miedo-de-trump-tengo-un-pueblo-que-me-respalda\/<\/a><\/p>\n","protected":false},"excerpt":{"rendered":"<p>La titular del Ejecutivo declar\u00f3, una vez m\u00e1s, que hay colaboraci\u00f3n con EEUU, pero en el marco de la defensa [&hellip;]<\/p>\n","protected":false},"author":1,"featured_media":94536,"comment_status":"open","ping_status":"open","sticky":false,"template":"","format":"standard","meta":{"site-sidebar-layout":"default","site-content-layout":"","ast-site-content-layout":"default","site-content-style":"default","site-sidebar-style":"default","ast-global-header-display":"","ast-banner-title-visibility":"","ast-main-header-display":"","ast-hfb-above-header-display":"","ast-hfb-below-header-display":"","ast-hfb-mobile-header-display":"","site-post-title":"","ast-breadcrumbs-content":"","ast-featured-img":"","footer-sml-layout":"","theme-transparent-header-meta":"","adv-header-id-meta":"","stick-header-meta":"","header-above-stick-meta":"","header-main-stick-meta":"","header-below-stick-meta":"","astra-migrate-meta-layouts":"default","ast-page-background-enabled":"default","ast-page-background-meta":{"desktop":{"background-color":"var(--ast-global-color-4)","background-image":"","background-repeat":"repeat","background-position":"center center","background-size":"auto","background-attachment":"scroll","background-type":"","background-media":"","overlay-type":"","overlay-color":"","overlay-opacity":"","overlay-gradient":""},"tablet":{"background-color":"","background-image":"","background-repeat":"repeat","background-position":"center center","background-size":"auto","background-attachment":"scroll","background-type":"","background-media":"","overlay-type":"","overlay-color":"","overlay-opacity":"","overlay-gradient":""},"mobile":{"background-color":"","background-image":"","background-repeat":"repeat","background-position":"center center","background-size":"auto","background-attachment":"scroll","background-type":"","background-media":"","overlay-type":"","overlay-color":"","overlay-opacity":"","overlay-gradient":""}},"ast-content-background-meta":{"desktop":{"background-color":"var(--ast-global-color-5)","background-image":"","background-repeat":"repeat","background-position":"center center","background-size":"auto","background-attachment":"scroll","background-type":"","background-media":"","overlay-type":"","overlay-color":"","overlay-opacity":"","overlay-gradient":""},"tablet":{"background-color":"var(--ast-global-color-5)","background-image":"","background-repeat":"repeat","background-position":"center center","background-size":"auto","background-attachment":"scroll","background-type":"","background-media":"","overlay-type":"","overlay-color":"","overlay-opacity":"","overlay-gradient":""},"mobile":{"background-color":"var(--ast-global-color-5)","background-image":"","background-repeat":"repeat","background-position":"center center","background-size":"auto","background-attachment":"scroll","background-type":"","background-media":"","overlay-type":"","overlay-color":"","overlay-opacity":"","overlay-gradient":""}},"footnotes":""},"categories":[8],"tags":[35927,35928,35929],"class_list":["post-94535","post","type-post","status-publish","format-standard","has-post-thumbnail","hentry","category-noticias","tag-drones-cia","tag-mexico-colaboracion-eeuu","tag-vigilancia-narcotrafico"],"_links":{"self":[{"href":"https:\/\/losperiodistas.com.mx\/portal\/wp-json\/wp\/v2\/posts\/94535","targetHints":{"allow":["GET"]}}],"collection":[{"href":"https:\/\/losperiodistas.com.mx\/portal\/wp-json\/wp\/v2\/posts"}],"about":[{"href":"https:\/\/losperiodistas.com.mx\/portal\/wp-json\/wp\/v2\/types\/post"}],"author":[{"embeddable":true,"href":"https:\/\/losperiodistas.com.mx\/portal\/wp-json\/wp\/v2\/users\/1"}],"replies":[{"embeddable":true,"href":"https:\/\/losperiodistas.com.mx\/portal\/wp-json\/wp\/v2\/comments?post=94535"}],"version-history":[{"count":1,"href":"https:\/\/losperiodistas.com.mx\/portal\/wp-json\/wp\/v2\/posts\/94535\/revisions"}],"predecessor-version":[{"id":94537,"href":"https:\/\/losperiodistas.com.mx\/portal\/wp-json\/wp\/v2\/posts\/94535\/revisions\/94537"}],"wp:featuredmedia":[{"embeddable":true,"href":"https:\/\/losperiodistas.com.mx\/portal\/wp-json\/wp\/v2\/media\/94536"}],"wp:attachment":[{"href":"https:\/\/losperiodistas.com.mx\/portal\/wp-json\/wp\/v2\/media?parent=94535"}],"wp:term":[{"taxonomy":"category","embeddable":true,"href":"https:\/\/losperiodistas.com.mx\/portal\/wp-json\/wp\/v2\/categories?post=94535"},{"taxonomy":"post_tag","embeddable":true,"href":"https:\/\/losperiodistas.com.mx\/portal\/wp-json\/wp\/v2\/tags?post=94535"}],"curies":[{"name":"wp","href":"https:\/\/api.w.org\/{rel}","templated":true}]}}