{"id":941,"date":"2020-11-06T12:08:25","date_gmt":"2020-11-06T18:08:25","guid":{"rendered":"http:\/\/losperiodistas.com.mx\/portal\/?p=941"},"modified":"2020-11-06T12:08:25","modified_gmt":"2020-11-06T18:08:25","slug":"lashana-lynch-confirma-que-sera-la-nueva-agente-007","status":"publish","type":"post","link":"https:\/\/losperiodistas.com.mx\/portal\/lashana-lynch-confirma-que-sera-la-nueva-agente-007\/","title":{"rendered":"Lashana Lynch confirma que ser\u00e1 la nueva agente 007"},"content":{"rendered":"\n<p style=\"font-size:18px\"><em>\u00abSoy una mujer negra. Soy parte de algo que ser\u00e1 muy, muy revolucionario\u00bb, dice la actriz<\/em><\/p>\n\n\n\n<p class=\"has-vivid-cyan-blue-color has-text-color has-medium-font-size\">LIBERTAD DIGITAL<\/p>\n\n\n\n<p><strong>Lashana Lynch<\/strong>&nbsp;ser\u00e1 la nueva agente 007. La actriz har\u00e1 historia como la primera mujer que asume el rol en<strong>&nbsp;la saga James Bond<\/strong>. Tras meses de especulaciones, la propia actriz ha sido la encargada de confirmar que en&nbsp;<em>Sin tiempo para morir<\/em>&nbsp;su personaje, Nomi, es la agente que adopta el c\u00f3digo 007 dentro de los servicios secretos brit\u00e1nicos despu\u00e9s de que James Bond se retire.<\/p>\n\n\n\n<p>\u00ab<strong>Soy una mujer negra<\/strong>, si fuera otra mujer negra elegida para el papel, habr\u00eda sido la misma conversaci\u00f3n, habr\u00eda sufrido los mismos ataques, el mismo abuso. Solo tengo que recordarme a m\u00ed misma que el debate est\u00e1 abierto y que soy parte de algo que ser\u00e1 muy, muy revolucionario\u00bb, declar\u00f3 en una entrevista concedida a&nbsp;<em>Harper&#8217;s Bazaar.<\/em><\/p>\n\n\n\n<p><em>Sin tiempo para morir<\/em>&nbsp;tendr\u00e1 lugar varios a\u00f1os despu\u00e9s de los eventos de<a href=\"http:\/\/m.libertaddigital.com\/esradio\/es-la-tarde-de-dieter\/cine-con-arconada-spectre-94007.html\"><strong><em>&nbsp;Spectre<\/em><\/strong><\/a>. Bond sale de su retiro para frenar a un villano llamado Safin, interpretado por&nbsp;<strong>Rami Malek<\/strong>. Y ya se ha podido ver algo de interacci\u00f3n entre la nueva 007, Nomi el personaje de Lynch, y el Bond de Daniel Craig. Tal como han desvelado las im\u00e1genes, la relaci\u00f3n entre el viejo 007 y la nueva 007 ser\u00e1 de competitividad.<\/p>\n\n\n\n<p>\u00abNo quer\u00eda desperdiciar una oportunidad cuando se trataba de lo que Nomi podr\u00eda representar. Busqu\u00e9 al menos un momento en el guion en el que&nbsp;<strong>los miembros de la audiencia negra asintieran con la cabeza,<\/strong>&nbsp;burl\u00e1ndose de la realidad pero contentos de ver representada su vida real. En cada proyecto del que formo parte, sin importar el presupuesto o el g\u00e9nero, la experiencia negra que represento debe ser 100% aut\u00e9ntica\u00bb, asegur\u00f3 la int\u00e9rprete.<\/p>\n\n\n\n<h3 class=\"wp-block-heading\">El adi\u00f3s de Daniel Craig<\/h3>\n\n\n\n<p>Dirigida por Cary Fukunaga,&nbsp;<em>Sin tiempo para morir<\/em>&nbsp;tambi\u00e9n cuenta en su reparto con Ralph Fiennes, Naomie Harris, Ben Whishaw, Jeffrey Wright, L\u00e9a Seydoux y&nbsp;<strong><a href=\"https:\/\/www.libertaddigital.com\/personajes\/ana-de-armas\/\">Ana de Armas<\/a><\/strong>. El largometraje llegar\u00e1 a los cines en abril de 2021.<\/p>\n\n\n\n<p>Esta ser\u00e1 la<a href=\"https:\/\/www.libertaddigital.com\/cultura\/cine\/2017-08-16\/daniel-craig-confirma-que-volvera-a-interpretar-a-james-bond-1276604390\/\">\u00a0<strong>\u00faltima pel\u00edcula de Daniel Craig como James Bond<\/strong><\/a>. Habr\u00e1 que ver si, de cara a las pr\u00f3ximas entregas, los responsables de la saga contin\u00faan con Nomi, la nueva agente 007, como protagonista, o se decantan por fichar a un sustituto para Craig y poner un James Bond con nuevo rostro al frente de la franquicia.<\/p>\n\n\n\n<p>Fuente: https:\/\/www.libertaddigital.com\/cultura\/cine\/2020-11-06\/lashana-lynch-agente-007-james-bond-sin-tiempo-para-morir-6678250\/<\/p>\n","protected":false},"excerpt":{"rendered":"<p>\u00abSoy una mujer negra. Soy parte de algo que ser\u00e1 muy, muy revolucionario\u00bb, dice la actriz LIBERTAD DIGITAL Lashana Lynch&nbsp;ser\u00e1 [&hellip;]<\/p>\n","protected":false},"author":1,"featured_media":942,"comment_status":"open","ping_status":"open","sticky":false,"template":"","format":"standard","meta":{"site-sidebar-layout":"default","site-content-layout":"","ast-site-content-layout":"default","site-content-style":"default","site-sidebar-style":"default","ast-global-header-display":"","ast-banner-title-visibility":"","ast-main-header-display":"","ast-hfb-above-header-display":"","ast-hfb-below-header-display":"","ast-hfb-mobile-header-display":"","site-post-title":"","ast-breadcrumbs-content":"","ast-featured-img":"","footer-sml-layout":"","theme-transparent-header-meta":"","adv-header-id-meta":"","stick-header-meta":"","header-above-stick-meta":"","header-main-stick-meta":"","header-below-stick-meta":"","astra-migrate-meta-layouts":"default","ast-page-background-enabled":"default","ast-page-background-meta":{"desktop":{"background-color":"var(--ast-global-color-4)","background-image":"","background-repeat":"repeat","background-position":"center center","background-size":"auto","background-attachment":"scroll","background-type":"","background-media":"","overlay-type":"","overlay-color":"","overlay-opacity":"","overlay-gradient":""},"tablet":{"background-color":"","background-image":"","background-repeat":"repeat","background-position":"center center","background-size":"auto","background-attachment":"scroll","background-type":"","background-media":"","overlay-type":"","overlay-color":"","overlay-opacity":"","overlay-gradient":""},"mobile":{"background-color":"","background-image":"","background-repeat":"repeat","background-position":"center center","background-size":"auto","background-attachment":"scroll","background-type":"","background-media":"","overlay-type":"","overlay-color":"","overlay-opacity":"","overlay-gradient":""}},"ast-content-background-meta":{"desktop":{"background-color":"var(--ast-global-color-5)","background-image":"","background-repeat":"repeat","background-position":"center center","background-size":"auto","background-attachment":"scroll","background-type":"","background-media":"","overlay-type":"","overlay-color":"","overlay-opacity":"","overlay-gradient":""},"tablet":{"background-color":"var(--ast-global-color-5)","background-image":"","background-repeat":"repeat","background-position":"center center","background-size":"auto","background-attachment":"scroll","background-type":"","background-media":"","overlay-type":"","overlay-color":"","overlay-opacity":"","overlay-gradient":""},"mobile":{"background-color":"var(--ast-global-color-5)","background-image":"","background-repeat":"repeat","background-position":"center center","background-size":"auto","background-attachment":"scroll","background-type":"","background-media":"","overlay-type":"","overlay-color":"","overlay-opacity":"","overlay-gradient":""}},"footnotes":""},"categories":[8],"tags":[],"class_list":["post-941","post","type-post","status-publish","format-standard","has-post-thumbnail","hentry","category-noticias"],"_links":{"self":[{"href":"https:\/\/losperiodistas.com.mx\/portal\/wp-json\/wp\/v2\/posts\/941","targetHints":{"allow":["GET"]}}],"collection":[{"href":"https:\/\/losperiodistas.com.mx\/portal\/wp-json\/wp\/v2\/posts"}],"about":[{"href":"https:\/\/losperiodistas.com.mx\/portal\/wp-json\/wp\/v2\/types\/post"}],"author":[{"embeddable":true,"href":"https:\/\/losperiodistas.com.mx\/portal\/wp-json\/wp\/v2\/users\/1"}],"replies":[{"embeddable":true,"href":"https:\/\/losperiodistas.com.mx\/portal\/wp-json\/wp\/v2\/comments?post=941"}],"version-history":[{"count":1,"href":"https:\/\/losperiodistas.com.mx\/portal\/wp-json\/wp\/v2\/posts\/941\/revisions"}],"predecessor-version":[{"id":943,"href":"https:\/\/losperiodistas.com.mx\/portal\/wp-json\/wp\/v2\/posts\/941\/revisions\/943"}],"wp:featuredmedia":[{"embeddable":true,"href":"https:\/\/losperiodistas.com.mx\/portal\/wp-json\/wp\/v2\/media\/942"}],"wp:attachment":[{"href":"https:\/\/losperiodistas.com.mx\/portal\/wp-json\/wp\/v2\/media?parent=941"}],"wp:term":[{"taxonomy":"category","embeddable":true,"href":"https:\/\/losperiodistas.com.mx\/portal\/wp-json\/wp\/v2\/categories?post=941"},{"taxonomy":"post_tag","embeddable":true,"href":"https:\/\/losperiodistas.com.mx\/portal\/wp-json\/wp\/v2\/tags?post=941"}],"curies":[{"name":"wp","href":"https:\/\/api.w.org\/{rel}","templated":true}]}}