{"id":94005,"date":"2025-02-06T05:34:28","date_gmt":"2025-02-06T11:34:28","guid":{"rendered":"https:\/\/losperiodistas.com.mx\/portal\/?p=94005"},"modified":"2025-02-06T08:52:36","modified_gmt":"2025-02-06T14:52:36","slug":"los-bolsos-con-nombre-propio-mas-deseados-birkin-kelly-diana-o-jackie-efe","status":"publish","type":"post","link":"https:\/\/losperiodistas.com.mx\/portal\/los-bolsos-con-nombre-propio-mas-deseados-birkin-kelly-diana-o-jackie-efe\/","title":{"rendered":"Los bolsos con nombre propio m\u00e1s deseados: Birkin, Kelly, Diana o Jackie | EFE"},"content":{"rendered":"\n<figure class=\"wp-block-image size-full\"><img fetchpriority=\"high\" decoding=\"async\" width=\"900\" height=\"856\" src=\"https:\/\/losperiodistas.com.mx\/portal\/wp-content\/uploads\/2025\/02\/bolsos-hermes.webp\" alt=\"\" class=\"wp-image-94006\" srcset=\"https:\/\/losperiodistas.com.mx\/portal\/wp-content\/uploads\/2025\/02\/bolsos-hermes.webp 900w, https:\/\/losperiodistas.com.mx\/portal\/wp-content\/uploads\/2025\/02\/bolsos-hermes-300x285.webp 300w, https:\/\/losperiodistas.com.mx\/portal\/wp-content\/uploads\/2025\/02\/bolsos-hermes-768x730.webp 768w\" sizes=\"(max-width: 900px) 100vw, 900px\" \/><figcaption class=\"wp-element-caption\">Grace y Rainiero de M\u00f3naco, en una imagen de archivo. EFE\/yv<\/figcaption><\/figure>\n\n\n\n<p class=\"has-vivid-red-color has-text-color has-link-color has-medium-font-size wp-elements-319fcc2893e0e228cd523e37f1fec6b1\"><strong>Carmen Mart\u00edn \/ Agencia EFE<\/strong><\/p>\n\n\n\n<p>Madrid (EFE).- \u00abNunca voy a ning\u00fan sitio importante sin mi bolso negro Herm\u00e8s favorito\u00bb, dec\u00eda Grace Kelly, quien dio nombre al \u2018Kelly\u2019, uno de los bolsos m\u00e1s deseados pero que no es el \u00fanico:&nbsp;<a href=\"https:\/\/efe.com\/cultura\/2023-07-16\/jane-birkin-muerte\/\" target=\"_blank\" rel=\"noreferrer noopener\">Jane Birkin<\/a>&nbsp;y Jackie Kennedy tambi\u00e9n tienen uno con nombre propio.<\/p>\n\n\n\n<p>Y, por supuesto, el Lady Dior, bautizado (o m\u00e1s bien rebautizado) con el nombre de Diana, en honor a la princesa Diana de Gales.<\/p>\n\n\n\n<h2 class=\"wp-block-heading\" id=\"h-el-origen-del-bolo-de-diana-de-gales\">El origen del bolso de Diana de Gales<\/h2>\n\n\n\n<p>Una historia que comenz\u00f3 en septiembre de 1995, durante la inauguraci\u00f3n de la retrospectiva de Paul C\u00e9zanne en el Grand Palais de Par\u00eds, cuando la primera dama de Francia, Bernadette Chirac, regal\u00f3 a la princesa de Gales un nuevo bolso Dior, entonces llamado Chouchou, un modelo que a\u00fan no hab\u00eda salido al mercado.<\/p>\n\n\n\n<figure class=\"wp-block-image\"><img decoding=\"async\" src=\"https:\/\/i0.wp.com\/efe.com\/wp-content\/uploads\/2025\/02\/bolsos.jpg?resize=900%2C618&amp;ssl=1\" alt=\" Jane Birkin \" class=\"wp-image-1647947\"\/><figcaption class=\"wp-element-caption\">Jane Birkin. EFE\/EPA\/Sebastien Nogier<\/figcaption><\/figure>\n\n\n\n<p>Pocos meses despu\u00e9s, la princesa fue fotografiada con ese mismo bolso al bajar de un avi\u00f3n en Buenos Aires. No fue la \u00fanica vez. A Diana de Gales le gustaba tanto que en 1996 asisti\u00f3 a la Gala Met con una versi\u00f3n m\u00e1s peque\u00f1a, el mini \u2018Lady Dior\u2019, creado especialmente para ella.<\/p>\n\n\n\n<p>No es el \u00fanico modelo con nombre de princesa. En la d\u00e9cada de los a\u00f1os 30, Robert Dum\u00e1s, al frente de la casa Herm\u00e8s, cre\u00f3 un bolso que bautiz\u00f3 con el nombre Le Sac \u00e0 D\u00e9p\u00eaches. Se trataba de un&nbsp;<a href=\"https:\/\/efe.com\/noticias\/moda\/\" target=\"_blank\" rel=\"noreferrer noopener\">dise\u00f1o<\/a>&nbsp;femenino, con una sola asa, que la casa rebautizaba como \u2018Kelly\u2019 despu\u00e9s de que en 1956 lo luciera Grace Kelly, seg\u00fan publica la ilustradora Megan Hess en el libro \u2018Bolsos\u2019 (Lunwerg).<\/p>\n\n\n\n<h2 class=\"wp-block-heading\" id=\"h-el-bolso-birkin\">El bolso \u2018Birkin\u2019<\/h2>\n\n\n\n<p>El bolso \u2018Birkin\u2019 es el resultado de un encuentro fortuito en un vuelo Par\u00eds-Londres entre el director ejecutivo de Herm\u00e8s, Jean-Louis Dumas (hijo de Robert Dumas), y la actriz Jane Birkin, tras el que el dise\u00f1ador cre\u00f3 el bolso ideal para la artista.<\/p>\n\n\n\n<figure class=\"wp-block-image\"><img decoding=\"async\" src=\"https:\/\/i0.wp.com\/efe.com\/wp-content\/uploads\/2025\/02\/bolsosbirkin.jpg?resize=900%2C675&amp;ssl=1\" alt=\"Bolsos de Herm\u00e9s\" class=\"wp-image-1648334\"\/><figcaption class=\"wp-element-caption\">Bolsos de Herm\u00e8s. EFE\/Celia Sierra<\/figcaption><\/figure>\n\n\n\n<p>La historia se remonta a 1981: \u00abEstaba en un avi\u00f3n cuando se rompi\u00f3 una bolsa de pl\u00e1stico que conten\u00eda todas mis cosas y todo se cay\u00f3: mi agenda, papeles, todo\u00bb, revelaba la cantante en 2010 a The New York Times Style Magazine.<\/p>\n\n\n\n<p>As\u00ed naci\u00f3 este modelo, probablemente el m\u00e1s deseado de todos los tiempos -es un habitual de Melania Trump o Georgina Rodr\u00edguez- y que se puede adquirir a partir de unos 20.000 euros.<\/p>\n\n\n\n<p>\u00abEl modo en el que una mujer utiliza su bolso dice mucho sobre ella\u00bb, cuenta Hess en el libro, en el que recuerda que Jane Birkin nunca combinaba varios de sus bolsos hom\u00f3nimos durante una misma temporada, sino que llevaba uno a todas partes hasta que estaba realmente gastado.<\/p>\n\n\n\n<h2 class=\"wp-block-heading\" id=\"h-el-bolso-jackie\">El bolso \u2018Jackie\u2019<\/h2>\n\n\n\n<p>Cuando Gucci lanz\u00f3 en 1961 el bolso \u2018Jackie\u2019, lo bautiz\u00f3 con el nombre G1244. Su nombre cambi\u00f3 cuando la primera dama de Estados Unidos descubri\u00f3 el modelo y lo luci\u00f3 en repetidas ocasiones en la d\u00e9cada de los 70 con su caracter\u00edsticas gafas de pasta tama\u00f1o XXL.<\/p>\n\n\n\n<p>En la d\u00e9cada de 1990, la princesa de Gales sol\u00eda lucir el bolso de Gucci con asas de bamb\u00fa. Lo usaba con trajes de chaqueta y tambi\u00e9n con mallas de ciclista y sudadera. En 2021, la casa italiana lo rebautiz\u00f3 en su honor y desde entonces es el modelo \u2018Diana\u2019.<\/p>\n\n\n\n<p>Fuente: <a href=\"https:\/\/efe.com\/cultura\/2025-02-05\/bolsos-nombre-propio-mas-deseados-birkin-kelly-diana-jackie\/\">https:\/\/efe.com\/cultura\/2025-02-05\/bolsos-nombre-propio-mas-deseados-birkin-kelly-diana-jackie\/<\/a><\/p>\n","protected":false},"excerpt":{"rendered":"<p>Carmen Mart\u00edn \/ Agencia EFE Madrid (EFE).- \u00abNunca voy a ning\u00fan sitio importante sin mi bolso negro Herm\u00e8s favorito\u00bb, dec\u00eda [&hellip;]<\/p>\n","protected":false},"author":1,"featured_media":94006,"comment_status":"open","ping_status":"open","sticky":false,"template":"","format":"standard","meta":{"site-sidebar-layout":"default","site-content-layout":"","ast-site-content-layout":"default","site-content-style":"default","site-sidebar-style":"default","ast-global-header-display":"","ast-banner-title-visibility":"","ast-main-header-display":"","ast-hfb-above-header-display":"","ast-hfb-below-header-display":"","ast-hfb-mobile-header-display":"","site-post-title":"","ast-breadcrumbs-content":"","ast-featured-img":"","footer-sml-layout":"","theme-transparent-header-meta":"","adv-header-id-meta":"","stick-header-meta":"","header-above-stick-meta":"","header-main-stick-meta":"","header-below-stick-meta":"","astra-migrate-meta-layouts":"default","ast-page-background-enabled":"default","ast-page-background-meta":{"desktop":{"background-color":"var(--ast-global-color-4)","background-image":"","background-repeat":"repeat","background-position":"center center","background-size":"auto","background-attachment":"scroll","background-type":"","background-media":"","overlay-type":"","overlay-color":"","overlay-opacity":"","overlay-gradient":""},"tablet":{"background-color":"","background-image":"","background-repeat":"repeat","background-position":"center center","background-size":"auto","background-attachment":"scroll","background-type":"","background-media":"","overlay-type":"","overlay-color":"","overlay-opacity":"","overlay-gradient":""},"mobile":{"background-color":"","background-image":"","background-repeat":"repeat","background-position":"center center","background-size":"auto","background-attachment":"scroll","background-type":"","background-media":"","overlay-type":"","overlay-color":"","overlay-opacity":"","overlay-gradient":""}},"ast-content-background-meta":{"desktop":{"background-color":"var(--ast-global-color-5)","background-image":"","background-repeat":"repeat","background-position":"center center","background-size":"auto","background-attachment":"scroll","background-type":"","background-media":"","overlay-type":"","overlay-color":"","overlay-opacity":"","overlay-gradient":""},"tablet":{"background-color":"var(--ast-global-color-5)","background-image":"","background-repeat":"repeat","background-position":"center center","background-size":"auto","background-attachment":"scroll","background-type":"","background-media":"","overlay-type":"","overlay-color":"","overlay-opacity":"","overlay-gradient":""},"mobile":{"background-color":"var(--ast-global-color-5)","background-image":"","background-repeat":"repeat","background-position":"center center","background-size":"auto","background-attachment":"scroll","background-type":"","background-media":"","overlay-type":"","overlay-color":"","overlay-opacity":"","overlay-gradient":""}},"footnotes":""},"categories":[8],"tags":[35583,35585,35586,35584,35582],"class_list":["post-94005","post","type-post","status-publish","format-standard","has-post-thumbnail","hentry","category-noticias","tag-bolso-birkin","tag-bolso-diana","tag-bolso-kackie","tag-bolso-kelly","tag-bolsos-famosos"],"_links":{"self":[{"href":"https:\/\/losperiodistas.com.mx\/portal\/wp-json\/wp\/v2\/posts\/94005","targetHints":{"allow":["GET"]}}],"collection":[{"href":"https:\/\/losperiodistas.com.mx\/portal\/wp-json\/wp\/v2\/posts"}],"about":[{"href":"https:\/\/losperiodistas.com.mx\/portal\/wp-json\/wp\/v2\/types\/post"}],"author":[{"embeddable":true,"href":"https:\/\/losperiodistas.com.mx\/portal\/wp-json\/wp\/v2\/users\/1"}],"replies":[{"embeddable":true,"href":"https:\/\/losperiodistas.com.mx\/portal\/wp-json\/wp\/v2\/comments?post=94005"}],"version-history":[{"count":1,"href":"https:\/\/losperiodistas.com.mx\/portal\/wp-json\/wp\/v2\/posts\/94005\/revisions"}],"predecessor-version":[{"id":94007,"href":"https:\/\/losperiodistas.com.mx\/portal\/wp-json\/wp\/v2\/posts\/94005\/revisions\/94007"}],"wp:featuredmedia":[{"embeddable":true,"href":"https:\/\/losperiodistas.com.mx\/portal\/wp-json\/wp\/v2\/media\/94006"}],"wp:attachment":[{"href":"https:\/\/losperiodistas.com.mx\/portal\/wp-json\/wp\/v2\/media?parent=94005"}],"wp:term":[{"taxonomy":"category","embeddable":true,"href":"https:\/\/losperiodistas.com.mx\/portal\/wp-json\/wp\/v2\/categories?post=94005"},{"taxonomy":"post_tag","embeddable":true,"href":"https:\/\/losperiodistas.com.mx\/portal\/wp-json\/wp\/v2\/tags?post=94005"}],"curies":[{"name":"wp","href":"https:\/\/api.w.org\/{rel}","templated":true}]}}