{"id":93993,"date":"2025-02-06T06:46:22","date_gmt":"2025-02-06T12:46:22","guid":{"rendered":"https:\/\/losperiodistas.com.mx\/portal\/?p=93993"},"modified":"2025-02-06T06:48:10","modified_gmt":"2025-02-06T12:48:10","slug":"para-mejorar-seguridad-hace-falta-mas-que-nuevas-patrullas-facundo-rosas-e-consulta","status":"publish","type":"post","link":"https:\/\/losperiodistas.com.mx\/portal\/para-mejorar-seguridad-hace-falta-mas-que-nuevas-patrullas-facundo-rosas-e-consulta\/","title":{"rendered":"Para mejorar seguridad hace falta m\u00e1s que nuevas patrullas: Facundo Rosas | e-consulta"},"content":{"rendered":"\n<p class=\"has-medium-font-size\">El exfuncionario dijo que los mandos deben tener humildad para reconocer sus deficiencias<\/p>\n\n\n\n<figure class=\"wp-block-image size-full is-resized\"><img fetchpriority=\"high\" decoding=\"async\" width=\"640\" height=\"426\" src=\"https:\/\/losperiodistas.com.mx\/portal\/wp-content\/uploads\/2025\/02\/para_mejorar_seguridad_hace_falta_mas_que_nuevas_patrullas_facundo_rosas.webp\" alt=\"\" class=\"wp-image-93994\" style=\"width:750px;height:auto\" srcset=\"https:\/\/losperiodistas.com.mx\/portal\/wp-content\/uploads\/2025\/02\/para_mejorar_seguridad_hace_falta_mas_que_nuevas_patrullas_facundo_rosas.webp 640w, https:\/\/losperiodistas.com.mx\/portal\/wp-content\/uploads\/2025\/02\/para_mejorar_seguridad_hace_falta_mas_que_nuevas_patrullas_facundo_rosas-300x200.webp 300w\" sizes=\"(max-width: 640px) 100vw, 640px\" \/><figcaption class=\"wp-element-caption\">Foto: e-consulta<br><a href=\"https:\/\/www.facebook.com\/sharer\/sharer.php?u=https:\/\/www.e-consulta.com\/nota\/2025-02-05\/seguridad\/para-mejorar-seguridad-hace-falta-mas-que-nuevas-patrullas-facundo-rosas\" target=\"_blank\" rel=\"noreferrer noopener\"><\/a><a href=\"https:\/\/twitter.com\/intent\/tweet?text=Para%20mejorar%20seguridad%20hace%20falta%20m%C3%A1s%20que%20nuevas%20patrullas%3A%20Facundo%20Rosas&amp;url=https:\/\/www.e-consulta.com\/nota\/2025-02-05\/seguridad\/para-mejorar-seguridad-hace-falta-mas-que-nuevas-patrullas-facundo-rosas&amp;via=e_consulta\" target=\"_blank\" rel=\"noreferrer noopener\"><\/a><a href=\"whatsapp:\/\/send?text=Para%20mejorar%20seguridad%20hace%20falta%20m%C3%A1s%20que%20nuevas%20patrullas%3A%20Facundo%20Rosas%20-%20[Leer]%20https:\/\/www.e-consulta.com\/nota\/2025-02-05\/seguridad\/para-mejorar-seguridad-hace-falta-mas-que-nuevas-patrullas-facundo-rosas\"><\/a><a href=\"\/\/www.e-consulta.com\/nota\/2025-02-05\/seguridad\/para-mejorar-seguridad-hace-falta-mas-que-nuevas-patrullas-facundo-rosas\" target=\"_blank\" rel=\"noreferrer noopener\"><\/a><\/figcaption><\/figure>\n\n\n\n<p class=\"has-vivid-red-color has-text-color has-link-color has-medium-font-size wp-elements-ee0683a0ff580f5cf9bc8f28e89715d3\"><strong>CARLOS MORENO \/ e-consulta<\/strong><\/p>\n\n\n\n<p>El extitular de la&nbsp;<strong>Secretar\u00eda de Seguridad P\u00fablica<\/strong>, Facundo Rosas Rosas, asever\u00f3 que para mejorar la seguridad en&nbsp;<strong>Puebla<\/strong>&nbsp;se requiere de algo&nbsp;<strong>m\u00e1s que nuevas patrullas<\/strong>&nbsp;equipadas, pues los&nbsp;<a href=\"https:\/\/www.e-consulta.com\/nota\/2025-01-27\/ciudad\/jose-chedraui-entrega-200-nuevas-patrullas-la-ssc\">polic\u00edas deben ser capacitados<\/a>&nbsp;en el&nbsp;<strong>tri\u00e1ngulo de protecci\u00f3n civil<\/strong>, involucrarse de manera activa con la sociedad para ganar su confianza y contar con mejores salarios.<\/p>\n\n\n\n<p>En entrevista para el&nbsp;<a href=\"https:\/\/www.youtube.com\/watch?v=syBeDZqjH58\" target=\"_blank\" rel=\"noreferrer noopener\">programa Cuchara Cuchillo Tenedor<\/a>, Facundo Rosas, exsubsecretario de Estrategia e Inteligencia Policial de&nbsp;<strong>Seguridad P\u00fablica federal<\/strong>, explic\u00f3 que en Puebla se deben&nbsp;<strong>mejorar las aristas<\/strong>&nbsp;que conforman al tri\u00e1ngulo de protecci\u00f3n civil que corresponde a identificar los mercados il\u00edcitos, la&nbsp;<strong>log\u00edstica del delito<\/strong>&nbsp;e identificar las&nbsp;<strong>debilidades de la polic\u00eda<\/strong>&nbsp;para mejorarlas.<\/p>\n\n\n\n<p>Otro de los temas que abord\u00f3 Facundo Rosas fue las mesas de seguridad, ya que \u00fanicamente son \u00fatiles&nbsp;<strong>si en ellas se toman decisiones<\/strong>, se dise\u00f1an estrategias y se integra a gente de la&nbsp;<strong>sociedad civil<\/strong>&nbsp;que pueda aportar algo.<\/p>\n\n\n\n<figure class=\"wp-block-embed is-type-video is-provider-youtube wp-block-embed-youtube wp-embed-aspect-16-9 wp-has-aspect-ratio\"><div class=\"wp-block-embed__wrapper\">\n<iframe title=\"&quot;Patrullas y equipo sofisticado no es suficiente para mejorar la seguridad en Puebla&quot;: Facundo Rosas\" width=\"500\" height=\"281\" src=\"https:\/\/www.youtube.com\/embed\/8C0TZP-cqjo?feature=oembed\" frameborder=\"0\" allow=\"accelerometer; autoplay; clipboard-write; encrypted-media; gyroscope; picture-in-picture; web-share\" referrerpolicy=\"strict-origin-when-cross-origin\" allowfullscreen><\/iframe>\n<\/div><\/figure>\n\n\n\n<p><\/p>\n\n\n\n<p>\u201cSi es para tomar decisiones,&nbsp;<strong>las mesas de seguridad funcionan<\/strong>, pero si son para&nbsp;<strong>contar los eventos que sucedieron<\/strong>&nbsp;y para tomarse un caf\u00e9, no funcionan\u201d, afirm\u00f3 el extitular de Secretar\u00eda de Seguridad P\u00fablica en el gobierno de&nbsp;<strong>Rafael Moreno Valle<\/strong>.<\/p>\n\n\n\n<p>Respecto al actuar del vicealmirante&nbsp;<a href=\"https:\/\/www.e-consulta.com\/nota\/2025-01-29\/seguridad\/en-puebla-cartel-de-sinaloa-familia-michoacana-y-bandas-locales-ssp\" target=\"_blank\" rel=\"noreferrer noopener\">Francisco S\u00e1nchez Gonz\u00e1lez<\/a>, titular de&nbsp;<strong>Seguridad P\u00fablica en Puebla<\/strong>, argument\u00f3 que no deber\u00eda hacer&nbsp;<strong>presencia en todos los eventos p\u00fablicos<\/strong>, ya que primero debe supervisar las labores estrat\u00e9gicas y delegar tareas a su equipo hasta que est\u00e9 bien capacitado.<\/p>\n\n\n\n<h2 class=\"wp-block-heading\"><strong>\u00bfC\u00f3mo debe mejorar la polic\u00eda<\/strong><strong>Puebla?<\/strong><\/h2>\n\n\n\n<p>Un&nbsp;<a href=\"https:\/\/www.e-consulta.com\/nota\/2025-01-27\/gobierno\/asi-seran-las-nuevas-100-patrullas-de-la-policia-estatal-de-puebla\" target=\"_blank\" rel=\"noreferrer noopener\">polic\u00eda<\/a>&nbsp;mal preparado,&nbsp;<strong>mal pagado<\/strong>&nbsp;y mal conducido&nbsp;<strong>es presa f\u00e1cil<\/strong>&nbsp;para que cualquiera se le acerque, le&nbsp;<strong>ofrezca algo a cambio<\/strong>, sucumba a la delincuencia o en otro caso que no sea capaz de actuar ante los problemas que se le presenten, explic\u00f3 el exdirector general de la&nbsp;<strong>Agencia Federal de Investigaci\u00f3n<\/strong>.<\/p>\n\n\n\n<p>Los encargados de la seguridad p\u00fablica en Puebla&nbsp;<strong>tienen capacidades<\/strong>&nbsp;para mejorar los tres aspectos del&nbsp;<strong>tri\u00e1ngulo de protecci\u00f3n civil<\/strong>, pero&nbsp;<strong>no lo tienen presente<\/strong>, pues&nbsp;<strong>les falta humildad<\/strong>&nbsp;para reconocer sus deficiencias a los mandos policiacos, mencion\u00f3 el tambi\u00e9n exdirector general de la polic\u00eda judicial federal.<\/p>\n\n\n\n<p>Otros de los problemas con los que cuenta la polic\u00eda es que&nbsp;<strong>no tienen la formaci\u00f3n y la vocaci\u00f3n<\/strong>&nbsp;para&nbsp;<strong>ayudar a la sociedad<\/strong>, ya que si una persona se les acerca para pedirles apoyo lo primero que har\u00e1n es ignorarte y no resolver la petici\u00f3n, critic\u00f3 Rosas Rosas.<\/p>\n\n\n\n<figure class=\"wp-block-embed is-type-video is-provider-youtube wp-block-embed-youtube wp-embed-aspect-16-9 wp-has-aspect-ratio\"><div class=\"wp-block-embed__wrapper\">\n<iframe title=\"&quot;Atender a las causas&quot; no es suficiente para combatir al crimen: Facundo Rosas\" width=\"500\" height=\"281\" src=\"https:\/\/www.youtube.com\/embed\/8eSvb5Yy9dk?feature=oembed\" frameborder=\"0\" allow=\"accelerometer; autoplay; clipboard-write; encrypted-media; gyroscope; picture-in-picture; web-share\" referrerpolicy=\"strict-origin-when-cross-origin\" allowfullscreen><\/iframe>\n<\/div><\/figure>\n\n\n\n<p><\/p>\n\n\n\n<p>Para&nbsp;<strong>Facundo Rosas<\/strong>, un&nbsp;<a href=\"https:\/\/www.e-consulta.com\/nota\/2025-01-20\/seguridad\/armenta-defiende-estrategia-de-seguridad-somos-mejores-que-los-panistas\" target=\"_blank\" rel=\"noreferrer noopener\">polic\u00eda se diferencia<\/a>&nbsp;de otros elementos de seguridad porque s\u00ed est\u00e1&nbsp;<strong>inmerso en el tejido social<\/strong>, a diferencia del ej\u00e9rcito o la marina que su principal funci\u00f3n es&nbsp;<strong>salvaguardar a la naci\u00f3n<\/strong>.<\/p>\n\n\n\n<p>\u201cPara las tareas de seguridad los mejores elementos son los polic\u00edas\u201d, opin\u00f3 el exsecretario de Seguridad P\u00fablica en Puebla tras preguntarle su opini\u00f3n sobre&nbsp;<strong>si los marinos o los soldados<\/strong>&nbsp;pueden hacer mejores tareas de seguridad.<\/p>\n\n\n\n<h2 class=\"wp-block-heading\"><strong>Detener el tr\u00e1fico de drogas y migrantes ser\u00e1 inviable<\/strong><\/h2>\n\n\n\n<p>El exsubsecretario de Estrategia e Inteligencia Policial de Seguridad P\u00fablica federal asever\u00f3 que&nbsp;<strong>no es viable<\/strong>&nbsp;colocar a 10 mil elementos de la&nbsp;<strong>Guardia Nacional<\/strong>&nbsp;en la frontera con Estados Unidos para mitigar el tr\u00e1fico de drogas y el flujo de migrantes.<\/p>\n\n\n\n<p>Facundo Rosas critic\u00f3 dicha estrategia de seguridad de la presidenta&nbsp;<strong>Claudia Sheinbaum Pardo<\/strong>, ya que asegur\u00f3 que si en el \u00faltimo a\u00f1o de Andr\u00e9s Manuel L\u00f3pez Obrador&nbsp;<strong>40 mil elementos<\/strong>&nbsp;de la&nbsp;<strong>Guardia Nacional<\/strong>&nbsp;no lograron controlar el flujo de drogas y migrantes,&nbsp;<strong>mucho menos<\/strong>&nbsp;lo har\u00e1n 10 mil.<\/p>\n\n\n\n<figure class=\"wp-block-image\"><img decoding=\"async\" src=\"https:\/\/www.e-consulta.com\/_next\/image?url=https%3A%2F%2Ffotos.e-consulta.com%2Fsite_uploads%2F2025%2Fenero%2Fwhatsapp_image_2025-02-05_at_7.49.12_pm.jpeg&amp;w=3840&amp;q=75\" alt=\"Para mejorar seguridad hace falta m\u00e1s que nuevas patrullas: Facundo Rosas\"\/><\/figure>\n\n\n\n<p>El entrevistado indic\u00f3 que va a ser complicado&nbsp;<strong>que se vigilen las zonas<\/strong>&nbsp;con los 10 mil soldados para hacerle frente a los traficantes por las zonas del&nbsp;<strong>desierto de Sonora<\/strong>&nbsp;o en la&nbsp;<strong>Sierra de Chihuahua<\/strong>.<\/p>\n\n\n\n<p>Otro motivo que expuso es que no ser\u00eda viable colocar a los&nbsp;<strong>soldados de la&nbsp;<\/strong><a href=\"https:\/\/www.e-consulta.com\/nota\/2025-02-05\/seguridad\/salen-de-puebla-540-elementos-de-la-gn-para-ir-la-frontera-norte\" target=\"_blank\" rel=\"noreferrer noopener\">Guardia Nacional<\/a>&nbsp;en turnos de 24 horas, ya que&nbsp;<strong>deben ser divididos en tres turnos<\/strong>&nbsp;y considerar la infraestructura de cada regi\u00f3n donde estar\u00e1n para que puedan recuperar fuerzas.<\/p>\n\n\n\n<p>El entrevistado indic\u00f3 que la respuesta del&nbsp;<strong>Gobierno de M\u00e9xico<\/strong>&nbsp;para frenar el tr\u00e1fico de drogas y migrantes fue una&nbsp;<strong>soluci\u00f3n apresurada<\/strong>&nbsp;y temporal para ponerle freno a&nbsp;<strong>las amenazas del presidente<\/strong>&nbsp;estadounidense Donald Trump, quien busca aumentar el valor de los aranceles en un 25 por ciento.<\/p>\n\n\n\n<figure class=\"wp-block-embed is-type-video is-provider-youtube wp-block-embed-youtube wp-embed-aspect-16-9 wp-has-aspect-ratio\"><div class=\"wp-block-embed__wrapper\">\n<iframe title=\"Trump no hablaba de Garc\u00eda Luna al acusar al gobierno mexicano de colusi\u00f3n con narcos: Facundo Rosas\" width=\"500\" height=\"281\" src=\"https:\/\/www.youtube.com\/embed\/3FYfUNKl8fE?feature=oembed\" frameborder=\"0\" allow=\"accelerometer; autoplay; clipboard-write; encrypted-media; gyroscope; picture-in-picture; web-share\" referrerpolicy=\"strict-origin-when-cross-origin\" allowfullscreen><\/iframe>\n<\/div><\/figure>\n\n\n\n<p>Tambi\u00e9n&nbsp;<strong>Facundo Rosas<\/strong>&nbsp;consider\u00f3 que&nbsp;<strong>Sheinbaum Pardo<\/strong>&nbsp;deber\u00eda contar con una persona que tenga la capacidad para entablar negociaciones con Donald Trump, ya que est\u00e1 sola para frenar las futuras acciones del&nbsp;<strong>mandatario estadounidense<\/strong>.<\/p>\n\n\n\n<p>Respecto a si el Gobierno de M\u00e9xico tiene conocimiento de los c\u00e1rteles de drogas que existen en Estados Unidos, Rosas Rosas coment\u00f3 que&nbsp;<strong>no es sencillo<\/strong>&nbsp;obtener dicha informaci\u00f3n, ya que las instituciones estadounidenses tienen estrictos mecanismos de&nbsp;<strong>protecci\u00f3n de datos<\/strong>&nbsp;para no poner en riesgo las investigaciones ni a la ciudadan\u00eda.<\/p>\n\n\n\n<p>Mientras que en M\u00e9xico existen&nbsp;<strong>l\u00edderes del crimen organizado<\/strong>, del otro lado de la frontera las redes son m\u00e1s descentralizadas, funcionando con estructuras m\u00e1s planas compuestas por dealers y distribuidores independientes, concluy\u00f3 el exsecretario de&nbsp;<a href=\"https:\/\/www.e-consulta.com\/nota\/2025-02-05\/seguridad\/corren-director-de-la-policia-auxiliar-tras-denuncias-de-corrupcion\" target=\"_blank\" rel=\"noreferrer noopener\">Seguridad P\u00fablica de Puebla<\/a>. (CR)<\/p>\n\n\n\n<figure class=\"wp-block-image size-large\"><img decoding=\"async\" width=\"1024\" height=\"768\" src=\"https:\/\/losperiodistas.com.mx\/portal\/wp-content\/uploads\/2025\/02\/whatsapp_image_2025-02-05_at_7-1024x768.webp\" alt=\"\" class=\"wp-image-93995\" srcset=\"https:\/\/losperiodistas.com.mx\/portal\/wp-content\/uploads\/2025\/02\/whatsapp_image_2025-02-05_at_7-1024x768.webp 1024w, https:\/\/losperiodistas.com.mx\/portal\/wp-content\/uploads\/2025\/02\/whatsapp_image_2025-02-05_at_7-300x225.webp 300w, https:\/\/losperiodistas.com.mx\/portal\/wp-content\/uploads\/2025\/02\/whatsapp_image_2025-02-05_at_7-768x576.webp 768w, https:\/\/losperiodistas.com.mx\/portal\/wp-content\/uploads\/2025\/02\/whatsapp_image_2025-02-05_at_7.webp 1080w\" sizes=\"(max-width: 1024px) 100vw, 1024px\" \/><\/figure>\n\n\n\n<p><\/p>\n\n\n\n<p>Fuente: <a href=\"https:\/\/www.e-consulta.com\/nota\/2025-02-05\/seguridad\/para-mejorar-seguridad-hace-falta-mas-que-nuevas-patrullas-facundo-rosas\">https:\/\/www.e-consulta.com\/nota\/2025-02-05\/seguridad\/para-mejorar-seguridad-hace-falta-mas-que-nuevas-patrullas-facundo-rosas<\/a><\/p>\n","protected":false},"excerpt":{"rendered":"<p>El exfuncionario dijo que los mandos deben tener humildad para reconocer sus deficiencias CARLOS MORENO \/ e-consulta El extitular de [&hellip;]<\/p>\n","protected":false},"author":1,"featured_media":93995,"comment_status":"open","ping_status":"open","sticky":false,"template":"","format":"standard","meta":{"site-sidebar-layout":"default","site-content-layout":"","ast-site-content-layout":"default","site-content-style":"default","site-sidebar-style":"default","ast-global-header-display":"","ast-banner-title-visibility":"","ast-main-header-display":"","ast-hfb-above-header-display":"","ast-hfb-below-header-display":"","ast-hfb-mobile-header-display":"","site-post-title":"","ast-breadcrumbs-content":"","ast-featured-img":"","footer-sml-layout":"","theme-transparent-header-meta":"","adv-header-id-meta":"","stick-header-meta":"","header-above-stick-meta":"","header-main-stick-meta":"","header-below-stick-meta":"","astra-migrate-meta-layouts":"default","ast-page-background-enabled":"default","ast-page-background-meta":{"desktop":{"background-color":"var(--ast-global-color-4)","background-image":"","background-repeat":"repeat","background-position":"center center","background-size":"auto","background-attachment":"scroll","background-type":"","background-media":"","overlay-type":"","overlay-color":"","overlay-opacity":"","overlay-gradient":""},"tablet":{"background-color":"","background-image":"","background-repeat":"repeat","background-position":"center center","background-size":"auto","background-attachment":"scroll","background-type":"","background-media":"","overlay-type":"","overlay-color":"","overlay-opacity":"","overlay-gradient":""},"mobile":{"background-color":"","background-image":"","background-repeat":"repeat","background-position":"center center","background-size":"auto","background-attachment":"scroll","background-type":"","background-media":"","overlay-type":"","overlay-color":"","overlay-opacity":"","overlay-gradient":""}},"ast-content-background-meta":{"desktop":{"background-color":"var(--ast-global-color-5)","background-image":"","background-repeat":"repeat","background-position":"center center","background-size":"auto","background-attachment":"scroll","background-type":"","background-media":"","overlay-type":"","overlay-color":"","overlay-opacity":"","overlay-gradient":""},"tablet":{"background-color":"var(--ast-global-color-5)","background-image":"","background-repeat":"repeat","background-position":"center center","background-size":"auto","background-attachment":"scroll","background-type":"","background-media":"","overlay-type":"","overlay-color":"","overlay-opacity":"","overlay-gradient":""},"mobile":{"background-color":"var(--ast-global-color-5)","background-image":"","background-repeat":"repeat","background-position":"center center","background-size":"auto","background-attachment":"scroll","background-type":"","background-media":"","overlay-type":"","overlay-color":"","overlay-opacity":"","overlay-gradient":""}},"footnotes":""},"categories":[8],"tags":[35574,16007,7241,35575,3828,21955],"class_list":["post-93993","post","type-post","status-publish","format-standard","has-post-thumbnail","hentry","category-noticias","tag-carteles-sinaloa","tag-chapitos","tag-facundo-rosas","tag-mayitos","tag-migrantes","tag-seguridad-en-puebla"],"_links":{"self":[{"href":"https:\/\/losperiodistas.com.mx\/portal\/wp-json\/wp\/v2\/posts\/93993","targetHints":{"allow":["GET"]}}],"collection":[{"href":"https:\/\/losperiodistas.com.mx\/portal\/wp-json\/wp\/v2\/posts"}],"about":[{"href":"https:\/\/losperiodistas.com.mx\/portal\/wp-json\/wp\/v2\/types\/post"}],"author":[{"embeddable":true,"href":"https:\/\/losperiodistas.com.mx\/portal\/wp-json\/wp\/v2\/users\/1"}],"replies":[{"embeddable":true,"href":"https:\/\/losperiodistas.com.mx\/portal\/wp-json\/wp\/v2\/comments?post=93993"}],"version-history":[{"count":1,"href":"https:\/\/losperiodistas.com.mx\/portal\/wp-json\/wp\/v2\/posts\/93993\/revisions"}],"predecessor-version":[{"id":93996,"href":"https:\/\/losperiodistas.com.mx\/portal\/wp-json\/wp\/v2\/posts\/93993\/revisions\/93996"}],"wp:featuredmedia":[{"embeddable":true,"href":"https:\/\/losperiodistas.com.mx\/portal\/wp-json\/wp\/v2\/media\/93995"}],"wp:attachment":[{"href":"https:\/\/losperiodistas.com.mx\/portal\/wp-json\/wp\/v2\/media?parent=93993"}],"wp:term":[{"taxonomy":"category","embeddable":true,"href":"https:\/\/losperiodistas.com.mx\/portal\/wp-json\/wp\/v2\/categories?post=93993"},{"taxonomy":"post_tag","embeddable":true,"href":"https:\/\/losperiodistas.com.mx\/portal\/wp-json\/wp\/v2\/tags?post=93993"}],"curies":[{"name":"wp","href":"https:\/\/api.w.org\/{rel}","templated":true}]}}